{"id":649439,"date":"2026-01-08T13:21:19","date_gmt":"2026-01-08T13:21:19","guid":{"rendered":"https:\/\/www.europesays.com\/fr\/649439\/"},"modified":"2026-01-08T13:21:19","modified_gmt":"2026-01-08T13:21:19","slug":"sarah-knafo-avant-eric-zemmour-la-candidate-a-la-mairie-de-paris-a-ete-en-couple-avec-cet-autre-homme-politique-tres-celebre","status":"publish","type":"post","link":"https:\/\/www.europesays.com\/fr\/649439\/","title":{"rendered":"Sarah Knafo : avant Eric Zemmour, la candidate \u00e0 la mairie de Paris a \u00e9t\u00e9 en couple avec cet autre homme politique tr\u00e8s c\u00e9l\u00e8bre"},"content":{"rendered":"<p>Le visage de <strong>Sarah Knafo<\/strong> s\u00a0\u00bbaffiche comme celui<br \/>\nd&rsquo;une candidate \u00e0 la <strong>mairie de Paris<\/strong>, d\u00e9termin\u00e9e \u00e0<br \/>\nbousculer la course aux municipales 2026. Derri\u00e8re cette image<br \/>\npolitique, le grand public la conna\u00eet surtout comme <a href=\"https:\/\/www.mariefrance.fr\/actualite\/presidentielle-2022-eric-zemmour-chantait-louanges-de-jean-luc-melenchon-ami-605379.html\" target=\"_blank\" rel=\"noopener\"><br \/>\nla compagne d&rsquo;<strong>\u00c9ric Zemmour<\/strong><\/a>, figure de<br \/>\nReconqu\u00eate, et sait peu de chose de sa vie sentimentale avant<br \/>\nlui.<\/p>\n<p>Or, l&rsquo;un de ses compagnons n&rsquo;est autre qu&rsquo;un c\u00e9l\u00e8bre homme<br \/>\npolitique de droite. Une s\u00e9quence t\u00e9l\u00e9vis\u00e9e en 2025 a confirm\u00e9<br \/>\ncette \u00ab\u00a0amourette\u00a0\u00bb de jeunesse, qui refait surface au moment o\u00f9 elle<br \/>\nse lance dans la conqu\u00eate de Paris.<\/p>\n<p>Louis Sarkozy raconte son \u00ab\u00a0amourette\u00a0\u00bb avec Sarah Knafo<\/p>\n<p>Le 3 mai 2025, sur France 2 dans Quelle \u00e9poque !,<br \/>\n<a href=\"https:\/\/www.mariefrance.fr\/news-people\/nicolas-sarkozy-incarcere-son-fils-louis-partage-sa-grande-inquietude-sur-la-securite-de-son-pere-des-djihadistes-narcotrafiquants-violeurs-denfants-1216613.html\" target=\"_blank\" rel=\"noopener\"><br \/>\nLouis Sarkozy, fils de Nicolas Sarkozy<\/a>, participait au<br \/>\nPhotocall de L\u00e9a Salam\u00e9. Apr\u00e8s une question sur \u00c9ric Zemmour, la<br \/>\njournaliste l&rsquo;a interrog\u00e9 sur <strong>Sarah Knafo<\/strong>, lui<br \/>\ndemandant si les rumeurs d'\u00a0\u00bbune amourette\u00a0\u00bb entre eux \u00e9taient<br \/>\nfond\u00e9es. Sans esquiver, le fils de l&rsquo;ancien pr\u00e9sident a r\u00e9pondu :<br \/>\n\u00ab\u00a0C\u2019est vrai, c\u2019est vrai que nous avons partag\u00e9 une histoire\u00a0\u00bb,<br \/>\na-t-il lanc\u00e9, selon Gala.<\/p>\n<p>La confidence a d\u00e9clench\u00e9 les rires en plateau. L&rsquo;humoriste<br \/>\nMathieu Mad\u00e9nian s&rsquo;est exclam\u00e9 : \u00ab\u00a0J\u2019ai cru qu\u2019on avait partag\u00e9<br \/>\nZemmour.\u00a0\u00bb, provoquant la r\u00e9plique de Louis Sarkozy : \u00ab\u00a0Je ne pense<br \/>\npas avoir le bon \u00e2ge pour Monsieur Zemmour\u00a0\u00bb. Il a ajout\u00e9 qu&rsquo;il<br \/>\naimerait simplement demander \u00e0 son ancienne petite amie : \u00ab\u00a0Comment<br \/>\n\u00e7a va depuis le temps ?\u00a0\u00bb. L&rsquo;histoire restait, jusque-l\u00e0, \u00e0 peine<br \/>\n\u00e9voqu\u00e9e publiquement.<\/p>\n<p><img loading=\"lazy\" decoding=\"async\" aria-describedby=\"caption-attachment-1159219\" itemprop=\"thumbnailUrl\" class=\"size-full wp-image-1159219 img-responsive\" src=\"https:\/\/www.europesays.com\/fr\/wp-content\/uploads\/2025\/10\/4-9.jpg\" alt=\"Louis Sarkozy\u00a0\" width=\"1280\" height=\"720\"\/><br \/>\n\u00a9 France<br \/>\n2<\/p>\n<p id=\"caption-attachment-1159219\" class=\"wp-caption-text\">Louis<br \/>\nSarkozy a confirm\u00e9 avoir \u00e9t\u00e9 en couple avec Sarah Knafo<\/p>\n<p>Une idylle de jeunesse entre deux futurs acteurs de la<br \/>\ndroite<\/p>\n<p>La relation entre <strong>Sarah Knafo<\/strong> et <strong>Louis<br \/>\nSarkozy<\/strong> est pr\u00e9sent\u00e9e par la presse comme une idylle de<br \/>\njeunesse, br\u00e8ve, survenue \u00e0 l&rsquo;\u00e9poque o\u00f9 elle \u00e9tait \u00e9tudiante et<br \/>\nd\u00e9j\u00e0 engag\u00e9e \u00e0 droite. Les articles parlent d&rsquo;une amourette de<br \/>\nquelques mois, sans pr\u00e9cision sur leur rencontre ni sur la rupture,<br \/>\nles deux int\u00e9ress\u00e9s se gardant d&rsquo;en dire davantage.<\/p>\n<p>Aujourd&rsquo;hui, chacun a tourn\u00e9 la page. Louis Sarkozy vit avec son<br \/>\n\u00e9pouse Natali Husic, qu&rsquo;il a \u00e9pous\u00e9e apr\u00e8s plusieurs ann\u00e9es de<br \/>\nrelation. De son c\u00f4t\u00e9, <strong>Sarah Knafo<\/strong> partage la vie<br \/>\nd&rsquo;<strong>\u00c9ric Zemmour<\/strong> et s&rsquo;est impos\u00e9e comme eurod\u00e9put\u00e9e<br \/>\nReconqu\u00eate. Elle a aussi men\u00e9 des actions en justice pour d\u00e9fendre<br \/>\nsa vie priv\u00e9e, ce qui explique qu&rsquo;elle ne commente pas cet<br \/>\n\u00e9pisode.<\/p>\n<p><img loading=\"lazy\" decoding=\"async\" aria-describedby=\"caption-attachment-1038646\" class=\"wp-image-1038646 img-responsive size-full\" src=\"https:\/\/www.europesays.com\/fr\/wp-content\/uploads\/2026\/01\/1-6.png\" alt=\"\u00c9ric Zemmour\" width=\"1280\" height=\"720\"\/> \u00a9<br \/>\nShutterstock<\/p>\n<p id=\"caption-attachment-1038646\" class=\"wp-caption-text\">\nAujourd&rsquo;hui, Sarah Knafo partage la vie d&rsquo;Eric Zemmour<\/p>\n<p>Sarah Knafo candidate \u00e0 la mairie de<br \/>\nParis en 2026<\/p>\n<p>Le 7 janvier 2026, <strong>Sarah Knafo<\/strong> a officialis\u00e9 sa<br \/>\ncandidature \u00e0 la <strong>mairie de Paris<\/strong> au 20 heures de<br \/>\nTF1. \u00ab\u00a0Mon objectif c\u2019est de servir les Parisiens. Personne dans<br \/>\ncette \u00e9lection n\u2019aura le m\u00eame programme que moi.\u00a0\u00bb, a-t-elle<br \/>\nd\u00e9clar\u00e9, pr\u00e9cisant, \u00e0 propos de la pr\u00e9sidentielle 2027, qu&rsquo;elle<br \/>\n\u00ab\u00a0esp\u00e8re\u00a0\u00bb que le parti de son compagnon \u00c9ric Zemmour \u00ab\u00a0aura un autre<br \/>\ncandidat\u00a0\u00bb, selon 20 Minutes.<\/p>\n<p>La candidate annonce un projet de rupture avec la gestion<br \/>\nactuelle de la capitale, fond\u00e9 sur un plan d&rsquo;\u00e9conomies de pr\u00e8s de<br \/>\n10 milliards d&rsquo;euros et sur une baisse des imp\u00f4ts locaux, avec une<br \/>\ntaxe fonci\u00e8re divis\u00e9e par deux. Elle dit vouloir organiser au moins<br \/>\ndeux r\u00e9f\u00e9rendums locaux par an et assure disposer de six ann\u00e9es<br \/>\npour \u00ab\u00a0redresser\u00a0\u00bb la capitale. Sa d\u00e9claration fait d&rsquo;elle la sixi\u00e8me<br \/>\npr\u00e9tendante \u00e0 l&rsquo;H\u00f4tel de Ville, <a href=\"https:\/\/www.mariefrance.fr\/news-people\/rachida-dati-anne-hidalgo-pretes-faire-paix-violente-altercation-filmee-prouve-contraire-1230226.html\" target=\"_blank\" rel=\"noopener\"><br \/>\nface \u00e0 Rachida Dati<\/a>, Emmanuel Gr\u00e9goire ou Thierry Mariani,<br \/>\ntandis que son pass\u00e9 avec Louis Sarkozy reste cantonn\u00e9 au rang<br \/>\nd&rsquo;anecdote dans une campagne tr\u00e8s disput\u00e9e.<\/p>\n","protected":false},"excerpt":{"rendered":"Le visage de Sarah Knafo s\u00a0\u00bbaffiche comme celui d&rsquo;une candidate \u00e0 la mairie de Paris, d\u00e9termin\u00e9e \u00e0 bousculer&hellip;\n","protected":false},"author":2,"featured_media":649440,"comment_status":"","ping_status":"","sticky":false,"template":"","format":"standard","meta":{"footnotes":""},"categories":[1888],"tags":[1111,1928,47,11,1927,21303,1777,674,1011,27,12,1926,626,1925,973,25,199],"class_list":{"0":"post-649439","1":"post","2":"type-post","3":"status-publish","4":"format-standard","5":"has-post-thumbnail","7":"category-paris","8":"tag-actu","9":"tag-actu-paris","10":"tag-actualite","11":"tag-actualites","12":"tag-actualites-paris","13":"tag-buzz_nonli","14":"tag-eu","15":"tag-europe","16":"tag-fr","17":"tag-france","18":"tag-news","19":"tag-news-paris","20":"tag-paris","21":"tag-paris-news","22":"tag-people","23":"tag-republique-francaise","24":"tag-tf1"},"share_on_mastodon":{"url":"https:\/\/pubeurope.com\/@fr\/115859690968942699","error":""},"_links":{"self":[{"href":"https:\/\/www.europesays.com\/fr\/wp-json\/wp\/v2\/posts\/649439","targetHints":{"allow":["GET"]}}],"collection":[{"href":"https:\/\/www.europesays.com\/fr\/wp-json\/wp\/v2\/posts"}],"about":[{"href":"https:\/\/www.europesays.com\/fr\/wp-json\/wp\/v2\/types\/post"}],"author":[{"embeddable":true,"href":"https:\/\/www.europesays.com\/fr\/wp-json\/wp\/v2\/users\/2"}],"replies":[{"embeddable":true,"href":"https:\/\/www.europesays.com\/fr\/wp-json\/wp\/v2\/comments?post=649439"}],"version-history":[{"count":0,"href":"https:\/\/www.europesays.com\/fr\/wp-json\/wp\/v2\/posts\/649439\/revisions"}],"wp:featuredmedia":[{"embeddable":true,"href":"https:\/\/www.europesays.com\/fr\/wp-json\/wp\/v2\/media\/649440"}],"wp:attachment":[{"href":"https:\/\/www.europesays.com\/fr\/wp-json\/wp\/v2\/media?parent=649439"}],"wp:term":[{"taxonomy":"category","embeddable":true,"href":"https:\/\/www.europesays.com\/fr\/wp-json\/wp\/v2\/categories?post=649439"},{"taxonomy":"post_tag","embeddable":true,"href":"https:\/\/www.europesays.com\/fr\/wp-json\/wp\/v2\/tags?post=649439"}],"curies":[{"name":"wp","href":"https:\/\/api.w.org\/{rel}","templated":true}]}}