{"id":649449,"date":"2026-01-08T13:26:13","date_gmt":"2026-01-08T13:26:13","guid":{"rendered":"https:\/\/www.europesays.com\/fr\/649449\/"},"modified":"2026-01-08T13:26:13","modified_gmt":"2026-01-08T13:26:13","slug":"le-retrait-des-usa-du-giec-est-profondement-regrettable-selon-lancien-vice-president-du-groupe-jean-pascal-van-ypersele","status":"publish","type":"post","link":"https:\/\/www.europesays.com\/fr\/649449\/","title":{"rendered":"Le retrait des USA du Giec est &lsquo;profond\u00e9ment regrettable&rsquo;, selon l&rsquo;ancien vice-pr\u00e9sident du groupe, Jean-Pascal van Ypersele"},"content":{"rendered":"<p>Le pr\u00e9sident \u00e9tats-unien <a href=\"https:\/\/www.rtbf.be\/article\/etats-unis-trump-ordonne-le-retrait-de-66-organisations-internationales-dont-la-convention-cadre-de-l-onu-sur-les-changements-climatiques-11658019\" target=\"_blank\" rel=\"noopener\">Donald Trump a sign\u00e9 mercredi un d\u00e9cret ordonnant le retrait des \u00c9tats-Unis de 66 organisations internationales<\/a>, dont nombre sont li\u00e9es \u00e0 l&rsquo;Onu, car ces organisations ne serviraient plus les int\u00e9r\u00eats am\u00e9ricains. Parmi celles-ci\u00a0: le Giec et la Convention-cadre des Nations unies sur les changements climatiques (CCNUCC, connue \u00e9galement sous l&rsquo;acronyme anglais UNFCCC), trait\u00e9 fondateur de la lutte contre le changement climatique, adopt\u00e9 en 1992 et dans le cadre duquel ont \u00e9t\u00e9 adopt\u00e9 le protocole de Kyoto et l&rsquo;accord de Paris.<\/p>\n<p>Ce retrait \u00ab\u00a0isole les \u00c9tats-Unis des efforts de la communaut\u00e9 internationale pour pr\u00e9server l&rsquo;habitabilit\u00e9 de la seule plan\u00e8te sur laquelle vivent aussi les citoyens am\u00e9ricains\u00a0\u00bb, souligne Jean-Pascal van Ypersele, pour qui \u00ab\u00a0pr\u00e9tendre que la participation aux travaux de la Convention climat et du Giec serait &lsquo;contraire aux int\u00e9r\u00eats des \u00c9tats-Unis&rsquo; est tout simplement insens\u00e9.\u00a0\u00bb<\/p>\n<p>Le climatologue belge, qui fut vice-pr\u00e9sident du Giec, rappelle que la cr\u00e9ation de l&rsquo;organe scientifique \u00ab\u00a0a \u00e9t\u00e9 facilit\u00e9e en 1988 par un accord entre Ronald Reagan et Margaret Thatcher, que l&rsquo;on peut difficilement qualifier de &lsquo;woke'\u00a0\u00bb. \u00ab\u00a0Le climat et l&rsquo;environnement ne rel\u00e8vent ni d&rsquo;une id\u00e9ologie ni d&rsquo;un camp politique\u00a0: ils concernent tout le monde\u00a0\u00bb, rappelle M. van Ypersele.<\/p>\n<p>Le climatologue et professeur d&rsquo;universit\u00e9 souligne au passage que la r\u00e9gion de Palm Beach, en Floride, o\u00f9 le pr\u00e9sident Trump poss\u00e8de sa c\u00e9l\u00e8bre r\u00e9sidence de Mar-a-Lago, \u00ab\u00a0figure parmi les zones les plus vuln\u00e9rables \u00e0 l&rsquo;\u00e9l\u00e9vation du niveau des mers due au r\u00e9chauffement du climat.\u00a0\u00bb Selon Jean-Pascal van Ypersele, la participation des scientifiques am\u00e9ricains aux travaux du Giec est \u00ab\u00a0essentielle\u00a0\u00bb.<\/p>\n<p>\u00ab\u00a0Ce retrait rendra cette participation un peu plus difficile, notamment parce que d&rsquo;autres pays devront compenser les pertes budg\u00e9taires, mais le Giec poursuivra son travail au service de toutes et tous\u00a0\u00bb, assure le climatologue belge.<\/p>\n","protected":false},"excerpt":{"rendered":"Le pr\u00e9sident \u00e9tats-unien Donald Trump a sign\u00e9 mercredi un d\u00e9cret ordonnant le retrait des \u00c9tats-Unis de 66 organisations&hellip;\n","protected":false},"author":2,"featured_media":649450,"comment_status":"","ping_status":"","sticky":false,"template":"","format":"standard","meta":{"footnotes":""},"categories":[1589],"tags":[11,73,1866,12,1864,1865,1863,308],"class_list":{"0":"post-649449","1":"post","2":"type-post","3":"status-publish","4":"format-standard","5":"has-post-thumbnail","7":"category-etats-unis","8":"tag-actualites","9":"tag-etats-unis","10":"tag-etats-unis-damerique","11":"tag-news","12":"tag-united-states","13":"tag-united-states-of-america","14":"tag-us","15":"tag-usa"},"share_on_mastodon":{"url":"https:\/\/pubeurope.com\/@fr\/115859710490473747","error":""},"_links":{"self":[{"href":"https:\/\/www.europesays.com\/fr\/wp-json\/wp\/v2\/posts\/649449","targetHints":{"allow":["GET"]}}],"collection":[{"href":"https:\/\/www.europesays.com\/fr\/wp-json\/wp\/v2\/posts"}],"about":[{"href":"https:\/\/www.europesays.com\/fr\/wp-json\/wp\/v2\/types\/post"}],"author":[{"embeddable":true,"href":"https:\/\/www.europesays.com\/fr\/wp-json\/wp\/v2\/users\/2"}],"replies":[{"embeddable":true,"href":"https:\/\/www.europesays.com\/fr\/wp-json\/wp\/v2\/comments?post=649449"}],"version-history":[{"count":0,"href":"https:\/\/www.europesays.com\/fr\/wp-json\/wp\/v2\/posts\/649449\/revisions"}],"wp:featuredmedia":[{"embeddable":true,"href":"https:\/\/www.europesays.com\/fr\/wp-json\/wp\/v2\/media\/649450"}],"wp:attachment":[{"href":"https:\/\/www.europesays.com\/fr\/wp-json\/wp\/v2\/media?parent=649449"}],"wp:term":[{"taxonomy":"category","embeddable":true,"href":"https:\/\/www.europesays.com\/fr\/wp-json\/wp\/v2\/categories?post=649449"},{"taxonomy":"post_tag","embeddable":true,"href":"https:\/\/www.europesays.com\/fr\/wp-json\/wp\/v2\/tags?post=649449"}],"curies":[{"name":"wp","href":"https:\/\/api.w.org\/{rel}","templated":true}]}}