{"id":649451,"date":"2026-01-08T13:27:11","date_gmt":"2026-01-08T13:27:11","guid":{"rendered":"https:\/\/www.europesays.com\/fr\/649451\/"},"modified":"2026-01-08T13:27:11","modified_gmt":"2026-01-08T13:27:11","slug":"le-royaume-uni-et-la-france-se-preparent-au-passage-dune-tempete","status":"publish","type":"post","link":"https:\/\/www.europesays.com\/fr\/649451\/","title":{"rendered":"Le Royaume-Uni et la France se pr\u00e9parent au passage d&rsquo;une temp\u00eate"},"content":{"rendered":"<p class=\"wysiwyg-h2\">Une bonne partie du Royaume-Uni et le nord-ouest de la France se pr\u00e9parent jeudi au passage d&rsquo;une temp\u00eate qui devrait apporter des vents tr\u00e8s violents et des chutes de neige, ont annonc\u00e9 les services m\u00e9t\u00e9orologiques des deux pays.<\/p>\n<p>Avant de frapper les c\u00f4tes fran\u00e7aises, la temp\u00eate Goretti va traverser jeudi le Royaume-Uni, o\u00f9 l&rsquo;agence britannique de m\u00e9t\u00e9orologie, le Met Office, a \u00e9mis des alertes pour plusieurs r\u00e9gions.<\/p>\n<p>Le chef des pr\u00e9visions au Met Office, Neil Armstrong, qui s&rsquo;attend \u00e0 des chutes de neige importantes &lsquo;dans certaines r\u00e9gions du Pays de Galles et des Midlands&rsquo; dans le centre de l&rsquo;Angleterre, a pr\u00e9venu que Goretti pr\u00e9sentait des &lsquo;risques multiples&rsquo;.<\/p>\n<p>Des vents forts devraient toucher les r\u00e9gions du sud-ouest jeudi apr\u00e8s-midi et en soir\u00e9e, avec des rafales de 95 \u00e0 110 km\/h sur les c\u00f4tes expos\u00e9es, a indiqu\u00e9 le Met Office.<\/p>\n<p>Jusqu&rsquo;\u00e0 30 centim\u00e8tres de neige pourraient tomber sur les Midlands. Des chutes de neige importantes pourraient \u00e9galement intervenir dans le sud du pays.<\/p>\n<p>Dans le nord-ouest de la France, des rafales pouvant atteindre jusqu&rsquo;\u00e0 160 km\/h sont notamment attendues dans le d\u00e9partement de la Manche (nord), o\u00f9 une alerte m\u00e9t\u00e9o du niveau le plus \u00e9lev\u00e9 a \u00e9t\u00e9 diffus\u00e9e. Des alertes m\u00e9t\u00e9o ont \u00e9galement \u00e9t\u00e9 \u00e9mises dans une trentaine de d\u00e9partements du pays.<\/p>\n<p>&lsquo;Mettez-vous \u00e0 l&rsquo;abri et n&rsquo;utilisez pas votre v\u00e9hicule&rsquo;, a pr\u00e9venu sur son compte X la pr\u00e9fecture de la Manche, qui incite aussi la population \u00e0 pr\u00e9voir des moyens d&rsquo;\u00e9clairage de secours et une r\u00e9serve d&rsquo;eau potable.<\/p>\n<p>Le trafic ferroviaire sera perturb\u00e9 dans trois r\u00e9gions du nord-ouest.<\/p>\n<p> \/ATS<\/p>\n","protected":false},"excerpt":{"rendered":"Une bonne partie du Royaume-Uni et le nord-ouest de la France se pr\u00e9parent jeudi au passage d&rsquo;une temp\u00eate&hellip;\n","protected":false},"author":2,"featured_media":649452,"comment_status":"","ping_status":"","sticky":false,"template":"","format":"standard","meta":{"footnotes":""},"categories":[1588],"tags":[11,1829,1832,1836,1827,1777,674,1830,1831,1826,1844,1840,1839,1841,1838,12,1843,1828,1834,1825,1833,1822,1823,473,1853,1824,1837,1851,1850,1852,1835,1842],"class_list":{"0":"post-649451","1":"post","2":"type-post","3":"status-publish","4":"format-standard","5":"has-post-thumbnail","7":"category-royaume-uni","8":"tag-actualites","9":"tag-ajoie","10":"tag-animation","11":"tag-bienne","12":"tag-delemont","13":"tag-eu","14":"tag-europe","15":"tag-franches-montagnes","16":"tag-frequence","17":"tag-jura","18":"tag-jura-bernois","19":"tag-la-chaux-de-fonds","20":"tag-moutier","21":"tag-neuchatel","22":"tag-neuveville","23":"tag-news","24":"tag-payerne","25":"tag-porrentruy","26":"tag-publicite","27":"tag-radio","28":"tag-redaction","29":"tag-rfj","30":"tag-rjb","31":"tag-royaume-uni","32":"tag-royaume-uni-de-grande-bretagne-et-dirlande-du-nord","33":"tag-rtn","34":"tag-tavannes","35":"tag-uk","36":"tag-united-kingdom","37":"tag-united-kingdom-of-great-britain-and-northern-ireland","38":"tag-vallon-de-st-imier","39":"tag-yverdon"},"share_on_mastodon":{"url":"https:\/\/pubeurope.com\/@fr\/115859714492556055","error":""},"_links":{"self":[{"href":"https:\/\/www.europesays.com\/fr\/wp-json\/wp\/v2\/posts\/649451","targetHints":{"allow":["GET"]}}],"collection":[{"href":"https:\/\/www.europesays.com\/fr\/wp-json\/wp\/v2\/posts"}],"about":[{"href":"https:\/\/www.europesays.com\/fr\/wp-json\/wp\/v2\/types\/post"}],"author":[{"embeddable":true,"href":"https:\/\/www.europesays.com\/fr\/wp-json\/wp\/v2\/users\/2"}],"replies":[{"embeddable":true,"href":"https:\/\/www.europesays.com\/fr\/wp-json\/wp\/v2\/comments?post=649451"}],"version-history":[{"count":0,"href":"https:\/\/www.europesays.com\/fr\/wp-json\/wp\/v2\/posts\/649451\/revisions"}],"wp:featuredmedia":[{"embeddable":true,"href":"https:\/\/www.europesays.com\/fr\/wp-json\/wp\/v2\/media\/649452"}],"wp:attachment":[{"href":"https:\/\/www.europesays.com\/fr\/wp-json\/wp\/v2\/media?parent=649451"}],"wp:term":[{"taxonomy":"category","embeddable":true,"href":"https:\/\/www.europesays.com\/fr\/wp-json\/wp\/v2\/categories?post=649451"},{"taxonomy":"post_tag","embeddable":true,"href":"https:\/\/www.europesays.com\/fr\/wp-json\/wp\/v2\/tags?post=649451"}],"curies":[{"name":"wp","href":"https:\/\/api.w.org\/{rel}","templated":true}]}}