{"id":649457,"date":"2026-01-08T13:30:12","date_gmt":"2026-01-08T13:30:12","guid":{"rendered":"https:\/\/www.europesays.com\/fr\/649457\/"},"modified":"2026-01-08T13:30:12","modified_gmt":"2026-01-08T13:30:12","slug":"accord-ue-mercosur-il-est-hors-de-question-de-voter-pour-affirme-le-ministre-du-commerce-exterieur","status":"publish","type":"post","link":"https:\/\/www.europesays.com\/fr\/649457\/","title":{"rendered":"Accord UE-Mercosur : \u00abIl est hors de question de voter pour\u00bb, affirme le ministre du Commerce ext\u00e9rieur"},"content":{"rendered":"<p>Le bras de fer est engag\u00e9 depuis le d\u00e9but de la semaine entre les agriculteurs et le gouvernement. Critiquant la gestion de l&rsquo;\u00e9pizootie de dermatose nodulaire bovine (DNC) d\u00e9but d\u00e9cembre, le monde agricole est surtout formellement oppos\u00e9 au <a href=\"https:\/\/www.capital.fr\/economie-politique\/accord-ue-mercosur-le-compte-ny-est-pas-pour-la-france-selon-emmanuel-macron-1521989\" target=\"_blank\" rel=\"noopener\">trait\u00e9 de libre-\u00e9change UE-Mercosur<\/a> qui faciliterait l\u2019entr\u00e9e en Europe de produits sud-am\u00e9ricains (viande, c\u00e9r\u00e9ales, miel\u2026). Alors que la <strong>signature du trait\u00e9 est pr\u00e9vue ce vendredi 9 janvier<\/strong>, et plus formellement le 12, les agriculteurs <a href=\"https:\/\/www.capital.fr\/economie-politique\/agriculteurs-des-tracteurs-de-la-coordination-rurale-sont-entres-dans-paris-1522610\" target=\"_blank\" rel=\"noopener\">sont entr\u00e9s dans Paris<\/a> ce jeudi matin, chahutant \u00e0 la mi-journ\u00e9e Ya\u00ebl Braun-Pivet devant l\u2019Assembl\u00e9e nationale.<\/p>\n<p>Dans le m\u00eame temps, le gouvernement multiplie les annonces pour <strong>calmer leur col\u00e8re<\/strong>. Invit\u00e9 <a href=\"https:\/\/x.com\/franceinfo\/status\/2009166122122416559?ref_src=twsrc%5Etfw%7Ctwcamp%5Etweetembed%7Ctwterm%5E2009166122122416559%7Ctwgr%5E391b8684fb6eb4404de5b08436e3ac99ab3fad6d%7Ctwcon%5Es1_&amp;ref_url=https%3A%2F%2Fwww.bfmtv.com%2Fsociete%2Fmanifestations%2Fdirect-les-agriculteurs-en-colere-manifestent-a-paris-sous-la-tour-eiffel-et-l-arc-de-triomphe-l-autoroute-a13-fermee_LN-202601080189.html\" rel=\"nofollow\">de Franceinfo<\/a>, le ministre charg\u00e9 du Commerce ext\u00e9rieur et de l\u2019Attractivit\u00e9 a tenu \u00e0 rappeler que la date du 9 janvier n\u2019\u00e9tait pas \u00abla fin de l\u2019histoire\u00bb. \u00abVous avez les repr\u00e9sentants permanents des pays de l\u2019Union europ\u00e9enne qui vont d\u00e9cider s\u2019ils acceptent la mise en route de la signature\u00bb, a tenu \u00e0 souligner Nicolas Forissier. Et d\u2019ajouter : \u00abNous ne sommes pas au bout du chemin, \u00e7a n\u2019est pas la fin de l\u2019histoire, c\u2019est une \u00e9tape.\u00bb<\/p>\n<p>Des moyens de suspendre l\u2019accord<\/p>\n<p>M\u00eame si aucun accord n\u2019est d\u00e9finitivement sign\u00e9, cela n\u2019apaise pas <a href=\"https:\/\/www.capital.fr\/votre-carriere\/salaire-combien-gagne-un-agriculteur-1490988\" target=\"_blank\" rel=\"noopener\">les agriculteurs<\/a>. Le ministre charg\u00e9 du Commerce ext\u00e9rieur a donc voulu une nouvelle fois d\u00e9miner le terrain : \u00abLa France est un grand pays agricole, notre identit\u00e9 c\u2019est l\u2019agriculture\u00bb, a-t-il martel\u00e9, Nicolas Forissier \u00e9voquant m\u00eame un \u00abprobl\u00e8me d\u2019identit\u00e9 essentiel\u00bb. Selon lui, m\u00eame si le trait\u00e9 UE-Mercosur a des avantages \u00abpour beaucoup de fili\u00e8res, il est hors de question de sacrifier ou mettre en danger un certain nombre de fili\u00e8res agricoles\u00bb, comme <strong>l\u2019\u00e9levage bovin ou la volaille<\/strong>. \u00abPour l\u2019instant il est hors de question de voter pour\u00bb, a lanc\u00e9 Nicolas Forissier.<\/p>\n<p>Pour \u00e9tayer ses propos, il a d\u2019ailleurs d\u00e9taill\u00e9 le long processus qui suivrait un accord, avec un vote au Parlement et la possibilit\u00e9 de le suspendre par la <strong>saisine de la Cour de justice europ\u00e9enne<\/strong>. Une possibilit\u00e9 \u00e9galement \u00e9voqu\u00e9e plus t\u00f4t par la porte-parole du gouvernement, Maud Bregeon, qui mettait en exergue un autre \u00e9cueil : la ratification au Parlement europ\u00e9en. \u00abIl n\u2019est absolument pas acquis aujourd\u2019hui qu\u2019il y ait une majorit\u00e9 au Parlement europ\u00e9en\u00bb, mettait-elle en avant.<\/p>\n<blockquote class=\"twitter-tweet\">\n<p lang=\"fr\" dir=\"ltr\">Il n\u2019y aura pas de hausse de prix des engrais li\u00e9e \u00e0 la taxe carbone aux fronti\u00e8res.<\/p>\n<p>Celle-ci sera r\u00e9vis\u00e9e pour permettre la suspension de son application aux engrais, tandis que les droits de douane sur les engrais et intrants seront abaiss\u00e9s rapidement.\u2026<\/p>\n<p>\u2014 Emmanuel Macron (@EmmanuelMacron) <a href=\"https:\/\/twitter.com\/EmmanuelMacron\/status\/2009028605305569726?ref_src=twsrc%5Etfw\" target=\"_blank\" rel=\"noopener\">January 7, 2026<\/a><\/p><\/blockquote>\n<p>Macron contre la taxe carbone sur les engrais<\/p>\n<p>Certains pays sont contre, comme l\u2019Irlande, tandis que d\u2019autres pourraient s\u2019abstenir. De son c\u00f4t\u00e9, <strong>la Commission europ\u00e9enne a annonc\u00e9 des mesures<\/strong> ces derni\u00e8res heures pour calmer la col\u00e8re des agriculteurs : baisse des droits de douane, pesticides ou encore rallonge pour la future PAC. Emmanuel Macron a \u00e9galement promis sur X que la <a href=\"https:\/\/www.capital.fr\/votre-argent\/taxe-carbone-definition-fonctionnement-et-montant-1425323\" target=\"_blank\" rel=\"noopener\">taxe carbone<\/a> europ\u00e9enne sur les engrais serait r\u00e9vis\u00e9e. Toutefois, il faudra passer par un vote.<\/p>\n<p>        <script async src=\"https:\/\/platform.twitter.com\/widgets.js\" charset=\"utf-8\"><\/script><\/p>\n","protected":false},"excerpt":{"rendered":"Le bras de fer est engag\u00e9 depuis le d\u00e9but de la semaine entre les agriculteurs et le gouvernement.&hellip;\n","protected":false},"author":2,"featured_media":649458,"comment_status":"","ping_status":"","sticky":false,"template":"","format":"standard","meta":{"footnotes":""},"categories":[1586],"tags":[11,327,215,1777,674,1779,1011,27,21426,12,25,1778,364,2475],"class_list":{"0":"post-649457","1":"post","2":"type-post","3":"status-publish","4":"format-standard","5":"has-post-thumbnail","7":"category-europe","8":"tag-actualites","9":"tag-agriculture","10":"tag-commerce","11":"tag-eu","12":"tag-europe","13":"tag-european-union","14":"tag-fr","15":"tag-france","16":"tag-mercosur","17":"tag-news","18":"tag-republique-francaise","19":"tag-ue","20":"tag-union-europeenne","21":"tag-union-europu00e9enne"},"share_on_mastodon":{"url":"https:\/\/pubeurope.com\/@fr\/115859726391113135","error":""},"_links":{"self":[{"href":"https:\/\/www.europesays.com\/fr\/wp-json\/wp\/v2\/posts\/649457","targetHints":{"allow":["GET"]}}],"collection":[{"href":"https:\/\/www.europesays.com\/fr\/wp-json\/wp\/v2\/posts"}],"about":[{"href":"https:\/\/www.europesays.com\/fr\/wp-json\/wp\/v2\/types\/post"}],"author":[{"embeddable":true,"href":"https:\/\/www.europesays.com\/fr\/wp-json\/wp\/v2\/users\/2"}],"replies":[{"embeddable":true,"href":"https:\/\/www.europesays.com\/fr\/wp-json\/wp\/v2\/comments?post=649457"}],"version-history":[{"count":0,"href":"https:\/\/www.europesays.com\/fr\/wp-json\/wp\/v2\/posts\/649457\/revisions"}],"wp:featuredmedia":[{"embeddable":true,"href":"https:\/\/www.europesays.com\/fr\/wp-json\/wp\/v2\/media\/649458"}],"wp:attachment":[{"href":"https:\/\/www.europesays.com\/fr\/wp-json\/wp\/v2\/media?parent=649457"}],"wp:term":[{"taxonomy":"category","embeddable":true,"href":"https:\/\/www.europesays.com\/fr\/wp-json\/wp\/v2\/categories?post=649457"},{"taxonomy":"post_tag","embeddable":true,"href":"https:\/\/www.europesays.com\/fr\/wp-json\/wp\/v2\/tags?post=649457"}],"curies":[{"name":"wp","href":"https:\/\/api.w.org\/{rel}","templated":true}]}}