{"id":649467,"date":"2026-01-08T13:36:19","date_gmt":"2026-01-08T13:36:19","guid":{"rendered":"https:\/\/www.europesays.com\/fr\/649467\/"},"modified":"2026-01-08T13:36:19","modified_gmt":"2026-01-08T13:36:19","slug":"tomas-albornoz-nouvel-ouvreur-du-rct-se-confie-sur-son-parcours","status":"publish","type":"post","link":"https:\/\/www.europesays.com\/fr\/649467\/","title":{"rendered":"Tom\u00e1s Albornoz, nouvel ouvreur du RCT, se confie sur son parcours"},"content":{"rendered":"<p class=\"fs-5 \">Certains talents mettent plus de temps que d\u2019autres \u00e0 se r\u00e9v\u00e9ler. Tom\u00e1s Albornoz, qui a d\u00fb attendre ses 27 printemps avant de se faire un vrai nom sur la sc\u00e8ne internationale, est clairement de ceux-l\u00e0.<\/p>\n<p class=\"fs-5 \">Longtemps barr\u00e9 en s\u00e9lection, l\u2019actuel num\u00e9ro 10 des Pumas (28 ans, 21 s\u00e9lections) a continu\u00e9 de travailler dans l\u2019ombre pour devenir le joueur qu\u2019il est. Un ouvreur rac\u00e9 et explosif, apte \u00e0 faire trembler les meilleures d\u00e9fenses de la plan\u00e8te ovale.<\/p>\n<p class=\"fs-5 \">Ce caract\u00e8re de travailleur, l\u2019Argentin l\u2019a forg\u00e9 au Tucum\u00e1n rugby club, l\u2019\u00e9quipe de son c\u0153ur et de sa province natale, o\u00f9 il d\u00e9bute d\u00e8s l\u2019\u00e2ge de 7 ans. \u00ab Mon p\u00e8re a toujours jou\u00e9 au rugby. C\u2019est lui qui m\u2019y a emmen\u00e9 pour la premi\u00e8re fois. J\u2019ai donc commenc\u00e9 avec mes amis et mon fr\u00e8re. Rapidement, je me suis mis \u00e0 passer mes journ\u00e9es au club, \u00e0 courir apr\u00e8s le ballon. C\u2019\u00e9tait le bon temps \u00bb, se rem\u00e9more \u201cTomi\u201d, dit \u201cEl Cepillo\u201d (\u00ab la brosse \u00e0 cheveux \u00bb).<\/p>\n<p>                                                                                \u00ab Un jour, le coach m\u2019a fait passer deuxi\u00e8me ligne\u2026 \u00bb<\/p>\n<p class=\"fs-5 \">Dans le nord du pays, ce fils d\u2019un p\u00e8re avocat et d\u2019une m\u00e8re comptable apprend le rugby \u00e0 la dure : \u00ab Jouer l\u00e0-bas, ce n\u2019\u00e9tait pas facile. Il fallait \u00e9norm\u00e9ment plaquer. On mettait l\u2019accent sur le contact et le fait d\u2019\u00eatre physique. [&#8230;] Un jour, j\u2019avais 14 ou 15 ans, et le coach s\u2019\u00e9tait \u00e9nerv\u00e9 contre moi. Du coup, il m\u2019a fait passer deuxi\u00e8me ligne en plein match ! Et ce, pendant dix minutes. C\u2019\u00e9tait \u00e0 la fois horrible et dr\u00f4le (rires). Il \u00e9tait fou ! \u00bb<\/p>\n<p class=\"fs-5 \">Le jeune fan du Racing Club (1), lui, \u00e9tait brillant. Logiquement, un destin professionnel commence \u00e0 se dessiner\u2026 Mais il s\u2019av\u00e8re sem\u00e9 d\u2019emb\u00fbches. \u00ab En 2017, j\u2019avais jou\u00e9 la Coupe du monde U20 avec les Pumitas. Sauf qu\u2019au vu de nos r\u00e9sultats, \u00e7a n\u2019avait pas \u00e9t\u00e9 une tr\u00e8s bonne exp\u00e9rience\u2026 \u00bb<\/p>\n<p class=\"fs-5 \">Deux ans plus tard, le gaucher quitte le cocon pour rejoindre les Jaguares, la franchise argentine aujourd\u2019hui disparue, alors engag\u00e9e en Super Rugby. Une nouvelle occasion de briller\u2026 \u00c0 moins que : \u00ab J\u2019ai \u00e9t\u00e9 extr\u00eamement malchanceux. Je fais la pr\u00e9-saison, je joue deux matchs\u2026 et le Covid arrive. \u00bb Retour maison. Ensuite ? Deux rencontres de S\u00faperliga Americana avec l\u2019\u00e9quipe de Ceibos, bas\u00e9e \u00e0 C\u00f3rdoba, et une poign\u00e9e d\u2019autres avec les Jaguares XV, avant de s\u2019en aller vivre le r\u00eave europ\u00e9en.<\/p>\n<p>                                                                                Le \u00ab processus \u00bb argentin<\/p>\n<p class=\"fs-5 \">Arriv\u00e9 \u00e0 Tr\u00e9vise pour remplacer un certain Paolo Garbisi, Albornoz ne tarde pas \u00e0 s\u2019y imposer. Mais la s\u00e9lection argentine, elle, rechigne \u00e0 le titulariser. Jusqu\u2019\u00e0 l\u2019\u00e9t\u00e9 2024, de simples miettes lui sont accord\u00e9es. \u00ab C&rsquo;\u00e9tait vraiment dur, conc\u00e8de le natif de San Miguel de Tucum\u00e1n. J\u2019ai int\u00e9gr\u00e9 le groupe en 2020 mais, au final, je regardais les matchs de Rugby Championship sans jouer. Quand tu t\u2019entra\u00eenes beaucoup, c\u2019est forc\u00e9ment frustrant. Pour le coach, je devais suivre ce processus pour m\u2019am\u00e9liorer. Avec le recul, je me dis que \u00e7a a \u00e9t\u00e9 un mal pour un bien. \u00c7a a fait celui que je suis aujourd\u2019hui. D\u00e9sormais, je peux jouer mon meilleur rugby. \u00bb<\/p>\n<p class=\"fs-5 \">Et, d\u00e9j\u00e0, \u00eatre \u00e0 son sommet ? Le petit ouvreur (1,77 m, 85 kg) se marre et l\u00e2che dans un sourire : \u00ab Non ! Le meilleur reste \u00e0 venir. \u00bb S\u2019il dit vrai, Toulon peut bien se frotter les mains.<\/p>\n<p class=\"fs-5 \">1. Club de football de la banlieue de Buenos Aires.<\/p>\n<p>                                                                                Contepomi, le mentor<\/p>\n<p class=\"fs-5 \">Au pied du Faron, l\u2019Argentin Tom\u00e1s Albornoz a un bel h\u00e9ritage \u00e0 honorer. Avant lui, plusieurs de ses idoles sont pass\u00e9es par le club frapp\u00e9 du muguet. Juan Mart\u00edn Fernandez Lobbe, Felipe Contepomi et Juan Mart\u00edn Hern\u00e1ndez l\u2019ont notamment inspir\u00e9. Le deuxi\u00e8me cit\u00e9, actuel s\u00e9lectionneur des Pumas, a d\u2019ailleurs \u00e9t\u00e9 un vrai mentor durant sa carri\u00e8re : \u00ab Quand je jouais peu, il m&rsquo;a soutenu et m\u2019a pouss\u00e9 \u00e0 toujours plus travailler. Lui savait comment continuer de grandir \u00e0 l\u2019ouverture. Felipe m&rsquo;a beaucoup aid\u00e9 \u00e0 \u00e9voluer dans mon jeu. \u00bb<\/p>\n<p class=\"fs-5 \">Varois de 2009 \u00e0 2011, l\u2019ancien ouvreur et centre lui a \u00e9galement, comme Facundo Isa ou \u201cCorcho\u201d Fernandez Lobbe, recommand\u00e9 le RCT : \u00ab Ils m\u2019ont tous parl\u00e9 en bien de ce club. Ils m\u2019ont \u00e9voqu\u00e9 Mayol, les Toulonnais et l\u2019ambiance. J\u2019ai ressenti cette folie lors de mon premier match. Ils m\u2019ont aussi vendu la ville et la m\u00e9t\u00e9o (rires). Au final, le fait de les consulter m\u2019a aid\u00e9 \u00e0 prendre ma d\u00e9cision. \u00bb<\/p>\n","protected":false},"excerpt":{"rendered":"Certains talents mettent plus de temps que d\u2019autres \u00e0 se r\u00e9v\u00e9ler. Tom\u00e1s Albornoz, qui a d\u00fb attendre ses&hellip;\n","protected":false},"author":2,"featured_media":649468,"comment_status":"","ping_status":"","sticky":false,"template":"","format":"standard","meta":{"footnotes":""},"categories":[1416],"tags":[1011,27,3461,479,1468,60],"class_list":{"0":"post-649467","1":"post","2":"type-post","3":"status-publish","4":"format-standard","5":"has-post-thumbnail","7":"category-rugby","8":"tag-fr","9":"tag-france","10":"tag-rct","11":"tag-rugby","12":"tag-rugby-football","13":"tag-sports"},"share_on_mastodon":{"url":"https:\/\/pubeurope.com\/@fr\/115859749861045215","error":""},"_links":{"self":[{"href":"https:\/\/www.europesays.com\/fr\/wp-json\/wp\/v2\/posts\/649467","targetHints":{"allow":["GET"]}}],"collection":[{"href":"https:\/\/www.europesays.com\/fr\/wp-json\/wp\/v2\/posts"}],"about":[{"href":"https:\/\/www.europesays.com\/fr\/wp-json\/wp\/v2\/types\/post"}],"author":[{"embeddable":true,"href":"https:\/\/www.europesays.com\/fr\/wp-json\/wp\/v2\/users\/2"}],"replies":[{"embeddable":true,"href":"https:\/\/www.europesays.com\/fr\/wp-json\/wp\/v2\/comments?post=649467"}],"version-history":[{"count":0,"href":"https:\/\/www.europesays.com\/fr\/wp-json\/wp\/v2\/posts\/649467\/revisions"}],"wp:featuredmedia":[{"embeddable":true,"href":"https:\/\/www.europesays.com\/fr\/wp-json\/wp\/v2\/media\/649468"}],"wp:attachment":[{"href":"https:\/\/www.europesays.com\/fr\/wp-json\/wp\/v2\/media?parent=649467"}],"wp:term":[{"taxonomy":"category","embeddable":true,"href":"https:\/\/www.europesays.com\/fr\/wp-json\/wp\/v2\/categories?post=649467"},{"taxonomy":"post_tag","embeddable":true,"href":"https:\/\/www.europesays.com\/fr\/wp-json\/wp\/v2\/tags?post=649467"}],"curies":[{"name":"wp","href":"https:\/\/api.w.org\/{rel}","templated":true}]}}