{"id":649471,"date":"2026-01-08T13:41:12","date_gmt":"2026-01-08T13:41:12","guid":{"rendered":"https:\/\/www.europesays.com\/fr\/649471\/"},"modified":"2026-01-08T13:41:12","modified_gmt":"2026-01-08T13:41:12","slug":"cc-championnat-de-france-elite-et-u23-femmes-les-engagees-actualite","status":"publish","type":"post","link":"https:\/\/www.europesays.com\/fr\/649471\/","title":{"rendered":"CC &#8211; Championnat de France &#8211; \u00c9lite et U23 Femmes : Les engag\u00e9es &#8211; Actualit\u00e9"},"content":{"rendered":"<p>                                                                    <img decoding=\"async\" src=\"https:\/\/www.europesays.com\/fr\/wp-content\/uploads\/2026\/01\/695bb1723d16f.jpg\" height=\"auto\" loading=\"lazy\"\/><\/p>\n<p class=\"metadata\">\n            Par<br \/>\n        <strong class=\"text-black\">    <a href=\"https:\/\/www.directvelo.com\/auteur\/3\/frederic-gachet\" class=\"hover-underline\" rel=\"author noopener\" target=\"_blank\">FR\u00c9D\u00c9RIC GACHET<\/a><br \/>\n<\/strong><br \/>\n                    <br \/>Le<br \/>\n    8 janvier 2026, 07:15<\/p>\n<p style=\"text-align: justify;\">Le Championnat de France de cyclo-cross se dispute les 10 et 11 janvier \u00e0 Troyes (Aube). L&rsquo;\u00e9preuve r\u00e9serv\u00e9e aux \u00c9lite et U23 Femmes a lieu dimanche. L&rsquo;appel des concurrentes d\u00e9butera \u00e0 14h05. Le d\u00e9part sera donn\u00e9 \u00e0 14h15 pour environ 45&prime; de course. Toutes les \u00e9preuves seront \u00e0 suivre en direct sur DirectVelo. Deux titres seront d\u00e9cern\u00e9s : \u00c9lite et U23. <strong><a href=\"https:\/\/cdn.directvelo.com\/uploads\/racing\/races\/695b9feae6aa5.pdf\" target=\"_blank\" rel=\"noopener\">La laur\u00e9ate succ\u00e8dera \u00e0 Amandine Fouquenet. C\u00e9lia Gery s&rsquo;\u00e9tait impos\u00e9e chez les U23.<\/a><\/strong> Retrouvez ci-dessous la liste des engag\u00e9es et toutes les informations <a href=\"https:\/\/cdn.directvelo.com\/uploads\/racing\/races\/695b9feae6aa5.pdf\" target=\"_blank\" rel=\"noopener\"><strong>en cliquant ici<\/strong><\/a>.<\/p>\n<p style=\"text-align: justify;\"><strong>La liste des engag\u00e9es :<br \/><\/strong>1 FOUQUENET Amandine PAUWELSSAUZEN-ALTEZ <br \/>2 GERY C\u00e9lia (U23) AS BIKE RACING \/ FRANCE LITERIE <br \/>3 CLAUZEL H\u00e9l\u00e8ne TEAM EKOI <br \/>4 MULLER Amandine (U23) AS BIKE RACING \/ FRANCE LITERIE <br \/>5 MORICHON Ana\u00efs TEAM GUEVEL ROADBORN <br \/>6 VIDON Amandine VELO CLUB D&rsquo;AMBERIEU<br \/>7 DEVIGNE Camille EC WAMBRECHIES MARQUETTE LILLE <br \/>8 KLAES Lise (U23) U.V.C.A TROYES <br \/>9 CORABOEUF L\u00e9a (U23) AC LANESTER 56 <br \/>10 MOISSONNIER Marie (U23) LYON SPRINT EVOLUTION<br \/>11 MOULIN Ana\u00efs (U23) U.C. ALBENASSIENNE <br \/>12 BONNIN No\u00e9mie (U23) US VERN CYCLISME<br \/>13 RIGAUX Aliz\u00e9e (U23) TEAM SPRINT ENERGY<br \/>14 WEINGARTEN Audrey TEAM CX CHARTRES <br \/>15 VALADE Alexandra (U23) ELANCOURT ST QUENTIN VOUSSERT\u00a0<br \/>16 ROGER Hugoline BRIOUZE CYCLISME COMPETITION <br \/>17 DESPREZ Lison (U23) ACT CYCLING <br \/>18 LE BRAS Justine ELANCOURT ST QUENTIN VOUSSERT\u00a0<br \/>19 GARNIER No\u00e9mie TEAM GUEVEL ROADBORN <br \/>20 CHESNEAU Romane ELANCOURT ST QUENTIN VOUSSERT\u00a0<br \/>21 YANNIC Tifenn (U23) EC LANDERNEAU <br \/>22 LAVENS Johanna TEAM CROSS TECHNO CONCEPT URBALOC <br \/>23 LISABOIS Lola (U23) VELO CLUB METROPOLITAIN <br \/>24 REYNIER Romane (U23) U.V.C.A TROYES <br \/>25 MORICEAU Clarisse (U23) DURTAL VELO SPORT <br \/>26 TRITZ Mathilde (U23) C.S. CHAMONIX VTT <br \/>27 CLAUZEL Perrine SEBMOTOBIKES CX TEAM <br \/>28 GALLEZOT Electa (U23) SEBMOTOBIKES CX TEAM <br \/>29 LIBOREAU Manon (U23) TEAM TECHNO CONCEPT URBALOC\u00a0<br \/>30 VERDIER Juliette (U23) TEAM CX CHARTRES <br \/>31 REHM Coralie UC HAGUENAU CYCLO-CROSS <br \/>32 BARBEREAU Juliette (U23) ALLINGES\u00a0PUBLIER <br \/>33 BURQUIER Line VTT PAYS DE GAVOT <br \/>34 DURAFFOURG Lauriane VELO CLUB ORNANS <br \/>35 PETITGIRARD Marl\u00e8ne VELO CLUB ORNANS <br \/>36 FAVREAU Pauline (U23) US ST PIERRE DES\u00a0CORPS <br \/>37 MULLER Cyriane CC SARREBOURGEOIS <br \/>38 PORLIER Roxanne (U23) U.V.C.A\u00a0TROYES <br \/>39 LANDRIN ZEBERT Flavie (U23) VC COMMUNAUTAIRE HETTANGE <br \/>40 PIERNET Laura (U23) VC COMMUNAUTAIRE\u00a0HETTANGE <br \/>41 ADAM Lucie (U23) CC VILLENEUVE ST GERMAIN\u00a0SOISSONS AISNE <br \/>42 HURTELOUP Ad\u00e8le (U23) RETZ BIKE CLUB <br \/>43 GAFFE Cassandra PARISIS A.C. 95 <br \/>44 BRAMOULLE Pauline (U23) UC ALENCON\u00a0DAMIGNY <br \/>45 FROUARD Diane (U23) CC MARMANDAIS <br \/>46 LECOQ Alizea (U23) LE MANS SARTHE VELO <br \/>47 CORRET S\u00e9verine NATUR&rsquo;BIKE PIERREVERT\u00a0<\/p>\n","protected":false},"excerpt":{"rendered":"Par FR\u00c9D\u00c9RIC GACHET Le 8 janvier 2026, 07:15 Le Championnat de France de cyclo-cross se dispute les 10&hellip;\n","protected":false},"author":2,"featured_media":649472,"comment_status":"","ping_status":"","sticky":false,"template":"","format":"standard","meta":{"footnotes":""},"categories":[1411],"tags":[834,828,836,829,837,827,83,826,824,823,1154,207,814,817,815,816,822,821,832,211,839,1011,27,820,818,819,835,831,830,833,838,60,212,208,825],"class_list":{"0":"post-649471","1":"post","2":"type-post","3":"status-publish","4":"format-standard","5":"has-post-thumbnail","7":"category-cyclisme","8":"tag-attaque","9":"tag-belgique","10":"tag-braquet","11":"tag-bretagne","12":"tag-chute","13":"tag-competition","14":"tag-coupe-de-france","15":"tag-coureur","16":"tag-course-cyclisme","17":"tag-course-cycliste","18":"tag-cycling","19":"tag-cyclisme","20":"tag-direct","21":"tag-direct-velo","22":"tag-directvelo","23":"tag-directvelo-com","24":"tag-epreuve","25":"tag-epreuve-cycliste","26":"tag-federation-francaise-de-cyclisme","27":"tag-ffc","28":"tag-flandres","29":"tag-fr","30":"tag-france","31":"tag-live","32":"tag-live-course","33":"tag-live-epreuve","34":"tag-peloton","35":"tag-radio-peloton","36":"tag-radio-tour","37":"tag-ravitaillement","38":"tag-relance","39":"tag-sports","40":"tag-uci","41":"tag-velo","42":"tag-velos"},"share_on_mastodon":{"url":"https:\/\/pubeurope.com\/@fr\/115859769620704429","error":""},"_links":{"self":[{"href":"https:\/\/www.europesays.com\/fr\/wp-json\/wp\/v2\/posts\/649471","targetHints":{"allow":["GET"]}}],"collection":[{"href":"https:\/\/www.europesays.com\/fr\/wp-json\/wp\/v2\/posts"}],"about":[{"href":"https:\/\/www.europesays.com\/fr\/wp-json\/wp\/v2\/types\/post"}],"author":[{"embeddable":true,"href":"https:\/\/www.europesays.com\/fr\/wp-json\/wp\/v2\/users\/2"}],"replies":[{"embeddable":true,"href":"https:\/\/www.europesays.com\/fr\/wp-json\/wp\/v2\/comments?post=649471"}],"version-history":[{"count":0,"href":"https:\/\/www.europesays.com\/fr\/wp-json\/wp\/v2\/posts\/649471\/revisions"}],"wp:featuredmedia":[{"embeddable":true,"href":"https:\/\/www.europesays.com\/fr\/wp-json\/wp\/v2\/media\/649472"}],"wp:attachment":[{"href":"https:\/\/www.europesays.com\/fr\/wp-json\/wp\/v2\/media?parent=649471"}],"wp:term":[{"taxonomy":"category","embeddable":true,"href":"https:\/\/www.europesays.com\/fr\/wp-json\/wp\/v2\/categories?post=649471"},{"taxonomy":"post_tag","embeddable":true,"href":"https:\/\/www.europesays.com\/fr\/wp-json\/wp\/v2\/tags?post=649471"}],"curies":[{"name":"wp","href":"https:\/\/api.w.org\/{rel}","templated":true}]}}