{"id":649473,"date":"2026-01-08T13:42:10","date_gmt":"2026-01-08T13:42:10","guid":{"rendered":"https:\/\/www.europesays.com\/fr\/649473\/"},"modified":"2026-01-08T13:42:10","modified_gmt":"2026-01-08T13:42:10","slug":"la-sortie-assassine-dune-star-de-tottenham-contre-sa-direction","status":"publish","type":"post","link":"https:\/\/www.europesays.com\/fr\/649473\/","title":{"rendered":"La sortie assassine d\u2019une star de Tottenham contre sa direction"},"content":{"rendered":"<p>La nouvelle d\u00e9faite de <a href=\"https:\/\/www.footmercato.net\/club\/tottenham-hotspur\/\" target=\"_blank\" rel=\"noopener\">Tottenham<\/a> face \u00e0 Bournemouth (3-2) va laisser des traces en interne. Hier soir, la douche a \u00e9t\u00e9 froide pour les Spurs, battus \u00e0 la 90+5e sur un but du futur joueur de Manchester City, Antoine Semenyo. Les hommes de Thomas Frank &#8211; \u00e9galement au coeur d\u2019une pol\u00e9mique pour avoir \u00e9t\u00e9 <a href=\"https:\/\/www.footmercato.net\/a8323125877425415110-tottenham-thomas-frank-reagit-a-la-polemique-de-son-gobelet-arsenal\" target=\"_blank\" rel=\"noopener\">aper\u00e7u tout sourire avec un gobelet d\u2019Arsenal<\/a> &#8211; n\u2019ont remport\u00e9 que 2 de leurs 12 derniers matchs de <a href=\"https:\/\/www.footmercato.net\/angleterre\/premier-league\/\" target=\"_blank\" rel=\"noopener\">Premier League<\/a>.<\/p>\n<p>            La suite apr\u00e8s cette publicit\u00e9<\/p>\n<p>Cette 14e place au classement ne colle \u00e9videmment pas avec les ambitions du club, structur\u00e9 pour faire partie du top 6 en Angleterre \u00e0 chaque saison. La col\u00e8re gagne du terrain chez les supporters, dont certains sont venus chahuter Micky van de Ven, Pedro Porro et Jo\u00e3o Palhinha \u00e0 la fin du match. M\u00eame chez les joueurs, la tension monte, et on a pu la lire \u00e0 travers les mots employ\u00e9s par le capitaine <a href=\"https:\/\/www.footmercato.net\/joueur\/cristian-gabriel-romero\/\" target=\"_blank\" rel=\"noopener\">Cristian Romero<\/a> sur son compte Instagram. Apr\u00e8s la rencontre, l\u2019Argentin s\u2019est fendu d\u2019une sortie assez inhabituelle en allumant publiquement sa direction, comme le rapporte The Sun.<\/p>\n<p>            La suite apr\u00e8s cette publicit\u00e9<\/p>\n<p>        \u00abIls ne se montrent que lorsque tout va bien, pour raconter quelques mensonges\u00bb<\/p>\n<p>\u00abToutes mes excuses \u00e0 vous, nos fans qui nous suivez partout, qui \u00eates toujours l\u00e0 et qui le resterez. Nous sommes responsables, cela ne fait aucun doute. Je suis le premier, \u00e9crit le champion du monde. Mais nous continuerons \u00e0 y faire face et \u00e0 essayer de renverser la situation, pour nous-m\u00eames et pour le club. Dans des moments comme celui-ci, ce seraient d\u2019autres personnes qui devraient prendre la parole, mais elles ne le font pas \u2014 et c\u2019est le cas depuis plusieurs ann\u00e9es maintenant\u00bb, a-t-il tonn\u00e9.<\/p>\n<p>\u00abIls ne se montrent que lorsque tout va bien, pour raconter quelques mensonges. Nous resterons ici, \u00e0 travailler, unis et \u00e0 donner le meilleur de nous-m\u00eames pour redresser la situation. Ensemble, ce sera plus facile.\u00bb Richarlison a approuv\u00e9 les mots de son co\u00e9quipier en commentant sa publication, tout comme Pedro Porro qui a \u00e9crit : \u00abcontinue mon fr\u00e8re. Il nous reste encore beaucoup de batailles \u00e0 mener\u00bb. Romero a, depuis, supprim\u00e9 la partie de son message o\u00f9 il sous-entendait que sa direction avait prononc\u00e9 \u00abquelques mensonges\u00bb. <\/p>\n<p>\n    Pub. le 08\/01\/2026 09:35<br \/>\n            &#8211; MAJ le 08\/01\/2026 12:29\n    <\/p>\n","protected":false},"excerpt":{"rendered":"La nouvelle d\u00e9faite de Tottenham face \u00e0 Bournemouth (3-2) va laisser des traces en interne. Hier soir, la&hellip;\n","protected":false},"author":2,"featured_media":649474,"comment_status":"","ping_status":"","sticky":false,"template":"","format":"standard","meta":{"footnotes":""},"categories":[1410],"tags":[63,1011,27,60],"class_list":{"0":"post-649473","1":"post","2":"type-post","3":"status-publish","4":"format-standard","5":"has-post-thumbnail","7":"category-football","8":"tag-football","9":"tag-fr","10":"tag-france","11":"tag-sports"},"share_on_mastodon":{"url":"https:\/\/pubeurope.com\/@fr\/115859773562485868","error":""},"_links":{"self":[{"href":"https:\/\/www.europesays.com\/fr\/wp-json\/wp\/v2\/posts\/649473","targetHints":{"allow":["GET"]}}],"collection":[{"href":"https:\/\/www.europesays.com\/fr\/wp-json\/wp\/v2\/posts"}],"about":[{"href":"https:\/\/www.europesays.com\/fr\/wp-json\/wp\/v2\/types\/post"}],"author":[{"embeddable":true,"href":"https:\/\/www.europesays.com\/fr\/wp-json\/wp\/v2\/users\/2"}],"replies":[{"embeddable":true,"href":"https:\/\/www.europesays.com\/fr\/wp-json\/wp\/v2\/comments?post=649473"}],"version-history":[{"count":0,"href":"https:\/\/www.europesays.com\/fr\/wp-json\/wp\/v2\/posts\/649473\/revisions"}],"wp:featuredmedia":[{"embeddable":true,"href":"https:\/\/www.europesays.com\/fr\/wp-json\/wp\/v2\/media\/649474"}],"wp:attachment":[{"href":"https:\/\/www.europesays.com\/fr\/wp-json\/wp\/v2\/media?parent=649473"}],"wp:term":[{"taxonomy":"category","embeddable":true,"href":"https:\/\/www.europesays.com\/fr\/wp-json\/wp\/v2\/categories?post=649473"},{"taxonomy":"post_tag","embeddable":true,"href":"https:\/\/www.europesays.com\/fr\/wp-json\/wp\/v2\/tags?post=649473"}],"curies":[{"name":"wp","href":"https:\/\/api.w.org\/{rel}","templated":true}]}}