{"id":649477,"date":"2026-01-08T13:44:13","date_gmt":"2026-01-08T13:44:13","guid":{"rendered":"https:\/\/www.europesays.com\/fr\/649477\/"},"modified":"2026-01-08T13:44:13","modified_gmt":"2026-01-08T13:44:13","slug":"a-paris-le-projet-de-renzo-piano-relance-la-transformation-de-la-dalle-montparnasse","status":"publish","type":"post","link":"https:\/\/www.europesays.com\/fr\/649477\/","title":{"rendered":"A Paris, le projet de Renzo Piano relance la transformation de la dalle Montparnasse"},"content":{"rendered":"<p>                     <img loading=\"lazy\" decoding=\"async\" src=\"https:\/\/www.europesays.com\/fr\/wp-content\/uploads\/2026\/01\/2e94523_upload-1-kwnzuai54prx-capture-d-e-cran-2026-01-08-a-11-14-40.png\" alt=\"Vue du projet de restructuration du centre commercial Maine-Montparnasse.\"   width=\"664\" height=\"443\"\/>    Vue du projet de restructuration du centre commercial Maine-Montparnasse.  RENZO PIANO BUILDING WORKSHOP                 <\/p>\n<p class=\"article__paragraph  \">Les maquettes sont \u00e9l\u00e9gantes, la d\u00e9monstration se veut efficace. D\u2019un geste, l\u2019architecte Renzo Piano, laur\u00e9at en 1998 du prix Pritzker (consid\u00e9r\u00e9 comme le \u00ab\u00a0prix Nobel de l\u2019architecture\u00a0\u00bb), 88\u00a0ans, attrape un quadrilat\u00e8re de bois clair, le d\u00e9coiffe de sa partie sup\u00e9rieure \u2013 \u00ab\u00a0On n\u2019enl\u00e8ve que cela, le reste, on n\u2019y touche pas\u00a0\u00bb, dit-il. Soudain, le centre commercial de l\u2019embl\u00e9matique quartier Montparnasse, \u00e0 Paris, h\u00e9rit\u00e9 de l\u2019urbanisme de dalle des ann\u00e9es 1970, referm\u00e9 sur lui-m\u00eame, devient traversant, les rez-de-chauss\u00e9e ouverts, transparents.<\/p>\n<p class=\"article__paragraph  \">\u00ab\u00a0On ajoute cette structure blanche\u00a0\u00bb, poursuit-il, devant les journalistes convi\u00e9s, mercredi 7\u00a0janvier, \u00e0 d\u00e9couvrir son projet \u00e0 l\u2019H\u00f4tel de ville\u00a0: \u00ab\u00a0Une place au milieu, on plante 151 arbres au total, \u00e7a n\u2019est pas g\u00e9nial, mais c\u2019est quand m\u00eame pas mal. Sur les toits, je veux voir des centaines de jeunes qui font du sport\u00a0; l\u00e0, dans ce b\u00e2timent public [cubique, au pied de la grande tour Montparnasse], des jeunes qui font de la musique.\u00a0\u00bb Il y aura une r\u00e9sidence \u00e9tudiante, de nouveaux espaces publics. Davantage de bureaux aussi (11\u00a0000 m\u00e8tres carr\u00e9s de plus), moins de commerces, mais sur cela il ne s\u2019attarde pas.<\/p>\n<p class=\"reading-mode-only \"><strong>Il vous reste 80.1% de cet article \u00e0 lire. La suite est r\u00e9serv\u00e9e aux abonn\u00e9s.<\/strong><\/p>\n","protected":false},"excerpt":{"rendered":"Vue du projet de restructuration du centre commercial Maine-Montparnasse. RENZO PIANO BUILDING WORKSHOP Les maquettes sont \u00e9l\u00e9gantes, la&hellip;\n","protected":false},"author":2,"featured_media":649478,"comment_status":"","ping_status":"","sticky":false,"template":"","format":"standard","meta":{"footnotes":""},"categories":[1358],"tags":[1348,1384,1385,1386,58,59,1011,27],"class_list":{"0":"post-649477","1":"post","2":"type-post","3":"status-publish","4":"format-standard","5":"has-post-thumbnail","7":"category-arts-et-design","8":"tag-arts","9":"tag-arts-and-design","10":"tag-arts-et-design","11":"tag-design","12":"tag-divertissement","13":"tag-entertainment","14":"tag-fr","15":"tag-france"},"share_on_mastodon":{"url":"https:\/\/pubeurope.com\/@fr\/115859781420710728","error":""},"_links":{"self":[{"href":"https:\/\/www.europesays.com\/fr\/wp-json\/wp\/v2\/posts\/649477","targetHints":{"allow":["GET"]}}],"collection":[{"href":"https:\/\/www.europesays.com\/fr\/wp-json\/wp\/v2\/posts"}],"about":[{"href":"https:\/\/www.europesays.com\/fr\/wp-json\/wp\/v2\/types\/post"}],"author":[{"embeddable":true,"href":"https:\/\/www.europesays.com\/fr\/wp-json\/wp\/v2\/users\/2"}],"replies":[{"embeddable":true,"href":"https:\/\/www.europesays.com\/fr\/wp-json\/wp\/v2\/comments?post=649477"}],"version-history":[{"count":0,"href":"https:\/\/www.europesays.com\/fr\/wp-json\/wp\/v2\/posts\/649477\/revisions"}],"wp:featuredmedia":[{"embeddable":true,"href":"https:\/\/www.europesays.com\/fr\/wp-json\/wp\/v2\/media\/649478"}],"wp:attachment":[{"href":"https:\/\/www.europesays.com\/fr\/wp-json\/wp\/v2\/media?parent=649477"}],"wp:term":[{"taxonomy":"category","embeddable":true,"href":"https:\/\/www.europesays.com\/fr\/wp-json\/wp\/v2\/categories?post=649477"},{"taxonomy":"post_tag","embeddable":true,"href":"https:\/\/www.europesays.com\/fr\/wp-json\/wp\/v2\/tags?post=649477"}],"curies":[{"name":"wp","href":"https:\/\/api.w.org\/{rel}","templated":true}]}}