{"id":649487,"date":"2026-01-08T13:50:11","date_gmt":"2026-01-08T13:50:11","guid":{"rendered":"https:\/\/www.europesays.com\/fr\/649487\/"},"modified":"2026-01-08T13:50:11","modified_gmt":"2026-01-08T13:50:11","slug":"tommaso-giacomel-remporte-le-sprint-doberhof-eric-perrot-6e-lequipe","status":"publish","type":"post","link":"https:\/\/www.europesays.com\/fr\/649487\/","title":{"rendered":"Tommaso Giacomel remporte le sprint d&#039;Oberhof, Eric Perrot 6e &#8211; L&#039;\u00c9quipe"},"content":{"rendered":"<ol>\n<li><a href=\"https:\/\/news.google.com\/rss\/articles\/CBMisAFBVV95cUxPUjBxOGtITVpLT3dnQ0l0eHp5dU5ucGprZFZGRFk4b1pEWFVxZ3FodkZBNUJsc09HOWJtRjRYeGs3bmZjMVE1ZHdtb21mbUljZlVlR3dIaklycnhweVNiMlFBQS1CT09OV04xaEEwbnNkSEF6M0lqTERwU1VjSUhBWWxvZ2hJaDJpbE1RdHY4amRjTU44OGFMZV9FQ2hDVUFobW5vV2JNWFBQaDZKTko5Qg?oc=5\" target=\"_blank\" rel=\"noopener\">Tommaso Giacomel remporte le sprint d&rsquo;Oberhof, Eric Perrot 6e<\/a>&nbsp;&nbsp;L&rsquo;\u00c9quipe<\/li>\n<li><a href=\"https:\/\/news.google.com\/rss\/articles\/CBMiswFBVV95cUxOZWFXaDFhRnQtMmgySHZzRk1OQ2NVaUFLYl9yOC04Njk1eUpZRnpKN2JNbWVWM2hNRnh4ci0yblotMjdDemNGNVV3LXBZUlhhMmJTWHZXM1NMcG9JbUczMlRsZTdYbEp5SWZ2cENqMmtsQXdEV3dRNzc4dVotbTJkQUo0S0pTUU5sTm1adEZyYnNtYWhibFNWdGtBTUZzeE5ZQzhDQ2VZZUZlMXVlTFBweU9BMA?oc=5\" target=\"_blank\" rel=\"noopener\">Coupe du monde 2025-2026 (Oberhof) de Biathlon, 10 km sprint (H), r\u00e9sum\u00e9 de l&rsquo;\u00e9preuve<\/a>&nbsp;&nbsp;L&rsquo;\u00c9quipe<\/li>\n<li><a href=\"https:\/\/news.google.com\/rss\/articles\/CBMilgJBVV95cUxQYlFvUWxQUlVoeW1GbUROcUM1Umx2LU91TS1IRjF2Q3dNWGVONFA0Vm9ERmVaZmc2NXlRTzFBeEtZQ3dXcTQ5TzRkZ19XT2ZDTS1QZzY5dUdnU3hBaWVRa2RpRi1qTmJaU1ptWV9fSkRub3NYU2J0MzNOSFg4TTFSTDRGa0l4WWE4Sm5iaU9HazR0V1Zsb2JDSVhmdGZoU1I5WTRRVzBLMUhvelZkQzRJWU4tWldGTEwzWDMzTkdLM2l5QUMwUzYxVU44UWVzel9rUUhrVk5OYUZsUjZyMS12Y0p3ekZyQWVpRHVCdU9fNWNFYTdvalZDOVdvdzRBanRiajRuN2ZCeGVxQk5reGJCeE5zdUwxQQ?oc=5\" target=\"_blank\" rel=\"noopener\">Biathlon: \u00ab\u00a0Le faire pour moi et pour Sivert\u00a0\u00bb, Giacomel d\u00e9die sa victoire sur le sprint d&rsquo;Oberhof \u00e0 son grand ami Bakken<\/a>&nbsp;&nbsp;RMC Sport<\/li>\n<li><a href=\"https:\/\/news.google.com\/rss\/articles\/CBMi4AFBVV95cUxNeVlrRGFUdGJLUGJuT29iOTNWZFNwNGh5SEQxU1Q2VTFveEtGcnB6aUV5amEwb0dXcF9nWFF3Z0pBU2Q2ZUNaU2JEbWxoWHFLb3A3QXpHSjJNY2hPT3d3VU1GNnE2TExHUmROTVdfRW9mY0hvNUJ1Q3lwLUllMU9uYU9SQ1NqN3RERUdqa09KOXhJWmVKMnVNQUd1WWt6SUF2YUppR3pGeExyOWpERUlLcGZTVXVucUFlaWNEVUpiTUViWTZDQTFMLVkxQV9vRzFZY3M2a2NZZHVFSUZwcFlzQw?oc=5\" target=\"_blank\" rel=\"noopener\">Coupe du monde Oberhof Sprint : Giacomel, une victoire en hommage \u00e0 Bakken<\/a>&nbsp;&nbsp;Eurosport<\/li>\n<li><a href=\"https:\/\/news.google.com\/rss\/articles\/CBMi1wFBVV95cUxNek8xZ19kdkJFcmlEYnBKZ1JVWXlJMWUzUTNpbjhaU1loczRIMGJYR1k0N0VKU1c5T0pIVEdKYWZQMWNJZjBWMXBheGN0UWMxSk80YU9XV2I5UUtsQUUwZEpyY2t5YkFzMC1YQ0VSbDNOTEtzSWxzbVU3SEExNVVnb0E2cDllaHBMX3RObUdtLVNHUkpGMzJfdTlIaVd3V1BicVozYTF1cTFtTTc5UjFzY0RmZUEwUEk1elY4U1lQVlpOOEY3ZUktcENPc21jMnM5ZC11N1U0RdIB1gFBVV95cUxOUXR4TWY4TWs2cDI1VWl1cHhLUGJ2QXJ2dFl3UFE4RFl4YWZqZEtyQVBfLWVFMnd5UGFCWEFFNXh3N3dfbWx3dDVpdXJVTF8xV09lVWNTbkZxVDVPbUwwNWJRa2hzNjBzc2hvQkFRN09qYTNBNzhLNGZDUWs3SF8yUEdDSWl1TFRzdjBqV0h0R2RlaDRWYTRZOTRiUG45QnNRYmdoQ2htSmYyd3lndVBnWUJpaDRsTlNPQmV0QWZyMFF5b05Eb3Z6RDFlY3JjZ25YZUg2cXdn?oc=5\" target=\"_blank\" rel=\"noopener\">Biathlon (H) &#8211; Sprint d&rsquo;Oberhof : Rentr\u00e9e d\u00e9cevante pour les Bleus : Sports &#8211; Orange<\/a>&nbsp;&nbsp;Sports &#8211; Orange<\/li>\n<\/ol>\n","protected":false},"excerpt":{"rendered":"Tommaso Giacomel remporte le sprint d&rsquo;Oberhof, Eric Perrot 6e&nbsp;&nbsp;L&rsquo;\u00c9quipe Coupe du monde 2025-2026 (Oberhof) de Biathlon, 10 km&hellip;\n","protected":false},"author":2,"featured_media":649488,"comment_status":"","ping_status":"","sticky":false,"template":"","format":"standard","meta":{"footnotes":""},"categories":[9],"tags":[1011,27,60],"class_list":{"0":"post-649487","1":"post","2":"type-post","3":"status-publish","4":"format-standard","5":"has-post-thumbnail","7":"category-sports","8":"tag-fr","9":"tag-france","10":"tag-sports"},"share_on_mastodon":{"url":"https:\/\/pubeurope.com\/@fr\/115859804892958096","error":""},"_links":{"self":[{"href":"https:\/\/www.europesays.com\/fr\/wp-json\/wp\/v2\/posts\/649487","targetHints":{"allow":["GET"]}}],"collection":[{"href":"https:\/\/www.europesays.com\/fr\/wp-json\/wp\/v2\/posts"}],"about":[{"href":"https:\/\/www.europesays.com\/fr\/wp-json\/wp\/v2\/types\/post"}],"author":[{"embeddable":true,"href":"https:\/\/www.europesays.com\/fr\/wp-json\/wp\/v2\/users\/2"}],"replies":[{"embeddable":true,"href":"https:\/\/www.europesays.com\/fr\/wp-json\/wp\/v2\/comments?post=649487"}],"version-history":[{"count":0,"href":"https:\/\/www.europesays.com\/fr\/wp-json\/wp\/v2\/posts\/649487\/revisions"}],"wp:featuredmedia":[{"embeddable":true,"href":"https:\/\/www.europesays.com\/fr\/wp-json\/wp\/v2\/media\/649488"}],"wp:attachment":[{"href":"https:\/\/www.europesays.com\/fr\/wp-json\/wp\/v2\/media?parent=649487"}],"wp:term":[{"taxonomy":"category","embeddable":true,"href":"https:\/\/www.europesays.com\/fr\/wp-json\/wp\/v2\/categories?post=649487"},{"taxonomy":"post_tag","embeddable":true,"href":"https:\/\/www.europesays.com\/fr\/wp-json\/wp\/v2\/tags?post=649487"}],"curies":[{"name":"wp","href":"https:\/\/api.w.org\/{rel}","templated":true}]}}