{"id":649494,"date":"2026-01-08T13:54:12","date_gmt":"2026-01-08T13:54:12","guid":{"rendered":"https:\/\/www.europesays.com\/fr\/649494\/"},"modified":"2026-01-08T13:54:12","modified_gmt":"2026-01-08T13:54:12","slug":"apres-une-immobilisation-a-bangkok-remise-en-service-de-lappareil","status":"publish","type":"post","link":"https:\/\/www.europesays.com\/fr\/649494\/","title":{"rendered":"apr\u00e8s une immobilisation \u00e0 Bangkok, remise en service de l&rsquo;appareil"},"content":{"rendered":"<p class=\"svelte-qfpp5o first-paragraph\">Un avion d&rsquo;Air Austral a \u00e9t\u00e9 frapp\u00e9 ce jeudi 8 janvier, par des impacts de foudre, une heure avant son atterrissage \u00e0 l&rsquo;a\u00e9roport international de Bangkok. L&rsquo;appareil se situait alors au nord de la Malaisie pr\u00e9cise la compagnie. <\/p>\n<p class=\"svelte-qfpp5o\">Des centaines de passagers se sont retrouv\u00e9s bloqu\u00e9s dans l&rsquo;attente de la remise en ligne du Boeing.<\/p>\n<p>Remise en service op\u00e9rationnel<\/p>\n<p class=\"svelte-qfpp5o\">Apr\u00e8s des heures d&rsquo;inspections techniques, l&rsquo;avion d&rsquo;Air Austral est \u00e0 nouveau op\u00e9rationnel confirme la compagnie. Le <b>vol UU 888 Bangkok &#8211; La R\u00e9union<\/b> d\u00e9collera cette nuit \u00e0<b> 00h15 de Bangkok, pour une arriv\u00e9e pr\u00e9vue \u00e0 5h00 vendredi 9 janvier, \u00e0 l&rsquo;a\u00e9roport de Roland Garros.<\/b><\/p>\n<p class=\"svelte-qfpp5o\">Une situation qui a entra\u00een\u00e9 un ajustement des vols de la compagnie. Le vol <b>UU975 La R\u00e9union \u2013 Paris<\/b>, initialement pr\u00e9vu le <b>jeudi 8 janvier 2026 \u00e0 20h40<\/b>, est <b>report\u00e9 au vendredi 9 janvier 2026<\/b>, sous le num\u00e9ro de vol UU9975 avec un <b>d\u00e9collage pr\u00e9vu \u00e0 08h00 (heure locale)<\/b>.<\/p>\n<p class=\"svelte-qfpp5o\">Air Austral assure que tous les passagers ont \u00e9t\u00e9 pr\u00e9venus individuellement par les \u00e9quipes de la compagnie et qu&rsquo;aucun autre ajustement des vols n&rsquo;est \u00e0 pr\u00e9voir. <\/p>\n<p>Inspection externe compl\u00e8te<\/p>\n<p class=\"svelte-qfpp5o\">Un retour \u00e0 la normale qui intervient apr\u00e8s une immobilisation ce matin du Boeing du vol UU 888 Bangkok-La R\u00e9union d\u00e8s son atterrissage, par mesure de s\u00e9curit\u00e9.<\/p>\n<blockquote class=\"quote svelte-15qzpub\">\n<p class=\"text svelte-15qzpub\">\u00ab M\u00eame si les pr\u00e9visions m\u00e9t\u00e9orologiques et les moyens de d\u00e9tections \u00e0 bord des avions sont performants, ce type d&rsquo;\u00e9v\u00e9nement peut toutefois arriver. L&rsquo;appareil est con\u00e7u pour r\u00e9sister \u00e0 ce type de ph\u00e9nom\u00e8ne \u00bb<\/p>\n<p> La compagnie Air Austral<\/p><\/blockquote>\n<p class=\"svelte-qfpp5o\">Une inspection externe compl\u00e8te a \u00e9t\u00e9 r\u00e9alis\u00e9e conform\u00e9ment aux proc\u00e9dures de s\u00e9curit\u00e9 afin d&rsquo;\u00e9carter tous risques. <\/p>\n<p>Des centaines de passagers relog\u00e9s<\/p>\n<p class=\"svelte-qfpp5o\">Ce vol devait ensuite se diriger vers La R\u00e9union, ce matin m\u00eame. R\u00e9sultat, pr\u00e8s de 400 passagers se sont retrouv\u00e9s bloqu\u00e9s \u00e0 l&rsquo;a\u00e9roport de Suvarnabhumi, \u00e0 Bangkok en Tha\u00eflande.<\/p>\n<p class=\"svelte-qfpp5o\">L&rsquo;ensemble des passagers a \u00e9t\u00e9 pris en charge sur place et h\u00e9berg\u00e9 dans l\u2019attente de la r\u00e9solution de la situation affirme Air Austral.<\/p>\n","protected":false},"excerpt":{"rendered":"Un avion d&rsquo;Air Austral a \u00e9t\u00e9 frapp\u00e9 ce jeudi 8 janvier, par des impacts de foudre, une heure&hellip;\n","protected":false},"author":2,"featured_media":649495,"comment_status":"","ping_status":"","sticky":false,"template":"","format":"standard","meta":{"footnotes":""},"categories":[5],"tags":[11,1011,27,14,12,28],"class_list":{"0":"post-649494","1":"post","2":"type-post","3":"status-publish","4":"format-standard","5":"has-post-thumbnail","7":"category-international","8":"tag-actualites","9":"tag-fr","10":"tag-france","11":"tag-international","12":"tag-news","13":"tag-world"},"share_on_mastodon":{"url":"https:\/\/pubeurope.com\/@fr\/115859820629797671","error":""},"_links":{"self":[{"href":"https:\/\/www.europesays.com\/fr\/wp-json\/wp\/v2\/posts\/649494","targetHints":{"allow":["GET"]}}],"collection":[{"href":"https:\/\/www.europesays.com\/fr\/wp-json\/wp\/v2\/posts"}],"about":[{"href":"https:\/\/www.europesays.com\/fr\/wp-json\/wp\/v2\/types\/post"}],"author":[{"embeddable":true,"href":"https:\/\/www.europesays.com\/fr\/wp-json\/wp\/v2\/users\/2"}],"replies":[{"embeddable":true,"href":"https:\/\/www.europesays.com\/fr\/wp-json\/wp\/v2\/comments?post=649494"}],"version-history":[{"count":0,"href":"https:\/\/www.europesays.com\/fr\/wp-json\/wp\/v2\/posts\/649494\/revisions"}],"wp:featuredmedia":[{"embeddable":true,"href":"https:\/\/www.europesays.com\/fr\/wp-json\/wp\/v2\/media\/649495"}],"wp:attachment":[{"href":"https:\/\/www.europesays.com\/fr\/wp-json\/wp\/v2\/media?parent=649494"}],"wp:term":[{"taxonomy":"category","embeddable":true,"href":"https:\/\/www.europesays.com\/fr\/wp-json\/wp\/v2\/categories?post=649494"},{"taxonomy":"post_tag","embeddable":true,"href":"https:\/\/www.europesays.com\/fr\/wp-json\/wp\/v2\/tags?post=649494"}],"curies":[{"name":"wp","href":"https:\/\/api.w.org\/{rel}","templated":true}]}}