{"id":649497,"date":"2026-01-08T13:56:16","date_gmt":"2026-01-08T13:56:16","guid":{"rendered":"https:\/\/www.europesays.com\/fr\/649497\/"},"modified":"2026-01-08T13:56:16","modified_gmt":"2026-01-08T13:56:16","slug":"ce-que-lon-sait-de-la-mort-de-renee-nicole-good-mere-de-famille-tuee-par-la-police-de-limmigration-a-minneapolis","status":"publish","type":"post","link":"https:\/\/www.europesays.com\/fr\/649497\/","title":{"rendered":"Ce que l\u2019on sait de la mort de Renee Nicole Good, m\u00e8re de famille tu\u00e9e par la police de l\u2019immigration \u00e0 Minneapolis"},"content":{"rendered":"<p class=\"paragraph text_align_left lp-f-body-02\">Situation de haute tension \u00e0 Minneapolis, capitale du Minnesota, dans le nord des <a href=\"https:\/\/www.leparisien.fr\/international\/etats-unis\/\" target=\"_self\" rel=\"noopener\">\u00c9tats-Unis<\/a>. Les \u00e9coles resteront ferm\u00e9es ce jeudi et ce vendredi, ont indiqu\u00e9 les autorit\u00e9s tard ce mercredi 7\u00a0janvier \u00ab\u00a0en raison des probl\u00e8mes de s\u00e9curit\u00e9 li\u00e9s aux incidents survenus aujourd\u2019hui dans la ville\u00a0\u00bb.<\/p>\n<p class=\"\">Une citoyenne am\u00e9ricaine de 37\u00a0ans a <a href=\"https:\/\/www.leparisien.fr\/international\/etats-unis\/legitime-defense-une-femme-abattue-par-la-police-de-limmigration-americaine-a-minneapolis-07-01-2026-SAMSZFLJ6NC3LMPNPTLAVQGEKM.php\" target=\"_self\" rel=\"noopener\">\u00e9t\u00e9 tu\u00e9e par un agent de l\u2019ICE<\/a>, la police de l\u2019immigration, provoquant l\u2019indignation de milliers de personnes qui se sont rassembl\u00e9es sur les lieux du drame dans la soir\u00e9e. De nouvelles manifestations sont attendues ce jeudi 8\u00a0janvier.<\/p>\n<p>Que s\u2019est-il pass\u00e9\u00a0?<\/p>\n<p class=\"\">Environ 2 000 agents \u00e9taient mobilis\u00e9s dans la r\u00e9gion de Minneapolis cette semaine <a href=\"https:\/\/www.leparisien.fr\/international\/etats-unis\/ladministration-americaine-cible-limmigration-somalienne-apres-une-fraude-massive-aux-aides-sociales-dans-le-minnesota-31-12-2025-SGLEPFCHJ5FYRG3CRSAJDDSGHQ.php\" target=\"_self\" rel=\"noopener\">pour une vaste s\u00e9rie d\u2019op\u00e9rations<\/a>. Les faits se sont produits sur la Portland Avenue, dans le c\u0153ur de la capitale du Minnesota.<\/p>\n<p class=\"\">Selon les t\u00e9moins cit\u00e9s par la presse am\u00e9ricaine, un v\u00e9hicule, conduit par Renee Nicole Good, une Am\u00e9ricaine de 37\u00a0ans, a \u00e9t\u00e9 bloqu\u00e9 par plusieurs agents f\u00e9d\u00e9raux. L\u2019un d\u2019eux aurait tent\u00e9 d\u2019ouvrir la porte.<\/p>\n<p class=\"\">Dans une vid\u00e9o circulant sur les r\u00e9seaux sociaux, on voit des agents des forces de l\u2019ordre se diriger vers le v\u00e9hicule SUV en train de man\u0153uvrer. Puis le v\u00e9hicule semble commencer \u00e0 s\u2019\u00e9loigner, lorsque retentissent aussit\u00f4t des coups de feu. La voiture va alors en percuter une autre, gar\u00e9e quelques m\u00e8tres plus loin.<\/p>\n<p>Comment r\u00e9agit l\u2019administration Trump\u00a0?<\/p>\n<p class=\"\">Lors d\u2019une op\u00e9ration, \u00ab\u00a0des \u00e9meutiers ont commenc\u00e9 \u00e0 bloquer les agents\u00a0\u00bb, a rapport\u00e9 le minist\u00e8re am\u00e9ricain de la S\u00e9curit\u00e9 int\u00e9rieure dans un communiqu\u00e9. L\u2019une des protestataires aurait alors \u00ab\u00a0transform\u00e9 son v\u00e9hicule en arme, tentant de renverser nos forces de l\u2019ordre dans l\u2019intention de les tuer &#8211; un acte de terrorisme int\u00e9rieur\u00a0\u00bb, poursuit le texte.<\/p>\n<p class=\"\">\u00ab\u00a0Un <a href=\"https:\/\/www.leparisien.fr\/international\/etats-unis\/lice-vise-les-personnes-de-couleur-emoi-a-la-nouvelle-orleans-apres-lenvoi-par-trump-de-la-police-de-limmigration-04-12-2025-KBLJRNK6MVHLFIZ4MKLYGGCYLY.php\" target=\"_self\" rel=\"noopener\">agent de l\u2019ICE,<\/a> craignant pour sa vie, pour celle de ses coll\u00e8gues et pour la s\u00e9curit\u00e9 du public, a tir\u00e9 des coups de feu en \u00e9tat de l\u00e9gitime d\u00e9fense\u00a0\u00bb, a ajout\u00e9 le minist\u00e8re.<\/p>\n<p class=\"\">Dans une conf\u00e9rence de presse mercredi soir, la ministre de la S\u00e9curit\u00e9 int\u00e9rieure <a href=\"https:\/\/www.leparisien.fr\/international\/etats-unis\/qui-est-kristi-noem-alias-homeland-barbie-la-secretaire-a-la-securite-interieure-figure-de-proue-de-la-lutte-contre-limmigration-de-trump-02-08-2025-P24ZY75JSRCL3KAEOU6NHPJMCU.php\" target=\"_self\" rel=\"noopener\">Kristi Noem<\/a> a indiqu\u00e9 que le policier de l\u2019immigration qui a ouvert le feu avait, lors d\u2019une pr\u00e9c\u00e9dente op\u00e9ration en juin, \u00e9t\u00e9 percut\u00e9 par une voiture \u00ab\u00a0et tra\u00een\u00e9 sur plusieurs m\u00e8tres\u00a0\u00bb.<\/p>\n<p class=\"\">Renee Nicole Good est d\u00e9c\u00e9d\u00e9e apr\u00e8s les tirs. Sa mort est une \u00ab\u00a0trag\u00e9die\u00a0\u00bb a \u00e9crit sur X le vice-pr\u00e9sident des \u00c9tats-Unis <a href=\"https:\/\/www.leparisien.fr\/international\/etats-unis\/pour-jd-vance-les-armes-nucleaires-europeennes-pourraient-tomber-aux-mains-de-personnes-proches-de-lislamisme-dans-quinze-ans-26-12-2025-FGNKQ5KRO5G3ZLLWXNWXW44OQQ.php\" target=\"_self\" rel=\"noopener\">JD Vance,<\/a> assurant que cette femme de 37\u00a0ans en est \u00ab\u00a0responsable\u00a0\u00bb. Dans une autre publication, il a apport\u00e9 son soutien \u00e0 \u00ab\u00a0tous les agents de l\u2019ICE\u00a0\u00bb.<\/p>\n<p class=\"\">\u00ab\u00a0Si ces incidents se produisent, c\u2019est parce que la gauche radicale menace, agresse et prend pour cible quotidiennement nos forces de l\u2019ordre et les agents de l\u2019ICE. Ils essaient simplement de faire leur travail et d\u2019assurer la s\u00e9curit\u00e9 des \u00c9tats-Unis\u00a0\u00bb a \u00e9crit sur son r\u00e9seau social Truth Social <a href=\"https:\/\/www.leparisien.fr\/international\/etats-unis\/donald-trump\/\" target=\"_self\" rel=\"noopener\">Donald Trump.<\/a><\/p>\n<p>Les d\u00e9mocrates d\u00e9noncent la \u00ab\u00a0propagande\u00a0\u00bb trumpiste<\/p>\n<p class=\"\">L\u2019administration d\u00e9mocrate du Minnesota, dirig\u00e9 par le gouverneur Tim Walz, <a href=\"https:\/\/www.leparisien.fr\/international\/etats-unis\/presidentielle-americaine-qui-est-tim-walz-le-candidat-a-la-vice-presidence-choisi-par-kamala-harris-06-08-2024-CFWCNHM6KRE5VFWUMSUDPSJDFQ.php\" target=\"_self\" rel=\"noopener\">ancien colistier de Kamala Harris lors de l\u2019\u00e9lection pr\u00e9sidentielle am\u00e9ricaine en 2024<\/a>, a d\u00e9nonc\u00e9 la position de Washington. \u00ab\u00a0Renee Nicole Good devrait \u00eatre en vie\u00a0\u00bb, a dit aupr\u00e8s de CNN Peggy Flanagan, Lieutenante-gouverneur de l\u2019\u00c9tat.<\/p>\n<p class=\"\">Lors d\u2019un point de presse, le maire d\u00e9mocrate de Minneapolis Jacob Frey, s\u2019appuyant notamment sur les images diffus\u00e9es sur les r\u00e9seaux sociaux, a qualifi\u00e9 de \u00ab\u00a0conneries\u00a0\u00bb la version de la police de l\u2019immigration, affirmant que la conductrice n\u2019avait jamais repr\u00e9sent\u00e9 un danger pour quiconque. \u00ab\u00a0Cassez-vous de Minneapolis\u00a0!\u00a0\u00bb a-t-il lanc\u00e9 aux agents de l\u2019ICE.<\/p>\n<p class=\"\">\u00ab\u00a0J\u2019ai vu la vid\u00e9o. Ne croyez pas cette machine de propagande\u00a0\u00bb, a \u00e9galement dit le gouverneur d\u00e9mocrate Tim Walz.<\/p>\n<p><img decoding=\"async\" class=\"image \" loading=\"lazy\" src=\"https:\/\/www.europesays.com\/fr\/wp-content\/uploads\/2026\/01\/FE5ULPQDKFBCJJWY2NK6ACWVKA.jpg\" alt=\"Des manifestants lors d'une veill\u00e9e en hommage \u00e0 Renee Nicole Good, tu\u00e9e par la police de l'immigration am\u00e9ricaine ce mercredi 7 janvier 2026 \u00e0 Minneapolis. Kerem YUCEL \/ AFP\" align=\"\" data-rubrique-principale=\"\" data-article-type=\"\" fetchpriority=\"auto\"\/>Des manifestants lors d&rsquo;une veill\u00e9e en hommage \u00e0 Renee Nicole Good, tu\u00e9e par la police de l&rsquo;immigration am\u00e9ricaine ce mercredi 7 janvier 2026 \u00e0 Minneapolis. Kerem YUCEL \/ AFP <\/p>\n<p class=\"\">\u00ab\u00a0L\u2019\u00c9tat (du Minnesota) veillera \u00e0 ce qu\u2019une enqu\u00eate compl\u00e8te, \u00e9quitable et rapide soit men\u00e9e afin de garantir que les responsabilit\u00e9s soient \u00e9tablies et que justice soit rendue\u00a0\u00bb, a-t-il poursuivi. \u00c0 ce stade, le FBI est en charge de l\u2019enqu\u00eate.<\/p>\n<p>Qui \u00e9tait Renee Nicole Good\u00a0?<\/p>\n<p class=\"\">Aupr\u00e8s du <a href=\"https:\/\/www.startribune.com\/she-was-an-amazing-human-being-mother-identifies-woman-shot-killed-by-ice-agent\/601559922\" target=\"_self\" rel=\"noopener\">Minnesota Star Tribune<\/a>, Donna Ganger a confirm\u00e9 la mort de sa fille, Renee Nicole Good. Selon les premiers \u00e9l\u00e9ments, cette femme de 37\u00a0ans est d\u00e9c\u00e9d\u00e9e \u00e0 quelques p\u00e2t\u00e9s de maisons de son domicile. Elle rentrait chez elle apr\u00e8s avoir d\u00e9pos\u00e9 son plus jeune enfant \u00e0 l\u2019\u00e9cole quand elle a crois\u00e9 la route d\u2019agents de l\u2019ICE.<\/p>\n<p class=\"\">\u00ab\u00a0Renee \u00e9tait l\u2019une des personnes les plus gentilles que j\u2019ai jamais connues\u00a0\u00bb, a d\u00e9clar\u00e9 la m\u00e8re de la victime aupr\u00e8s du journal local. \u00ab\u00a0Elle a pris soin des autres toute sa vie. Elle \u00e9tait aimante et affectueuse. C\u2019\u00e9tait une personne extraordinaire.\u00a0\u00bb<\/p>\n<p class=\"\">Donna Ganger assure que Renee Nicole Good \u00ab\u00a0ne faisait pas partie de \u00e7a\u00a0\u00bb, en r\u00e9f\u00e9rence aux manifestants s\u2019opposant \u00e0 la police de l\u2019immigration.<\/p>\n<p><img decoding=\"async\" class=\"image \" loading=\"lazy\" src=\"https:\/\/www.europesays.com\/fr\/wp-content\/uploads\/2026\/01\/WNAWLBIUNRBF5M7ANDWOLTSYCU.jpg\" alt=\"Une veill\u00e9e organis\u00e9e apr\u00e8s la mort de Renee Nicole Good, \u00e0 Mineeapolis, le mercredi 7 janvier 2026. REUTERS\/Tim Evans\" align=\"\" data-rubrique-principale=\"\" data-article-type=\"\" fetchpriority=\"auto\"\/>Une veill\u00e9e organis\u00e9e apr\u00e8s la mort de Renee Nicole Good, \u00e0 Mineeapolis, le mercredi 7 janvier 2026. REUTERS\/Tim Evans <\/p>\n<p class=\"\">Renee Nicole Good \u00e9tait la m\u00e8re de trois enfants, \u00e2g\u00e9s de 15, 12 et six ans, et s\u2019\u00e9tait r\u00e9cemment install\u00e9 dans l\u2019\u00c9tat du Minnesota. Elle avait grandi dans le Colorado, plus \u00e0 l\u2019ouest du pays.<\/p>\n<p>La lutte contre l\u2019immigration, une des priorit\u00e9s de Trump<\/p>\n<p class=\"\">Une cagnotte ouverte en soutien aux proches de Renee Nicole Good a \u00e9t\u00e9 ouverte tr\u00e8s rapidement apr\u00e8s le drame. Ce jeudi 8\u00a0janvier \u00e0 8\u00a0heures &#8211; heure de Paris &#8211; plus de 300\u00a0000\u00a0dollars avaient \u00e9t\u00e9 r\u00e9colt\u00e9s.<\/p>\n<p class=\"\">Le drame a secou\u00e9 tout le pays. Mercredi soir, des rassemblements ont eu lieu \u00e0 Chicago, New York et dans le District de Columbia. \u00ab\u00a0Lorsque l\u2019ICE s\u2019en prend \u00e0 nos voisins \u00e0 travers l\u2019Am\u00e9rique, c\u2019est nous tous qui sommes attaqu\u00e9s. New York est solidaire des immigrants aujourd\u2019hui et pour toujours\u00a0\u00bb a r\u00e9agi <a href=\"https:\/\/www.leparisien.fr\/international\/zohran-mamdani-devient-maire-de-new-york-ou-de-gros-defis-attendent-lelu-de-gauche-01-01-2026-7PRFYEVAONDPBENLTYHGWES3RU.php\" target=\"_self\" rel=\"noopener\">le nouveau maire de New York Zohran Mamdani<\/a>, affirmant qu\u2019un agent de l\u2019ICE avait \u00ab\u00a0assassin\u00e9\u00a0\u00bb une femme.<\/p>\n<p class=\"\">Donald Trump a fait de la lutte contre l\u2019immigration clandestine <a href=\"https:\/\/www.leparisien.fr\/international\/etats-unis\/on-devrait-chasser-ice-hors-de-nos-villes-ces-americains-qui-se-mobilisent-contre-la-police-de-limmigration-28-10-2025-HULFTXL6VVHTVKZA6BLGO3QKKY.php\" target=\"_self\" rel=\"noopener\">l\u2019un des principaux axes de sa politique int\u00e9rieure<\/a>. ICE a lanc\u00e9 une vaste campagne de recrutement l\u2019\u00e9t\u00e9 dernier, attirant environ 10 000 nouveaux agents &#8211; suscitant des craintes sur leur manque d\u2019entra\u00eenement.<\/p>\n<p class=\"\">\u00c0 plusieurs reprises ces derniers mois, des personnes sont mortes, souvent accidentellement, en tentant d\u2019\u00e9chapper aux contr\u00f4les.<\/p>\n","protected":false},"excerpt":{"rendered":"Situation de haute tension \u00e0 Minneapolis, capitale du Minnesota, dans le nord des \u00c9tats-Unis. Les \u00e9coles resteront ferm\u00e9es&hellip;\n","protected":false},"author":2,"featured_media":649498,"comment_status":"","ping_status":"","sticky":false,"template":"","format":"standard","meta":{"footnotes":""},"categories":[2],"tags":[11,73,1011,27,14,12],"class_list":{"0":"post-649497","1":"post","2":"type-post","3":"status-publish","4":"format-standard","5":"has-post-thumbnail","7":"category-actualites","8":"tag-actualites","9":"tag-etats-unis","10":"tag-fr","11":"tag-france","12":"tag-international","13":"tag-news"},"share_on_mastodon":{"url":"https:\/\/pubeurope.com\/@fr\/115859828610314070","error":""},"_links":{"self":[{"href":"https:\/\/www.europesays.com\/fr\/wp-json\/wp\/v2\/posts\/649497","targetHints":{"allow":["GET"]}}],"collection":[{"href":"https:\/\/www.europesays.com\/fr\/wp-json\/wp\/v2\/posts"}],"about":[{"href":"https:\/\/www.europesays.com\/fr\/wp-json\/wp\/v2\/types\/post"}],"author":[{"embeddable":true,"href":"https:\/\/www.europesays.com\/fr\/wp-json\/wp\/v2\/users\/2"}],"replies":[{"embeddable":true,"href":"https:\/\/www.europesays.com\/fr\/wp-json\/wp\/v2\/comments?post=649497"}],"version-history":[{"count":0,"href":"https:\/\/www.europesays.com\/fr\/wp-json\/wp\/v2\/posts\/649497\/revisions"}],"wp:featuredmedia":[{"embeddable":true,"href":"https:\/\/www.europesays.com\/fr\/wp-json\/wp\/v2\/media\/649498"}],"wp:attachment":[{"href":"https:\/\/www.europesays.com\/fr\/wp-json\/wp\/v2\/media?parent=649497"}],"wp:term":[{"taxonomy":"category","embeddable":true,"href":"https:\/\/www.europesays.com\/fr\/wp-json\/wp\/v2\/categories?post=649497"},{"taxonomy":"post_tag","embeddable":true,"href":"https:\/\/www.europesays.com\/fr\/wp-json\/wp\/v2\/tags?post=649497"}],"curies":[{"name":"wp","href":"https:\/\/api.w.org\/{rel}","templated":true}]}}