{"id":649499,"date":"2026-01-08T13:57:15","date_gmt":"2026-01-08T13:57:15","guid":{"rendered":"https:\/\/www.europesays.com\/fr\/649499\/"},"modified":"2026-01-08T13:57:15","modified_gmt":"2026-01-08T13:57:15","slug":"le-maire-de-saint-etienne-incarcere-dans-lain","status":"publish","type":"post","link":"https:\/\/www.europesays.com\/fr\/649499\/","title":{"rendered":"le maire de Saint-Etienne incarc\u00e9r\u00e9 dans l&rsquo;Ain"},"content":{"rendered":"<p>                            <img loading=\"lazy\" width=\"1024\" height=\"640\" class=\"attachment-article size-article wp-post-image lazyload\" alt=\"\" decoding=\"async\" src=\"https:\/\/www.europesays.com\/fr\/wp-content\/uploads\/2025\/06\/000_32K68QW-e1680614471980.jpg\" data-eio-rwidth=\"1024\" data-eio-rheight=\"640\"\/><\/p>\n<p>Le maire de Saint-Etienne Gael Perdriau (Photo : OLIVIER CHASSIGNOLE \/ AFP)<\/p>\n<p class=\"content\" style=\"font-size:1.2em;font-weight:700\">L&rsquo;ancien maire de Saint-Etienne Ga\u00ebl Perdriau, condamn\u00e9 \u00e0 quatre ans de prison ferme pour chantage \u00e0 la sextape, a \u00e9t\u00e9 incarc\u00e9r\u00e9 mercredi au centre p\u00e9nitentiaire de Bourg-en-Bresse, dans l&rsquo;Ain, a-t-on appris de sources concordantes.<\/p>\n<p>Maire de Saint-Etienne et pr\u00e9sident de sa m\u00e9tropole de 2014 \u00e0 2025, Ga\u00ebl Perdriau (ex-LR) a annonc\u00e9 mercredi matin sur son compte Facebook qu&rsquo;il allait \u00ab\u00a0entrer en prison, conform\u00e9ment \u00e0 la d\u00e9cision de justice qui a \u00e9t\u00e9 rendue, dans le respect des institutions\u00a0\u00bb.<\/p>\n<p>Il \u00ab\u00a0a \u00e9t\u00e9 pris en charge \u00e0 10h30\u00a0\u00bb au centre p\u00e9nitentiaire de Bourg-en-Bresse et a \u00ab\u00a0\u00e9t\u00e9 plac\u00e9 directement \u00e0 l&rsquo;isolement, \u00e0 la demande de la justice qui souhaite que tous les mouvements soient bloqu\u00e9s chaque fois qu&rsquo;il effectuera un d\u00e9placement \u00e0 l\u2019int\u00e9rieur de l\u2019\u00e9tablissement, notamment lors des parloirs\u00a0\u00bb, a pr\u00e9cis\u00e9 \u00e0 l&rsquo;AFP une source syndicale au sein de l&rsquo;administration p\u00e9nitentiaire. Son avocat, Me Jean-F\u00e9lix Luciani, a indiqu\u00e9 vouloir demander \u00ab\u00a0d\u00e8s aujourd\u2019hui\u00a0\u00bb sa remise en libert\u00e9. Ga\u00ebl Perdriau \u00ab\u00a0remplit tous les crit\u00e8res\u00a0\u00bb permettant de l\u2019obtenir, a-t-il assur\u00e9.<\/p>\n<p>Condamn\u00e9 \u00e0 5 ans de prison<\/p>\n<p>Malgr\u00e9 ses protestations d&rsquo;innocence, l&rsquo;\u00e9lu de 53 ans a \u00e9t\u00e9 condamn\u00e9 le 1er d\u00e9cembre par le tribunal correctionnel de Lyon <a href=\"https:\/\/www.lyoncapitale.fr\/actualite\/chantage-a-la-sextape-gael-perdriau-condamne-a-4-ans-de-prison-ferme-a-lyon\" target=\"_blank\" rel=\"noreferrer noopener\">\u00e0 cinq ans de prison, dont un an avec sursis<\/a>, et cinq ans d&rsquo;in\u00e9ligibilit\u00e9, avec ex\u00e9cution provisoire.<\/p>\n<p>Ga\u00ebl Perdriau et trois anciens membres de son entourage ont \u00e9t\u00e9 reconnus coupables d&rsquo;avoir complot\u00e9 pour filmer le Premier adjoint Gilles Artigues \u00e0 son insu dans une chambre d\u2019h\u00f4tel en compagnie d&rsquo;un prostitu\u00e9, d&rsquo;avoir utilis\u00e9 cette vid\u00e9o intime pour museler ce rival du maire, et d&rsquo;avoir financ\u00e9 le pi\u00e8ge avec des fonds publics.<\/p>\n<p>\u00ab\u00a0Cette d\u00e9cision, je la vis comme une terrible injustice. C\u2019est ainsi qu&rsquo;elle r\u00e9sonne douloureusement dans mon esprit et dans mon c\u0153ur. C&rsquo;est aussi pour cette raison que j&rsquo;ai fait appel, avec l&rsquo;espoir profond que la justice saura entendre ma voix\u00a0\u00bb, \u00e9crit Ga\u00ebl Perdriau mercredi sur Facebook.<\/p>\n<p>L&rsquo;ancien adjoint \u00e0 l&rsquo;\u00c9ducation Samy Kefi-J\u00e9r\u00f4me et l&rsquo;ex-compagnon de ce dernier Gilles Rossary Langlet, condamn\u00e9s \u00e0 trois ans de prison ferme, ont eux aussi fait appel. Seul l&rsquo;ancien directeur de cabinet du maire, Pierre Gauttieri, qui a re\u00e7u une peine de deux ans ferme, n&rsquo;a pas interjet\u00e9 appel.<\/p>\n","protected":false},"excerpt":{"rendered":"Le maire de Saint-Etienne Gael Perdriau (Photo : OLIVIER CHASSIGNOLE \/ AFP) L&rsquo;ancien maire de Saint-Etienne Ga\u00ebl Perdriau,&hellip;\n","protected":false},"author":2,"featured_media":156667,"comment_status":"","ping_status":"","sticky":false,"template":"","format":"standard","meta":{"footnotes":""},"categories":[9653],"tags":[1111,11,2430,1777,674,1011,27,12,25,4001],"class_list":{"0":"post-649499","1":"post","2":"type-post","3":"status-publish","4":"format-standard","5":"has-post-thumbnail","7":"category-saint-etienne","8":"tag-actu","9":"tag-actualites","10":"tag-auvergne-rhone-alpes","11":"tag-eu","12":"tag-europe","13":"tag-fr","14":"tag-france","15":"tag-news","16":"tag-republique-francaise","17":"tag-saint-etienne"},"share_on_mastodon":{"url":"https:\/\/pubeurope.com\/@fr\/115859832516624837","error":""},"_links":{"self":[{"href":"https:\/\/www.europesays.com\/fr\/wp-json\/wp\/v2\/posts\/649499","targetHints":{"allow":["GET"]}}],"collection":[{"href":"https:\/\/www.europesays.com\/fr\/wp-json\/wp\/v2\/posts"}],"about":[{"href":"https:\/\/www.europesays.com\/fr\/wp-json\/wp\/v2\/types\/post"}],"author":[{"embeddable":true,"href":"https:\/\/www.europesays.com\/fr\/wp-json\/wp\/v2\/users\/2"}],"replies":[{"embeddable":true,"href":"https:\/\/www.europesays.com\/fr\/wp-json\/wp\/v2\/comments?post=649499"}],"version-history":[{"count":0,"href":"https:\/\/www.europesays.com\/fr\/wp-json\/wp\/v2\/posts\/649499\/revisions"}],"wp:featuredmedia":[{"embeddable":true,"href":"https:\/\/www.europesays.com\/fr\/wp-json\/wp\/v2\/media\/156667"}],"wp:attachment":[{"href":"https:\/\/www.europesays.com\/fr\/wp-json\/wp\/v2\/media?parent=649499"}],"wp:term":[{"taxonomy":"category","embeddable":true,"href":"https:\/\/www.europesays.com\/fr\/wp-json\/wp\/v2\/categories?post=649499"},{"taxonomy":"post_tag","embeddable":true,"href":"https:\/\/www.europesays.com\/fr\/wp-json\/wp\/v2\/tags?post=649499"}],"curies":[{"name":"wp","href":"https:\/\/api.w.org\/{rel}","templated":true}]}}