{"id":649500,"date":"2026-01-08T13:58:16","date_gmt":"2026-01-08T13:58:16","guid":{"rendered":"https:\/\/www.europesays.com\/fr\/649500\/"},"modified":"2026-01-08T13:58:16","modified_gmt":"2026-01-08T13:58:16","slug":"le-chauffage-est-retabli-dans-les-ecoles-chavanelle-et-saint-saens","status":"publish","type":"post","link":"https:\/\/www.europesays.com\/fr\/649500\/","title":{"rendered":"le chauffage est r\u00e9tabli dans les \u00e9coles Chavanelle et Saint-Sa\u00ebns"},"content":{"rendered":"<p>Tout semble rentr\u00e9 dans l\u2019ordre dans les \u00e9coles st\u00e9phanoises. \u00c0 la maternelle et \u00e9l\u00e9mentaire Saint-Sa\u00ebns, dans le quartier de Montreynaud, l\u2019\u00e9cole n\u2019a finalement pas ferm\u00e9 ses portes ce jeudi 8 janvier au matin, contrairement \u00e0 ce qui avait \u00e9t\u00e9 annonc\u00e9, via un communiqu\u00e9 de la mairie mercredi en fin de journ\u00e9e.<\/p>\n<p>La fuite d\u00e9tect\u00e9e mardi sur le r\u00e9seau de chauffage urbain sur le secteur de Montreynaud <a href=\"https:\/\/www.leprogres.fr\/education\/2026\/01\/07\/les-enfants-grelottent-a-l-ecole-maternelle-de-chavanelle-mais-le-chauffage-devrait-revenir-ce-jeudi\" target=\"_blank\" rel=\"noopener\">a \u00e9t\u00e9 tr\u00e8s rapidement ma\u00eetris\u00e9e<\/a> d\u00e8s mercredi.<\/p>\n<p>  Une remise en service \u00e0 2\u00a0h\u00a030 ce jeudi matin<\/p>\n<p>Une seconde fuite localis\u00e9e vers 23 heures mercredi, boulevard Camille Saint-Sa\u00ebns, qui pr\u00e9sentait une complexit\u00e9 technique plus importante due \u00e0 la profondeur du r\u00e9seau, a contraint les \u00e9quipes techniques de Dalkia, filiale du groupe EDF qui g\u00e8re ce r\u00e9seau, de mobiliser des \u00e9quipes jusqu\u2019au milieu de la nuit. Le r\u00e9seau a pu \u00eatre remis en service \u00e0 2\u00a0h\u00a030 ce jeudi matin.<\/p>\n<p>Si ce jeudi l\u2019eau chaude sanitaire est \u00e0 nouveau disponible, la temp\u00e9rature dans les \u00e9tablissements publics et dans les logements remonte progressivement. En cons\u00e9quence, la cr\u00e8che locale accueille les enfants dans des espaces chauff\u00e9s par des radiateurs \u00e9lectriques d\u2019appoint.<\/p>\n<p>  \u00c0 Chavanelle, les \u00e9coliers de retour dans les classes comme pr\u00e9vu<\/p>\n<p>Quant \u00e0 la maternelle Chavanelle, les \u00e9coliers sont de retour dans les classes depuis ce jeudi matin, le chauffage ayant \u00e9t\u00e9 r\u00e9tabli. Pour rappel, l\u2019\u00e9tablissement public \u00e9tait priv\u00e9 de chauffage depuis lundi.<\/p>\n<p>Quatre des cinq classes \u00e9taient impact\u00e9es par cette panne et l\u2019\u00e9quipe enseignante s\u2019est organis\u00e9e pour accueillir les petits \u00e9coliers dont les familles n\u2019avaient pas la possibilit\u00e9 de garder leurs enfants chez eux.<\/p>\n","protected":false},"excerpt":{"rendered":"Tout semble rentr\u00e9 dans l\u2019ordre dans les \u00e9coles st\u00e9phanoises. \u00c0 la maternelle et \u00e9l\u00e9mentaire Saint-Sa\u00ebns, dans le quartier&hellip;\n","protected":false},"author":2,"featured_media":649501,"comment_status":"","ping_status":"","sticky":false,"template":"","format":"standard","meta":{"footnotes":""},"categories":[9653],"tags":[1111,11,2430,7539,1057,1777,674,1011,27,10425,12,25,4001,7538],"class_list":{"0":"post-649500","1":"post","2":"type-post","3":"status-publish","4":"format-standard","5":"has-post-thumbnail","7":"category-saint-etienne","8":"tag-actu","9":"tag-actualites","10":"tag-auvergne-rhone-alpes","11":"tag-edition-loire-sud","12":"tag-education","13":"tag-eu","14":"tag-europe","15":"tag-fr","16":"tag-france","17":"tag-maternelle-elementaire","18":"tag-news","19":"tag-republique-francaise","20":"tag-saint-etienne","21":"tag-saint-etienne-ville"},"share_on_mastodon":{"url":"https:\/\/pubeurope.com\/@fr\/115859836361494430","error":""},"_links":{"self":[{"href":"https:\/\/www.europesays.com\/fr\/wp-json\/wp\/v2\/posts\/649500","targetHints":{"allow":["GET"]}}],"collection":[{"href":"https:\/\/www.europesays.com\/fr\/wp-json\/wp\/v2\/posts"}],"about":[{"href":"https:\/\/www.europesays.com\/fr\/wp-json\/wp\/v2\/types\/post"}],"author":[{"embeddable":true,"href":"https:\/\/www.europesays.com\/fr\/wp-json\/wp\/v2\/users\/2"}],"replies":[{"embeddable":true,"href":"https:\/\/www.europesays.com\/fr\/wp-json\/wp\/v2\/comments?post=649500"}],"version-history":[{"count":0,"href":"https:\/\/www.europesays.com\/fr\/wp-json\/wp\/v2\/posts\/649500\/revisions"}],"wp:featuredmedia":[{"embeddable":true,"href":"https:\/\/www.europesays.com\/fr\/wp-json\/wp\/v2\/media\/649501"}],"wp:attachment":[{"href":"https:\/\/www.europesays.com\/fr\/wp-json\/wp\/v2\/media?parent=649500"}],"wp:term":[{"taxonomy":"category","embeddable":true,"href":"https:\/\/www.europesays.com\/fr\/wp-json\/wp\/v2\/categories?post=649500"},{"taxonomy":"post_tag","embeddable":true,"href":"https:\/\/www.europesays.com\/fr\/wp-json\/wp\/v2\/tags?post=649500"}],"curies":[{"name":"wp","href":"https:\/\/api.w.org\/{rel}","templated":true}]}}