{"id":649511,"date":"2026-01-08T14:04:13","date_gmt":"2026-01-08T14:04:13","guid":{"rendered":"https:\/\/www.europesays.com\/fr\/649511\/"},"modified":"2026-01-08T14:04:13","modified_gmt":"2026-01-08T14:04:13","slug":"montpellier-parmi-les-villes-de-france-qui-adoptent-le-plus-lia-au-travail-en-2026","status":"publish","type":"post","link":"https:\/\/www.europesays.com\/fr\/649511\/","title":{"rendered":"Montpellier parmi les villes de France qui adoptent le plus l\u2019IA au travail en 2026"},"content":{"rendered":"<p data-path-to-node=\"3\">Selon un r\u00e9cent sondage, publi\u00e9 par <a href=\"https:\/\/www.sumup.com\/fr-fr\/terminal-de-paiement-terminal\/2025-rapport-sur-la-confiance-des-entreprises\/\" target=\"_blank\" rel=\"noopener\" data-saferedirecturl=\"https:\/\/www.google.com\/url?q=https:\/\/www.sumup.com\/fr-fr\/terminal-de-paiement-terminal\/2025-rapport-sur-la-confiance-des-entreprises\/&amp;source=gmail&amp;ust=1767958465119000&amp;usg=AOvVaw1SKD4cC3_uxmZD4CKix9xi\">SumUp<\/a> portant sur les usages num\u00e9riques en 2026, la capitale h\u00e9raultaise affiche un taux d\u2019adoption et une confiance en de\u00e7\u00e0 des indicateurs nationaux.<\/p>\n<p>Une ville \u00e0 la tra\u00eene sur l\u2019adoption de l\u2019IA ?<\/p>\n<p data-path-to-node=\"5\">Si l\u2019IA est sur toutes les l\u00e8vres, le passage \u00e0 l\u2019acte semble plus lent \u00e0 Montpellier qu\u2019ailleurs. Seuls <b data-path-to-node=\"5\" data-index-in-node=\"105\">13 % des employ\u00e9s montpelli\u00e9rains<\/b> se disent ouverts \u00e0 l\u2019utilisation de l\u2019intelligence artificielle dans leur activit\u00e9 professionnelle cette ann\u00e9e.<\/p>\n<p data-path-to-node=\"6\">Ce chiffre marque un contraste frappant avec la <b data-path-to-node=\"6\" data-index-in-node=\"48\">moyenne nationale, qui s\u2019\u00e9tablit \u00e0 23 %<\/b>. Ce d\u00e9calage de 10 points sugg\u00e8re une culture d\u2019entreprise locale plus traditionnelle ou une certaine r\u00e9serve face aux bouleversements technologiques r\u00e9cents.<\/p>\n<p>La priorit\u00e9 reste aux outils de gestion classiques<\/p>\n<p data-path-to-node=\"8\">Pour les dirigeants de PME montpelli\u00e9raines, la transformation num\u00e9rique en 2026 passe d\u2019abord par des outils de gestion concrets plut\u00f4t que par des algorithmes pr\u00e9dictifs :<\/p>\n<ul data-path-to-node=\"9\">\n<li>\n<p data-path-to-node=\"9,0,0\"><b data-path-to-node=\"9,0,0\" data-index-in-node=\"0\">Logiciels de comptabilit\u00e9 (24 %)<\/b> : Ils restent l\u2019outil num\u00e9rique num\u00e9ro un pour s\u00e9curiser la gestion financi\u00e8re.<\/p>\n<\/li>\n<li>\n<p data-path-to-node=\"9,1,0\"><b data-path-to-node=\"9,1,0\" data-index-in-node=\"0\">Terminaux de paiement (16 %)<\/b> : Un enjeu majeur pour la digitalisation des points de vente physiques.<\/p>\n<\/li>\n<\/ul>\n<p>Entre optimisme et inqui\u00e9tudes sociales<\/p>\n<p data-path-to-node=\"11\">Le rapport des Montpelli\u00e9rains \u00e0 l\u2019IA est teint\u00e9 d\u2019ambivalence. Si <b data-path-to-node=\"11\" data-index-in-node=\"67\">34 % des sond\u00e9s se disent confiants<\/b> quant aux avanc\u00e9es de cette technologie, les craintes restent palpables :<\/p>\n<blockquote data-path-to-node=\"12\">\n<p data-path-to-node=\"12,0\">\u00ab\u00a0L\u2019IA n\u2019est pas per\u00e7ue uniquement comme un gain de productivit\u00e9, mais aussi comme une menace potentielle pour la stabilit\u00e9 de l\u2019emploi local.\u00a0\u00bb<\/p>\n<\/blockquote>\n<p data-path-to-node=\"13\">Les sources d\u2019inqui\u00e9tude identifi\u00e9es par le sondage sont claires :<\/p>\n<ul data-path-to-node=\"14\">\n<li>\n<p data-path-to-node=\"14,0,0\"><b data-path-to-node=\"14,0,0\" data-index-in-node=\"0\">17 %<\/b> redoutent que l\u2019IA finisse par <b data-path-to-node=\"14,0,0\" data-index-in-node=\"36\">remplacer des employ\u00e9s<\/b>.<\/p>\n<\/li>\n<li>\n<p data-path-to-node=\"14,1,0\"><b data-path-to-node=\"14,1,0\" data-index-in-node=\"0\">9 %<\/b> craignent un impact financier critique, allant jusqu\u2019\u00e0 la <b data-path-to-node=\"14,1,0\" data-index-in-node=\"62\">fermeture de l\u2019entreprise<\/b> ou au sacrifice des profits.<\/p>\n<\/li>\n<\/ul>\n<p>Conclusion<\/p>\n<p data-path-to-node=\"16\">En 2026, Montpellier semble observer la r\u00e9volution de l\u2019IA avec une \u00ab\u00a0distance de s\u00e9curit\u00e9\u00a0\u00bb. Entre une volont\u00e9 de pr\u00e9server l\u2019humain et une priorit\u00e9 donn\u00e9e aux outils num\u00e9riques de gestion quotidienne, la m\u00e9tropole devra trouver son \u00e9quilibre pour ne pas se laisser distancer par la dynamique nationale.<\/p>\n<p data-path-to-node=\"16\">Le classement<\/p>\n<tr>\n<td width=\"56\"><strong>#<\/strong><\/td>\n<td width=\"170\"><strong>Ville<\/strong><\/td>\n<td width=\"161\"><strong>D\u00e9partement<\/strong><\/td>\n<td width=\"76\"><strong>Changement en 2026<\/strong><\/td>\n<\/tr>\n<tr>\n<td width=\"56\">1<\/td>\n<td width=\"170\">Nantes<\/td>\n<td width=\"161\">Loire-Atlantique (44)<\/td>\n<td width=\"76\">+43,3%<\/td>\n<\/tr>\n<tr>\n<td width=\"56\">2<\/td>\n<td width=\"170\">Marseille<\/td>\n<td width=\"161\">Bouches-du-Rh\u00f4ne (13)<\/td>\n<td width=\"76\">+35,3%<\/td>\n<\/tr>\n<tr>\n<td width=\"56\">3<\/td>\n<td width=\"170\">Bordeaux<\/td>\n<td width=\"161\">Gironde (33)<\/td>\n<td width=\"76\">+30,2%<\/td>\n<\/tr>\n<tr>\n<td width=\"56\">4<\/td>\n<td width=\"170\">Poitiers<\/td>\n<td width=\"161\">Vienne (86)<\/td>\n<td width=\"76\">+30,0%<\/td>\n<\/tr>\n<tr>\n<td width=\"56\">5<\/td>\n<td width=\"170\">Dijon<\/td>\n<td width=\"161\">C\u00f4te-d\u2019Or (21)<\/td>\n<td width=\"76\">+26,7%<\/td>\n<\/tr>\n<tr>\n<td width=\"56\">6<\/td>\n<td width=\"170\">Bourges<\/td>\n<td width=\"161\">Cher (18)<\/td>\n<td width=\"76\">+25,0%<\/td>\n<\/tr>\n<tr>\n<td width=\"56\">7<\/td>\n<td width=\"170\">Paris<\/td>\n<td width=\"161\">Paris (75)<\/td>\n<td width=\"76\">+24,1%<\/td>\n<\/tr>\n<tr>\n<td width=\"56\">8<\/td>\n<td width=\"170\">Lille<\/td>\n<td width=\"161\">Nord (59)<\/td>\n<td width=\"76\">+22,9%<\/td>\n<\/tr>\n<tr>\n<td width=\"56\">9<\/td>\n<td width=\"170\">Strasbourg<\/td>\n<td width=\"161\">Bas-Rhin (67)<\/td>\n<td width=\"76\">+17,4%<\/td>\n<\/tr>\n<tr>\n<td width=\"56\">10<\/td>\n<td width=\"170\">Reims<\/td>\n<td width=\"161\">Marne (51)<\/td>\n<td width=\"76\">+17,1%<\/td>\n<\/tr>\n<tr>\n<td width=\"56\">11<\/td>\n<td width=\"170\">Lyon<\/td>\n<td width=\"161\">Rh\u00f4ne (69)<\/td>\n<td width=\"76\">+17,0%<\/td>\n<\/tr>\n<tr>\n<td width=\"56\">12<\/td>\n<td width=\"170\">Clermont-Ferrand<\/td>\n<td width=\"161\">Puy-de-D\u00f4me (63)<\/td>\n<td width=\"76\">+16,8%<\/td>\n<\/tr>\n<tr>\n<td width=\"56\">13<\/td>\n<td width=\"170\">Toulouse<\/td>\n<td width=\"161\">Haute-Garonne (31)<\/td>\n<td width=\"76\">+13,8%<\/td>\n<\/tr>\n<tr>\n<td width=\"56\"><strong>14<\/strong><\/td>\n<td width=\"170\"><strong>Montpellier<\/strong><\/td>\n<td width=\"161\"><strong>H\u00e9rault (34)<\/strong><\/td>\n<td width=\"76\"><strong>+13,5%<\/strong><\/td>\n<\/tr>\n<tr>\n<td width=\"56\">15<\/td>\n<td width=\"170\">Tours<\/td>\n<td width=\"161\">Indre-et-Loire (37)<\/td>\n<td width=\"76\">+10,0%<\/td>\n<\/tr>\n<tr>\n<td width=\"56\">\u2026<\/td>\n<td width=\"170\">\u2026<\/td>\n<td width=\"161\">\u2026<\/td>\n<td width=\"76\">\u2026<\/td>\n<\/tr>\n<tr>\n<td width=\"56\">25<\/td>\n<td width=\"170\">Rennes<\/td>\n<td width=\"161\">Ille-et-Vilaine (35)<\/td>\n<td width=\"76\">+0%<\/td>\n<\/tr>\n","protected":false},"excerpt":{"rendered":"Selon un r\u00e9cent sondage, publi\u00e9 par SumUp portant sur les usages num\u00e9riques en 2026, la capitale h\u00e9raultaise affiche&hellip;\n","protected":false},"author":2,"featured_media":649512,"comment_status":"","ping_status":"","sticky":false,"template":"","format":"standard","meta":{"footnotes":""},"categories":[9599],"tags":[1111,11,1777,674,1011,27,2208,12,2680,25],"class_list":{"0":"post-649511","1":"post","2":"type-post","3":"status-publish","4":"format-standard","5":"has-post-thumbnail","7":"category-montpellier","8":"tag-actu","9":"tag-actualites","10":"tag-eu","11":"tag-europe","12":"tag-fr","13":"tag-france","14":"tag-montpellier","15":"tag-news","16":"tag-occitanie","17":"tag-republique-francaise"},"share_on_mastodon":{"url":"https:\/\/pubeurope.com\/@fr\/115859860041855747","error":""},"_links":{"self":[{"href":"https:\/\/www.europesays.com\/fr\/wp-json\/wp\/v2\/posts\/649511","targetHints":{"allow":["GET"]}}],"collection":[{"href":"https:\/\/www.europesays.com\/fr\/wp-json\/wp\/v2\/posts"}],"about":[{"href":"https:\/\/www.europesays.com\/fr\/wp-json\/wp\/v2\/types\/post"}],"author":[{"embeddable":true,"href":"https:\/\/www.europesays.com\/fr\/wp-json\/wp\/v2\/users\/2"}],"replies":[{"embeddable":true,"href":"https:\/\/www.europesays.com\/fr\/wp-json\/wp\/v2\/comments?post=649511"}],"version-history":[{"count":0,"href":"https:\/\/www.europesays.com\/fr\/wp-json\/wp\/v2\/posts\/649511\/revisions"}],"wp:featuredmedia":[{"embeddable":true,"href":"https:\/\/www.europesays.com\/fr\/wp-json\/wp\/v2\/media\/649512"}],"wp:attachment":[{"href":"https:\/\/www.europesays.com\/fr\/wp-json\/wp\/v2\/media?parent=649511"}],"wp:term":[{"taxonomy":"category","embeddable":true,"href":"https:\/\/www.europesays.com\/fr\/wp-json\/wp\/v2\/categories?post=649511"},{"taxonomy":"post_tag","embeddable":true,"href":"https:\/\/www.europesays.com\/fr\/wp-json\/wp\/v2\/tags?post=649511"}],"curies":[{"name":"wp","href":"https:\/\/api.w.org\/{rel}","templated":true}]}}