{"id":649519,"date":"2026-01-08T14:08:14","date_gmt":"2026-01-08T14:08:14","guid":{"rendered":"https:\/\/www.europesays.com\/fr\/649519\/"},"modified":"2026-01-08T14:08:14","modified_gmt":"2026-01-08T14:08:14","slug":"comment-la-metropole-de-grenoble-sorganise-pour-maintenir-les-routes-praticables","status":"publish","type":"post","link":"https:\/\/www.europesays.com\/fr\/649519\/","title":{"rendered":"comment la M\u00e9tropole de Grenoble s\u2019organise pour maintenir les routes praticables"},"content":{"rendered":"<p>Sur le territoire, le d\u00e9neigement, le salage et le d\u00e9vergla\u00e7age rel\u00e8vent d\u2019une comp\u00e9tence partag\u00e9e. Les communes interviennent dans les rues, sur les voies cyclables, les couloirs de bus et de tram, ainsi qu\u2019aux abords des b\u00e2timents publics.<\/p>\n<p>De son c\u00f4t\u00e9, la M\u00e9tropole assure l\u2019entretien de 450 kilom\u00e8tres de routes d\u00e9partementales, dont la gestion lui a \u00e9t\u00e9 transf\u00e9r\u00e9e en 2017. Cela inclut des axes de montagne particuli\u00e8rement expos\u00e9s, comme la route de Chartreuse (RD512) menant au col de Porte, r\u00e9guli\u00e8rement soumis au verglas et aux chutes de neige.<\/p>\n<p>Du 15 novembre au 15 mars, les \u00e9quipes m\u00e9tropolitaines de la voirie patrouillent quotidiennement. Chaque jour, un sch\u00e9ma d\u2019intervention est adapt\u00e9 aux bulletins m\u00e9t\u00e9orologiques, analys\u00e9s en lien direct avec M\u00e9t\u00e9o-France. Les moyens sont renforc\u00e9s notamment entre 4 heures et 7 heures du matin, afin de traiter les chauss\u00e9es avant les d\u00e9placements domicile-travail.<\/p>\n<p>Pour ces op\u00e9rations, la M\u00e9tropole dispose de v\u00e9hicules de d\u00e9neigement, d\u2019engins sp\u00e9cifiques comme une fraise \u00e0 neige et un Unimog, v\u00e9hicule polyvalent de haute montagne utilis\u00e9 en cas d\u2019importantes chutes de neige au col de Porte. Les \u00e9quipes peuvent intervenir 24 heures sur 24 et 7 jours sur 7, en fonction de l\u2019\u00e9volution des conditions climatiques.<\/p>\n<p>Une vigilance particuli\u00e8re est \u00e9galement port\u00e9e aux ouvrages d\u2019art, dont la temp\u00e9rature de chauss\u00e9e peut \u00eatre jusqu\u2019\u00e0 6 degr\u00e9s inf\u00e9rieure \u00e0 celle des routes classiques, en raison de leur exposition au vent, \u00e0 l\u2019humidit\u00e9 ou \u00e0 la proximit\u00e9 des cours d\u2019eau.<\/p>\n<p>En chiffres, le dispositif hivernal mobilise 11 v\u00e9hicules et d\u00e9neigeuses r\u00e9partis sur quatre zones, 32 chauffeurs poids lourds habilit\u00e9s, avec six niveaux d\u2019intervention adapt\u00e9s aux conditions rencontr\u00e9es. La vigilance est renforc\u00e9e d\u00e8s que les temp\u00e9ratures atteignent 4 \u00b0C en plaine et \u20136 \u00b0C en montagne.<\/p>\n","protected":false},"excerpt":{"rendered":"Sur le territoire, le d\u00e9neigement, le salage et le d\u00e9vergla\u00e7age rel\u00e8vent d\u2019une comp\u00e9tence partag\u00e9e. Les communes interviennent dans&hellip;\n","protected":false},"author":2,"featured_media":649520,"comment_status":"","ping_status":"","sticky":false,"template":"","format":"standard","meta":{"footnotes":""},"categories":[9566],"tags":[1111,11,2813,2430,1109,251,1112,2811,1777,674,118,1011,27,21780,2731,14004,1922,1110,1114,108,12,316,25,2812,517,800],"class_list":{"0":"post-649519","1":"post","2":"type-post","3":"status-publish","4":"format-standard","5":"has-post-thumbnail","7":"category-grenoble","8":"tag-actu","9":"tag-actualites","10":"tag-article","11":"tag-auvergne-rhone-alpes","12":"tag-breves","13":"tag-culture","14":"tag-depeches","15":"tag-economique","16":"tag-eu","17":"tag-europe","18":"tag-faits-divers","19":"tag-fr","20":"tag-france","21":"tag-gf38","22":"tag-grenoble","23":"tag-grenoblemag","24":"tag-info","25":"tag-informations","26":"tag-infos","27":"tag-isere","28":"tag-news","29":"tag-politique","30":"tag-republique-francaise","31":"tag-sociale","32":"tag-sport","33":"tag-transports"},"share_on_mastodon":{"url":"https:\/\/pubeurope.com\/@fr\/115859875581077318","error":""},"_links":{"self":[{"href":"https:\/\/www.europesays.com\/fr\/wp-json\/wp\/v2\/posts\/649519","targetHints":{"allow":["GET"]}}],"collection":[{"href":"https:\/\/www.europesays.com\/fr\/wp-json\/wp\/v2\/posts"}],"about":[{"href":"https:\/\/www.europesays.com\/fr\/wp-json\/wp\/v2\/types\/post"}],"author":[{"embeddable":true,"href":"https:\/\/www.europesays.com\/fr\/wp-json\/wp\/v2\/users\/2"}],"replies":[{"embeddable":true,"href":"https:\/\/www.europesays.com\/fr\/wp-json\/wp\/v2\/comments?post=649519"}],"version-history":[{"count":0,"href":"https:\/\/www.europesays.com\/fr\/wp-json\/wp\/v2\/posts\/649519\/revisions"}],"wp:featuredmedia":[{"embeddable":true,"href":"https:\/\/www.europesays.com\/fr\/wp-json\/wp\/v2\/media\/649520"}],"wp:attachment":[{"href":"https:\/\/www.europesays.com\/fr\/wp-json\/wp\/v2\/media?parent=649519"}],"wp:term":[{"taxonomy":"category","embeddable":true,"href":"https:\/\/www.europesays.com\/fr\/wp-json\/wp\/v2\/categories?post=649519"},{"taxonomy":"post_tag","embeddable":true,"href":"https:\/\/www.europesays.com\/fr\/wp-json\/wp\/v2\/tags?post=649519"}],"curies":[{"name":"wp","href":"https:\/\/api.w.org\/{rel}","templated":true}]}}