{"id":649521,"date":"2026-01-08T14:10:10","date_gmt":"2026-01-08T14:10:10","guid":{"rendered":"https:\/\/www.europesays.com\/fr\/649521\/"},"modified":"2026-01-08T14:10:10","modified_gmt":"2026-01-08T14:10:10","slug":"rennes-et-nantes-negocient-en-express-le-transfert-de-blas","status":"publish","type":"post","link":"https:\/\/www.europesays.com\/fr\/649521\/","title":{"rendered":"Rennes et Nantes n\u00e9gocient en express le transfert de Blas"},"content":{"rendered":"<p><b>Ludovic Blas est le grand perdant de la bonne dynamique de Rennes puisque le milieu offensif de 28 ans a perdu sa place de titulaire. Nantes adorerait le relancer cet hiver mais les Rouge et Noir ont mis fin aux discussions.<\/b><\/p>\n<p>Titulaire en d\u00e9but de saison, <a href=\"https:\/\/www.foot01.com\/marseille\/om-blas-vers-marseille-pour-15-millions-deuros\" target=\"_self\" rel=\"noopener\">Ludovic Blas a perdu sa place<\/a> au fil des semaines dans le onze de d\u00e9part d\u2019Habib Beye. Rennes a gagn\u00e9 huit de ses neuf derniers matchs et une ossature se d\u00e9gage \u00e0 pr\u00e9sent sans l\u2019ex-meneur de jeu du <a href=\"https:\/\/www.foot01.com\/nantes\" title=\"FC Nantes\" target=\"_blank\" rel=\"noopener\">FC Nantes<\/a>. Blas continue \u00e0 entrer r\u00e9guli\u00e8rement en jeu mais pour Beye, il fait d\u00e9sormais office de joker. Un nouveau statut qui ne ravit pas le principal int\u00e9ress\u00e9, qui aimerait avoir davantage de temps de jeu.<\/p>\n<p>Une situation d\u00e9licate pour Ludovic Blas qui a donn\u00e9 des id\u00e9es \u00e0 son ancien club, \u00e0 savoir Nantes. Personne ne l\u2019avait vu venir, mais Ahmed Kantari et Waldemar Kita ont secr\u00e8tement tent\u00e9 de faire revenir le joueur n\u00e9 \u00e0 Colombes selon les informations publi\u00e9es sur X par Mohamed Toubache-Ter. \u00ab Il y a un mois, Nantes a tent\u00e9 d\u2019attirer Ludovic Blas. Nantes s\u2019est vu r\u00e9pondre \u2018pas vendeur\u2019. Dossier referm\u00e9 direct \u00bb a publi\u00e9 notre confr\u00e8re.<\/p>\n<p>Rennes ferme cat\u00e9goriquement la porte \u00e0 NantesUne information \u00e9tonnante \u00e0 plus d\u2019un titre puisqu\u2019il \u00e9tait difficile de pronostiquer que Nantes allait tenter de r\u00e9cup\u00e9rer Ludovic Blas, malgr\u00e9 sa trahison de passer des Canaris \u00e0 Rennes en 2023. Il \u00e9tait tout aussi difficile de pr\u00e9voir que le Stade Rennais fermerait cat\u00e9goriquement et si rapidement la porte \u00e0 un d\u00e9part de son meneur de jeu. Et pour cause, Blas est cit\u00e9 depuis le d\u00e9but du <a href=\"https:\/\/www.foot01.com\/mercato\" title=\"Mercato\" target=\"_blank\" rel=\"noopener\">mercato<\/a> comme un joueur que Rennes ne retiendra pas en cas d\u2019offre, au m\u00eame titre que Seko Fofana.L\u2019accord financier \u00e9tait peut-\u00eatre tout simplement impossible entre les deux clubs alors que les Canaris cherchent surtout \u00e0 se renforcer \u00e0 moindre co\u00fbt cet hiver. L\u2019insider nous apprend par ailleurs que Andrei Girotto, ancienne valeur s\u00fbre de Nantes au milieu de terrain ou en d\u00e9fense, a \u00ab exprim\u00e9 son envie de revenir \u00bb il y a d\u00e9j\u00e0 un an. Reste \u00e0 voir si cet int\u00e9r\u00eat trouvera une r\u00e9ciprocit\u00e9 chez les dirigeants nantais lors de ce <a href=\"https:\/\/www.foot01.com\/mercato\" title=\"Mercato\" target=\"_blank\" rel=\"noopener\">mercato<\/a> hivernal alors que Kantari est toujours \u00e0 la recherche d\u2019un renfort en d\u00e9fense centrale.<\/p>\n","protected":false},"excerpt":{"rendered":"Ludovic Blas est le grand perdant de la bonne dynamique de Rennes puisque le milieu offensif de 28&hellip;\n","protected":false},"author":2,"featured_media":649522,"comment_status":"","ping_status":"","sticky":false,"template":"","format":"standard","meta":{"footnotes":""},"categories":[2821],"tags":[1111,11,829,1777,674,462,1011,27,1434,12,584,25],"class_list":{"0":"post-649521","1":"post","2":"type-post","3":"status-publish","4":"format-standard","5":"has-post-thumbnail","7":"category-rennes","8":"tag-actu","9":"tag-actualites","10":"tag-bretagne","11":"tag-eu","12":"tag-europe","13":"tag-fc-nantes","14":"tag-fr","15":"tag-france","16":"tag-mercato","17":"tag-news","18":"tag-rennes","19":"tag-republique-francaise"},"share_on_mastodon":{"url":"https:\/\/pubeurope.com\/@fr\/115859883602782533","error":""},"_links":{"self":[{"href":"https:\/\/www.europesays.com\/fr\/wp-json\/wp\/v2\/posts\/649521","targetHints":{"allow":["GET"]}}],"collection":[{"href":"https:\/\/www.europesays.com\/fr\/wp-json\/wp\/v2\/posts"}],"about":[{"href":"https:\/\/www.europesays.com\/fr\/wp-json\/wp\/v2\/types\/post"}],"author":[{"embeddable":true,"href":"https:\/\/www.europesays.com\/fr\/wp-json\/wp\/v2\/users\/2"}],"replies":[{"embeddable":true,"href":"https:\/\/www.europesays.com\/fr\/wp-json\/wp\/v2\/comments?post=649521"}],"version-history":[{"count":0,"href":"https:\/\/www.europesays.com\/fr\/wp-json\/wp\/v2\/posts\/649521\/revisions"}],"wp:featuredmedia":[{"embeddable":true,"href":"https:\/\/www.europesays.com\/fr\/wp-json\/wp\/v2\/media\/649522"}],"wp:attachment":[{"href":"https:\/\/www.europesays.com\/fr\/wp-json\/wp\/v2\/media?parent=649521"}],"wp:term":[{"taxonomy":"category","embeddable":true,"href":"https:\/\/www.europesays.com\/fr\/wp-json\/wp\/v2\/categories?post=649521"},{"taxonomy":"post_tag","embeddable":true,"href":"https:\/\/www.europesays.com\/fr\/wp-json\/wp\/v2\/tags?post=649521"}],"curies":[{"name":"wp","href":"https:\/\/api.w.org\/{rel}","templated":true}]}}