{"id":649523,"date":"2026-01-08T14:11:17","date_gmt":"2026-01-08T14:11:17","guid":{"rendered":"https:\/\/www.europesays.com\/fr\/649523\/"},"modified":"2026-01-08T14:11:17","modified_gmt":"2026-01-08T14:11:17","slug":"strasbourg-un-an-apres-la-collision-entre-deux-trams-les-causes-de-laccident-restent-indeterminees","status":"publish","type":"post","link":"https:\/\/www.europesays.com\/fr\/649523\/","title":{"rendered":"Strasbourg. Un an apr\u00e8s la collision entre deux trams, les causes de l\u2019accident restent \u00ab\u00a0ind\u00e9termin\u00e9es\u00a0\u00bb"},"content":{"rendered":"<p><a href=\"https:\/\/www.dna.fr\/faits-divers-justice\/2025\/01\/11\/collision-entre-deux-tramways-en-gare-une-cinquantaine-de-blesses\" target=\"_blank\" rel=\"noopener\">La collision entre deux trams, survenue le samedi 11\u00a0janvier 2025<\/a>, constitue vraisemblablement le plus grave accident qu\u2019a connu le r\u00e9seau de tramway strasbourgeois depuis son renouveau en 1994. Ce jour-l\u00e0 peu apr\u00e8s 15\u00a0h, un tram circulant dans le tunnel de la gare en direction du centre-ville a d\u00fb s\u2019arr\u00eater dans la rampe menant \u00e0 la station Halles-Ancienne synagogue, \u00e0 laquelle un autre tram \u00e9tait stopp\u00e9. Soudain cette rame a recul\u00e9 et pris de la vitesse en marche arri\u00e8re pour venir percuter un tram \u00e0 l\u2019arr\u00eat sur la m\u00eame voie dans la station souterraine Gare centrale.<\/p>\n<p>Sous l\u2019effet du choc, les rames ont \u00e9t\u00e9 disloqu\u00e9es au niveau des soufflets. Les secours, arriv\u00e9s rapidement, ont d\u00e9ploy\u00e9 le dispositif \u201cplan de secours nombreuses victimes\u201d. Le bilan officiel&#8230;<\/p>\n","protected":false},"excerpt":{"rendered":"La collision entre deux trams, survenue le samedi 11\u00a0janvier 2025, constitue vraisemblablement le plus grave accident qu\u2019a connu&hellip;\n","protected":false},"author":2,"featured_media":649524,"comment_status":"","ping_status":"","sticky":false,"template":"","format":"standard","meta":{"footnotes":""},"categories":[2820],"tags":[119,1111,11,2389,2649,33,2880,1777,674,274,107,1011,27,775,12,25,640,2879,2803,216],"class_list":{"0":"post-649523","1":"post","2":"type-post","3":"status-publish","4":"format-standard","5":"has-post-thumbnail","7":"category-strasbourg","8":"tag-accident","9":"tag-actu","10":"tag-actualites","11":"tag-alsace","12":"tag-bas-rhin","13":"tag-economie","14":"tag-edition-strasbourg","15":"tag-eu","16":"tag-europe","17":"tag-faits-divers-justice","18":"tag-fil-info","19":"tag-fr","20":"tag-france","21":"tag-grand-est","22":"tag-news","23":"tag-republique-francaise","24":"tag-strasbourg","25":"tag-strasbourg-ville","26":"tag-transport","27":"tag-vie-des-entreprises"},"share_on_mastodon":{"url":"https:\/\/pubeurope.com\/@fr\/115859887481553915","error":""},"_links":{"self":[{"href":"https:\/\/www.europesays.com\/fr\/wp-json\/wp\/v2\/posts\/649523","targetHints":{"allow":["GET"]}}],"collection":[{"href":"https:\/\/www.europesays.com\/fr\/wp-json\/wp\/v2\/posts"}],"about":[{"href":"https:\/\/www.europesays.com\/fr\/wp-json\/wp\/v2\/types\/post"}],"author":[{"embeddable":true,"href":"https:\/\/www.europesays.com\/fr\/wp-json\/wp\/v2\/users\/2"}],"replies":[{"embeddable":true,"href":"https:\/\/www.europesays.com\/fr\/wp-json\/wp\/v2\/comments?post=649523"}],"version-history":[{"count":0,"href":"https:\/\/www.europesays.com\/fr\/wp-json\/wp\/v2\/posts\/649523\/revisions"}],"wp:featuredmedia":[{"embeddable":true,"href":"https:\/\/www.europesays.com\/fr\/wp-json\/wp\/v2\/media\/649524"}],"wp:attachment":[{"href":"https:\/\/www.europesays.com\/fr\/wp-json\/wp\/v2\/media?parent=649523"}],"wp:term":[{"taxonomy":"category","embeddable":true,"href":"https:\/\/www.europesays.com\/fr\/wp-json\/wp\/v2\/categories?post=649523"},{"taxonomy":"post_tag","embeddable":true,"href":"https:\/\/www.europesays.com\/fr\/wp-json\/wp\/v2\/tags?post=649523"}],"curies":[{"name":"wp","href":"https:\/\/api.w.org\/{rel}","templated":true}]}}