{"id":649531,"date":"2026-01-08T14:17:15","date_gmt":"2026-01-08T14:17:15","guid":{"rendered":"https:\/\/www.europesays.com\/fr\/649531\/"},"modified":"2026-01-08T14:17:15","modified_gmt":"2026-01-08T14:17:15","slug":"deux-adolescents-enleves-et-violentes-pres-de-nantes","status":"publish","type":"post","link":"https:\/\/www.europesays.com\/fr\/649531\/","title":{"rendered":"deux adolescents enlev\u00e9s et violent\u00e9s pr\u00e8s de Nantes"},"content":{"rendered":"<p>L&rsquo;histoire fait froid dans le dos. Deux adolescents de 14 et 16 ans ont \u00e9t\u00e9 enlev\u00e9s, frapp\u00e9s et menac\u00e9s de mort dans la nuit de vendredi \u00e0 samedi pr\u00e8s de Nantes (Loire-Atlantique), selon le parquet, confirmant une information de <a href=\"https:\/\/www.ouest-france.fr\/societe\/faits-divers\/enleves-battus-denudes-la-nuit-de-terreur-de-deux-adolescents-contraints-de-creuser-leur-tombe-pres-de-nantes-25b693c0-e958-11f0-9b78-7c77e15311d5\" target=\"_blank\" rel=\"nofollow noopener\">Ouest-France<\/a>. \u00ab Ces \u00e9v\u00e8nements ne sont pas sans lien avec des infractions \u00e0 la l\u00e9gislation sur les stup\u00e9fiants et des luttes de territoires \u00bb, a d\u00e9clar\u00e9 le procureur de la R\u00e9publique de Nantes, Antoine Leroy.<\/p>\n<p>Les deux adolescents ont \u00e9t\u00e9 enlev\u00e9s \u00e0 bord d&rsquo;un v\u00e9hicule vers 1 heure du matin \u00e0 Carquefou. Ils ont \u00e9t\u00e9 secourus quelques heures plus tard apr\u00e8s avoir frapp\u00e9 \u00e0 la porte d&rsquo;une habitation de La-Chapelle-sur-Erdre, une commune voisine. Ils \u00e9taient nus et ensanglant\u00e9s.<\/p>\n<p>Ce contenu est bloqu\u00e9 car vous n&rsquo;avez pas accept\u00e9 les cookies et autres traceurs.<\/p>\n<p>En cliquant sur \u00ab J\u2019accepte \u00bb, les cookies et autres traceurs seront d\u00e9pos\u00e9s et vous pourrez visualiser les contenus  (<a href=\"\" class=\"consentModule_policy\" target=\"_blank\" title=\"Consulter la politique de protection des donn\u00e9es du fournisseur\">plus d&rsquo;informations<\/a>).<\/p>\n<p>En cliquant sur \u00ab J\u2019accepte tous les cookies \u00bb, vous autorisez des d\u00e9p\u00f4ts de cookies et autres traceurs pour le stockage de vos donn\u00e9es sur nos sites et applications \u00e0 des fins de personnalisation et de ciblage publicitaire.<\/p>\n<p class=\"consentModule_secondaryText\">Vous gardez la possibilit\u00e9 de retirer votre consentement \u00e0 tout moment en consultant notre <a href=\"https:\/\/www.ledauphine.com\/protection-des-donnees\" target=\"_blank\" title=\"Consulter notre politique de protection des donn\u00e9es\" rel=\"noopener\">politique de protection des donn\u00e9es<\/a>. <br \/>&#13;<br \/>\n            <a href=\"https:\/\/www.ledauphine.com\/faits-divers-justice\/2026\/01\/08\/javascript:Didomi.notice.show()\" class=\"consentModule_cmp\" target=\"_blank\" rel=\"noopener\">G\u00e9rer mes choix<\/a>&#13;\n        <\/p>\n<p>&#13;<br \/>\n                        J&rsquo;accepte&#13;<br \/>\n            J&rsquo;accepte tous les cookies&#13;\n        <\/p>\n<p>Les deux adolescents pr\u00e9sentaient des traces de coups au visage et des plaies au niveau des mains. L&rsquo;un d&rsquo;eux a re\u00e7u un coup de couteau \u00e0 la cuisse. Les deux jeunes ont par ailleurs \u00e9t\u00e9 emmen\u00e9s dans un bois et contraints de \u00ab creuser leur tombe \u00bb, a d\u00e9taill\u00e9 le parquet. L&rsquo;enqu\u00eate pour violences et s\u00e9questration a \u00e9t\u00e9 confi\u00e9e \u00e0 la police judiciaire de Nantes.<\/p>\n","protected":false},"excerpt":{"rendered":"L&rsquo;histoire fait froid dans le dos. Deux adolescents de 14 et 16 ans ont \u00e9t\u00e9 enlev\u00e9s, frapp\u00e9s et&hellip;\n","protected":false},"author":2,"featured_media":649532,"comment_status":"","ping_status":"","sticky":false,"template":"","format":"standard","meta":{"footnotes":""},"categories":[2818],"tags":[1111,11,271,272,1777,674,274,107,1011,27,329,766,12,2636,25],"class_list":{"0":"post-649531","1":"post","2":"type-post","3":"status-publish","4":"format-standard","5":"has-post-thumbnail","7":"category-nantes","8":"tag-actu","9":"tag-actualites","10":"tag-crime","11":"tag-delit-et-contravention","12":"tag-eu","13":"tag-europe","14":"tag-faits-divers-justice","15":"tag-fil-info","16":"tag-fr","17":"tag-france","18":"tag-france-monde","19":"tag-nantes","20":"tag-news","21":"tag-pays-de-la-loire","22":"tag-republique-francaise"},"share_on_mastodon":{"url":"https:\/\/pubeurope.com\/@fr\/115859911183461008","error":""},"_links":{"self":[{"href":"https:\/\/www.europesays.com\/fr\/wp-json\/wp\/v2\/posts\/649531","targetHints":{"allow":["GET"]}}],"collection":[{"href":"https:\/\/www.europesays.com\/fr\/wp-json\/wp\/v2\/posts"}],"about":[{"href":"https:\/\/www.europesays.com\/fr\/wp-json\/wp\/v2\/types\/post"}],"author":[{"embeddable":true,"href":"https:\/\/www.europesays.com\/fr\/wp-json\/wp\/v2\/users\/2"}],"replies":[{"embeddable":true,"href":"https:\/\/www.europesays.com\/fr\/wp-json\/wp\/v2\/comments?post=649531"}],"version-history":[{"count":0,"href":"https:\/\/www.europesays.com\/fr\/wp-json\/wp\/v2\/posts\/649531\/revisions"}],"wp:featuredmedia":[{"embeddable":true,"href":"https:\/\/www.europesays.com\/fr\/wp-json\/wp\/v2\/media\/649532"}],"wp:attachment":[{"href":"https:\/\/www.europesays.com\/fr\/wp-json\/wp\/v2\/media?parent=649531"}],"wp:term":[{"taxonomy":"category","embeddable":true,"href":"https:\/\/www.europesays.com\/fr\/wp-json\/wp\/v2\/categories?post=649531"},{"taxonomy":"post_tag","embeddable":true,"href":"https:\/\/www.europesays.com\/fr\/wp-json\/wp\/v2\/tags?post=649531"}],"curies":[{"name":"wp","href":"https:\/\/api.w.org\/{rel}","templated":true}]}}