{"id":649537,"date":"2026-01-08T14:20:10","date_gmt":"2026-01-08T14:20:10","guid":{"rendered":"https:\/\/www.europesays.com\/fr\/649537\/"},"modified":"2026-01-08T14:20:10","modified_gmt":"2026-01-08T14:20:10","slug":"1150-postes-a-pourvoir-dans-laeronautique-la-defense-et-le-spatial-lors-de-laeroday-a-toulouse","status":"publish","type":"post","link":"https:\/\/www.europesays.com\/fr\/649537\/","title":{"rendered":"1150 postes \u00e0 pourvoir dans l&rsquo;a\u00e9ronautique, la d\u00e9fense et le spatial lors de l&rsquo;AeroDay, \u00e0 Toulouse"},"content":{"rendered":"<p>                    Par<br \/>\n        <strong><br \/>\n            <a href=\"https:\/\/actu.fr\/auteur\/anaelle-petit\" title=\"Consulter tous les articles de Ana\u00eblle Petit\" target=\"_blank\" rel=\"noopener\">Ana\u00eblle Petit<\/a><br \/>\n                    <\/strong><\/p>\n<p>        Publi\u00e9 le<\/p>\n<p>            8 janv. 2026 \u00e0 13h08        <\/p>\n<p>Le groupe Randstad organise <strong>la 5e \u00e9dition de l\u2019A\u00e9roDay<\/strong>, une grande journ\u00e9e de recrutement d\u00e9di\u00e9e \u00e0<strong> l\u2019a\u00e9ronautique, au spatial et \u00e0 la d\u00e9fense<\/strong>. <strong>1\u2009150 postes<\/strong> sont disponibles en <a href=\"https:\/\/actu.fr\/occitanie\/\" target=\"_blank\" rel=\"noopener\">Occitanie<\/a>. Pour ceux qui r\u00eavent d\u2019un emploi dans ces secteurs, rendez-vous <strong>le jeudi 22\u00a0janvier 2026<\/strong> de 9\u2009h \u00e0 18\u2009h dans les loges du Stadium de <a href=\"https:\/\/actu.fr\/toulouse\/\" target=\"_blank\" rel=\"noopener\">Toulouse<\/a>.<\/p>\n<p>Un large \u00e9ventail de m\u00e9tiers<\/p>\n<p class=\" wall-content\">Les offres durant l\u2019A\u00e9roDay s\u2019adressent en partie \u00e0 des profils exp\u00e9riment\u00e9s mais certaines sont <strong>enti\u00e8rement accessibles aux d\u00e9butants<\/strong>, avec la possibilit\u00e9 de suivre des formations qualifiantes. Hommes, femmes, personnes en situation de handicap\u2026 <strong>les offres sont ouvertes \u00e0 tout le monde<\/strong>.<\/p>\n<p class=\" wall-content\">Les profils recherch\u00e9s couvrent<strong> un large \u00e9ventail de m\u00e9tiers<\/strong>\u2009: m\u00e9caniciens a\u00e9ronautiques, \u00e9lectriciens et c\u00e2bleurs, peintres a\u00e9ronautiques, logisticiens, ing\u00e9nieurs ou encore contr\u00f4leurs qualit\u00e9\u2026 Les postes propos\u00e9s correspondent \u00e0 des CDI, CDD, missions d\u2019int\u00e9rims de longue dur\u00e9e ou CDI int\u00e9rimaires.<\/p>\n<p>Dans la peau d\u2019un constructeur d\u2019avion<\/p>\n<p class=\" wall-content\">Tout au long de l\u2019A\u00e9roDay, les candidats pourront \u00e9changer avec les entreprises et recruteurs. <strong>Des ateliers de pr\u00e9paration aux entretiens<\/strong> seront mis en place avec notamment des conseils pour am\u00e9liorer son CV.<\/p>\n<p class=\" wall-content\">Il sera aussi possible de d\u00e9couvrir les diff\u00e9rents m\u00e9tiers du secteur gr\u00e2ce \u00e0<strong> des outils de r\u00e9alit\u00e9 virtuelle<\/strong> qui vous plongeront directement <strong>dans la peau d\u2019un constructeur d\u2019avion\u2009!<\/strong><\/p>\n<p>Vid\u00e9os : en ce moment sur Actu\u00ab\u2009Une acc\u00e9l\u00e9ration strat\u00e9gique sans pr\u00e9c\u00e9dent\u2009\u00bb<\/p>\n<p class=\" wall-content\">\u00ab\u2009L\u2019industrie de l\u2019a\u00e9ronautique, du spatial et de la d\u00e9fense est au c\u0153ur d\u2019une <strong>acc\u00e9l\u00e9ration strat\u00e9gique sans pr\u00e9c\u00e9dent<\/strong>\u2009\u00bb, souligne <strong>Beno\u00eet Labrousse<\/strong>, pr\u00e9sident du groupe <a href=\"https:\/\/actu.fr\/occitanie\/balma_31044\/pres-de-toulouse-cette-agence-veut-offrir-100-emplois-avant-la-fin-de-l-annee_60707169.html\" target=\"_blank\" rel=\"noopener\">Randstad <\/a>France, dans un communiqu\u00e9.<\/p>\n<p class=\" wall-content\">Cette campagne de recrutement a particuli\u00e8rement du sens \u00e0 Toulouse puisque la Ville Rose est la<a href=\"https:\/\/actu.fr\/occitanie\/toulouse_31555\/toulouse-plus-que-jamais-capitale-de-l-aerospatiale-ces-chiffres-geants-devoiles-par-l-insee_62247479.html\" target=\"_blank\" rel=\"noopener\"> <strong>capitale fran\u00e7aise et europ\u00e9enne de l\u2019a\u00e9ronautique et de l\u2019a\u00e9rospatiale<\/strong><\/a>. Un secteur qui repr\u00e9sente ici des milliers d\u2019emplois directs et indirects.<\/p>\n<p>Votre r\u00e9gion, votre actu !<\/p>\n<p>Recevez chaque jour les infos qui comptent pour vous.<\/p>\n<p>\t<a href=\"https:\/\/actu.fr\/newsletter\" class=\"ac-btn ac-btn--corner ac-btn--medium ac-btn--blue800\" target=\"_blank\" rel=\"noopener\">S&rsquo;incrire<\/a><br \/>\nPour participer \u00e0 l\u2019A\u00e9roDay 2026\u00a0: inscription via formulaire sur<a href=\"https:\/\/www.randstad.fr\/aeroday-2026\/\" target=\"_blank\" rel=\"noopener\"> le site de Randstad<\/a>.<br \/>\nLe 22\/01\/26 de 9\u2009h \u00e0 18\u2009h<br \/>\nLoges du Stadium de Toulouse.<\/p>\n<p class=\" wall-content\">Personnalisez votre actualit\u00e9 en ajoutant vos villes et m\u00e9dias en favori avec <a href=\"https:\/\/moncompte.actu.fr\" title=\"D\u00e9couvez Mon Actu\" rel=\"nofollow noopener\" data-trk=\"{&quot;cta&quot;:{&quot;action&quot;:&quot;https:\\\/\\\/moncompte.actu.fr&quot;,&quot;category&quot;:&quot;mon compte&quot;,&quot;from&quot;:&quot;article footer&quot;,&quot;name&quot;:&quot;Mon actu&quot;,&quot;type&quot;:&quot;cta&quot;}}\" target=\"_blank\">Mon Actu<\/a>.<\/p>\n","protected":false},"excerpt":{"rendered":"Par Ana\u00eblle Petit Publi\u00e9 le 8 janv. 2026 \u00e0 13h08 Le groupe Randstad organise la 5e \u00e9dition de&hellip;\n","protected":false},"author":2,"featured_media":649538,"comment_status":"","ping_status":"","sticky":false,"template":"","format":"standard","meta":{"footnotes":""},"categories":[2816],"tags":[1111,11,296,341,1777,674,1011,27,12,2680,25,104,7906,2312],"class_list":{"0":"post-649537","1":"post","2":"type-post","3":"status-publish","4":"format-standard","5":"has-post-thumbnail","7":"category-toulouse","8":"tag-actu","9":"tag-actualites","10":"tag-aeronautique","11":"tag-emploi","12":"tag-eu","13":"tag-europe","14":"tag-fr","15":"tag-france","16":"tag-news","17":"tag-occitanie","18":"tag-republique-francaise","19":"tag-societe","20":"tag-stadium-de-toulouse","21":"tag-toulouse"},"share_on_mastodon":{"url":"https:\/\/pubeurope.com\/@fr\/115859922895333709","error":""},"_links":{"self":[{"href":"https:\/\/www.europesays.com\/fr\/wp-json\/wp\/v2\/posts\/649537","targetHints":{"allow":["GET"]}}],"collection":[{"href":"https:\/\/www.europesays.com\/fr\/wp-json\/wp\/v2\/posts"}],"about":[{"href":"https:\/\/www.europesays.com\/fr\/wp-json\/wp\/v2\/types\/post"}],"author":[{"embeddable":true,"href":"https:\/\/www.europesays.com\/fr\/wp-json\/wp\/v2\/users\/2"}],"replies":[{"embeddable":true,"href":"https:\/\/www.europesays.com\/fr\/wp-json\/wp\/v2\/comments?post=649537"}],"version-history":[{"count":0,"href":"https:\/\/www.europesays.com\/fr\/wp-json\/wp\/v2\/posts\/649537\/revisions"}],"wp:featuredmedia":[{"embeddable":true,"href":"https:\/\/www.europesays.com\/fr\/wp-json\/wp\/v2\/media\/649538"}],"wp:attachment":[{"href":"https:\/\/www.europesays.com\/fr\/wp-json\/wp\/v2\/media?parent=649537"}],"wp:term":[{"taxonomy":"category","embeddable":true,"href":"https:\/\/www.europesays.com\/fr\/wp-json\/wp\/v2\/categories?post=649537"},{"taxonomy":"post_tag","embeddable":true,"href":"https:\/\/www.europesays.com\/fr\/wp-json\/wp\/v2\/tags?post=649537"}],"curies":[{"name":"wp","href":"https:\/\/api.w.org\/{rel}","templated":true}]}}