{"id":649539,"date":"2026-01-08T14:21:10","date_gmt":"2026-01-08T14:21:10","guid":{"rendered":"https:\/\/www.europesays.com\/fr\/649539\/"},"modified":"2026-01-08T14:21:10","modified_gmt":"2026-01-08T14:21:10","slug":"toulouse-previsions-meteo-du-jeudi-08-janvier-2026","status":"publish","type":"post","link":"https:\/\/www.europesays.com\/fr\/649539\/","title":{"rendered":"Toulouse : pr\u00e9visions m\u00e9t\u00e9o du jeudi 08 janvier 2026"},"content":{"rendered":"<p>\u00c0 Toulouse, la journ\u00e9e du jeudi 08 janvier 2026 sera marqu\u00e9e par une pluie faible en matin\u00e9e, suivie d\u2019\u00e9claircies en deuxi\u00e8me partie de journ\u00e9e, avant une soir\u00e9e tr\u00e8s nuageuse. Le vent d\u2019Ouest souffle mod\u00e9r\u00e9ment avec des rafales soutenues.<\/p>\n<p>    Alerte en cours<\/p>\n<p>La Haute-Garonne est plac\u00e9e aujourd\u2019hui en vigilance <b>jaune Avalanche<\/b> jusqu\u2019\u00e0 nouvel ordre. Le bulletin pr\u00e9cise que des ph\u00e9nom\u00e8nes habituels, mais parfois dangereux, peuvent survenir en montagne : coul\u00e9es de neige, d\u00e9parts spontan\u00e9s ou d\u00e9clench\u00e9s par le passage de skieurs.<\/p>\n<p>Si vous envisagez de rejoindre les Pyr\u00e9n\u00e9es ou de traverser un col, il est conseill\u00e9 de v\u00e9rifier l\u2019\u00e9tat des itin\u00e9raires, d\u2019emporter un \u00e9quipement hivernal complet et de rester inform\u00e9 heure par heure.<\/p>\n<p>Pour suivre l\u2019\u00e9volution du niveau de vigilance, consultez notre <a href=\"https:\/\/www.meteocity.com\/france\/alertes\" target=\"_blank\" rel=\"noopener\">page d\u00e9di\u00e9e aux alertes m\u00e9t\u00e9orologiques<\/a>.<\/p>\n<p>Matin : un r\u00e9veil sous la pluie \u2014 lever du soleil 08 h 26<\/p>\n<p>\u00c0 09 h, <b>10 \u00b0C<\/b> seulement au thermom\u00e8tre, mais avec un ressenti de <b>6 \u00b0C<\/b>, accentu\u00e9 par le vent d\u2019Ouest soufflant \u00e0 22 km\/h et des rafales atteignant <b>45 km\/h<\/b>. L\u2019humidit\u00e9 atteint 88 %.<\/p>\n<ul>\n<li><b>Pluie faible<\/b> persistante : 3,4 mm relev\u00e9s.<\/li>\n<li>Pression solide : 1 021 hPa.<\/li>\n<li>Probabilit\u00e9 de pr\u00e9cipitations : 95 %.<\/li>\n<\/ul>\n<p>Ces conditions, typiques d\u2019un front atlantique, peuvent ralentir le trafic routier et saturer les pistes cyclables. Il est recommand\u00e9 de garder l\u2019imperm\u00e9able, de r\u00e9duire la vitesse sur le p\u00e9riph\u00e9rique et de privil\u00e9gier les transports en commun pour arriver sereinement au bureau.<\/p>\n<p>Apr\u00e8s-midi : accalmie et rafales \u2014 ciel variable<\/p>\n<p>Le front se d\u00e9cale vers l\u2019Est : \u00e0 15 h, le ciel devient changeant, alternant \u00e9claircies et cumulus. Le thermom\u00e8tre grimpe \u00e0 <b>14 \u00b0C<\/b>, ressenti <b>10 \u00b0C<\/b>.<\/p>\n<p>La pluie devient anecdotique, mais le vent reste pr\u00e9sent. On attend encore des rafales d\u2019Ouest \u00e0 <b>45 km\/h<\/b>, de quoi chahuter les parapluies et rafra\u00eechir l\u2019atmosph\u00e8re malgr\u00e9 la hausse des temp\u00e9ratures.<\/p>\n<p>L\u2019humidit\u00e9 recule \u00e0 67 % et la pression atteint 1 019 hPa, signe d\u2019une stabilit\u00e9 toute relative. On profite des perc\u00e9es de soleil pour une pause \u00e0 l\u2019ext\u00e9rieur, tout en gardant un coupe-vent \u00e0 port\u00e9e de main.<\/p>\n<p>Soir : grisaille douce \u2014 coucher du soleil 17 h 34<\/p>\n<p>\u00c0 21 h, le ciel redevient tr\u00e8s nuageux. Il fait <b>8 \u00b0C<\/b>, ressenti <b>6 \u00b0C<\/b>. Le vent tombe \u00e0 6 km\/h, les rafales notables disparaissent ; l\u2019ambiance est calme mais reste humide (91 %).<\/p>\n<p>Le risque d\u2019averse demeure inf\u00e9rieur \u00e0 5 %. Cette douceur relative et la faible brise limitent la formation de brouillard, mais la chauss\u00e9e peut rester humide apr\u00e8s les pluies de la journ\u00e9e. Prudence pour les retours tardifs.<\/p>\n<p>Tendance g\u00e9n\u00e9rale pour demain<\/p>\n<p>Vendredi 9 janvier s\u2019annonce encore perturb\u00e9 : le sc\u00e9nario dominant reste la <b>pluie faible<\/b>. On pr\u00e9voit un mercure compris entre <b>6 \u00b0C<\/b> et <b>11 \u00b0C<\/b> et un cumul de 2,1 mm.<\/p>\n<p>Le vent d\u2019Ouest acc\u00e9l\u00e9rera nettement, avec des pointes jusqu\u2019\u00e0 <b>67 km\/h<\/b>. Ces bourrasques pourront provoquer des branches au sol et rendre p\u00e9nible la circulation des deux-roues.<\/p>\n<p>Pression en retrait (997 hPa) et humidit\u00e9 moyenne (81 %) t\u00e9moignent d\u2019un flux oc\u00e9anique dynamique. Avant de planifier vos sorties du week-end, suivez nos mises \u00e0 jour sur la page <a href=\"https:\/\/www.meteocity.com\/france\/toulouse-v2972315\" target=\"_blank\" rel=\"noopener\">M\u00e9t\u00e9o Toulouse<\/a>.<\/p>\n","protected":false},"excerpt":{"rendered":"\u00c0 Toulouse, la journ\u00e9e du jeudi 08 janvier 2026 sera marqu\u00e9e par une pluie faible en matin\u00e9e, suivie&hellip;\n","protected":false},"author":2,"featured_media":649540,"comment_status":"","ping_status":"","sticky":false,"template":"","format":"standard","meta":{"footnotes":""},"categories":[2816],"tags":[1111,11,1777,674,1011,27,12,2680,25,2312],"class_list":{"0":"post-649539","1":"post","2":"type-post","3":"status-publish","4":"format-standard","5":"has-post-thumbnail","7":"category-toulouse","8":"tag-actu","9":"tag-actualites","10":"tag-eu","11":"tag-europe","12":"tag-fr","13":"tag-france","14":"tag-news","15":"tag-occitanie","16":"tag-republique-francaise","17":"tag-toulouse"},"share_on_mastodon":{"url":"https:\/\/pubeurope.com\/@fr\/115859926843854512","error":""},"_links":{"self":[{"href":"https:\/\/www.europesays.com\/fr\/wp-json\/wp\/v2\/posts\/649539","targetHints":{"allow":["GET"]}}],"collection":[{"href":"https:\/\/www.europesays.com\/fr\/wp-json\/wp\/v2\/posts"}],"about":[{"href":"https:\/\/www.europesays.com\/fr\/wp-json\/wp\/v2\/types\/post"}],"author":[{"embeddable":true,"href":"https:\/\/www.europesays.com\/fr\/wp-json\/wp\/v2\/users\/2"}],"replies":[{"embeddable":true,"href":"https:\/\/www.europesays.com\/fr\/wp-json\/wp\/v2\/comments?post=649539"}],"version-history":[{"count":0,"href":"https:\/\/www.europesays.com\/fr\/wp-json\/wp\/v2\/posts\/649539\/revisions"}],"wp:featuredmedia":[{"embeddable":true,"href":"https:\/\/www.europesays.com\/fr\/wp-json\/wp\/v2\/media\/649540"}],"wp:attachment":[{"href":"https:\/\/www.europesays.com\/fr\/wp-json\/wp\/v2\/media?parent=649539"}],"wp:term":[{"taxonomy":"category","embeddable":true,"href":"https:\/\/www.europesays.com\/fr\/wp-json\/wp\/v2\/categories?post=649539"},{"taxonomy":"post_tag","embeddable":true,"href":"https:\/\/www.europesays.com\/fr\/wp-json\/wp\/v2\/tags?post=649539"}],"curies":[{"name":"wp","href":"https:\/\/api.w.org\/{rel}","templated":true}]}}