{"id":649556,"date":"2026-01-08T14:31:17","date_gmt":"2026-01-08T14:31:17","guid":{"rendered":"https:\/\/www.europesays.com\/fr\/649556\/"},"modified":"2026-01-08T14:31:17","modified_gmt":"2026-01-08T14:31:17","slug":"jai-vecu-deux-echecs-semblables-a-tokyo-et-a-paris-henrik-von-eckermann-3-3","status":"publish","type":"post","link":"https:\/\/www.europesays.com\/fr\/649556\/","title":{"rendered":"\u201cJ\u2019ai v\u00e9cu deux \u00e9checs semblables \u00e0 Tokyo et \u00e0 Paris\u201d, Henrik von Eckermann (3\/3)"},"content":{"rendered":"<p class=\"alith_post_except\">\u201cDans un grand rendez-vous, on esp\u00e8re toujours que des choses inattendues se passent\u201d, d\u00e9plore-t-il, au hasard d\u2019une question sur les championnats d\u2019Europe de La Corogne, qui ont donn\u00e9 lieu \u00e0 un nombre record de sans-faute, laissant les spectateurs sur leur faim. En mati\u00e8re d\u2019impr\u00e9vu, Henrik von Eckermann sait de quoi il parle: l\u2019an pass\u00e9, il en a lui-m\u00eame fait les frais aux Jeux olympiques de Paris, o\u00f9 il a essuy\u00e9 une terrible chute de son crackissime King Edward Ress en finale individuelle. Cette m\u00e9saventure versaillaise en mondovision, dont les images resteront grav\u00e9es dans l\u2019esprit de tous ceux qui y ont assist\u00e9, a sonn\u00e9 le glas d\u2019un r\u00e8gne long de pr\u00e8s de trois ans. Depuis, le Su\u00e9dois de quarante-quatre ans a c\u00e9d\u00e9 son brassard de num\u00e9ro un mondial \u00e0 l\u2019\u00c9tatsunien Kent Farrington, mais n\u2019a rien perdu de sa soif de succ\u00e8s. Confortablement install\u00e9 dans ses charmantes \u00e9curies de Kessel, entre Eindhoven et la fronti\u00e8re n\u00e9erlando-allemande, o\u00f9 il vit avec son \u00e9pouse Janika Sprunger et leur fils Noah, le multi-m\u00e9daill\u00e9 prend patiemment le temps de former ses futures recrues et de pr\u00e9parer le retour de son petit alezan. Il en parle, entre autres sujets, dans ce long entretien r\u00e9alis\u00e9 \u00e0 domicile.<\/p>\n<p>&#13;<br \/>\n&#13;<br \/>\nLa deuxi\u00e8me partie de cet entretien est disponible ici.\u00c0 votre place, bien des gens auraient pris une semaine de vacances, mais vous avez d\u00e9cid\u00e9 de participer directement au CSIO 5* de Dublin puis au CSI 5* de Valkenswaard d\u00e8s la semaine suivante. \u00c9tait-ce votre mani\u00e8re de passer \u00e0 autre chose?Il \u00e9tait important pour moi de vite repartir en concours. Je ne voulais pas rester \u00e0 la maison \u00e0 tourner en rond en ressassant. Cela m\u2019a fait beaucoup de bien puisque j\u2019ai termin\u00e9 troisi\u00e8me du Grand Prix de Valkenswaard avec Glamour Girl (Gaesbekers, KWPN, Quamikase des For\u00eats x Caletto I), qui a \u00e9galement remport\u00e9 l\u2019\u00e9preuve qualificative. J\u2019\u00e9tais tr&amp;egr&#8230;                                    <\/p>\n<p><\/p>\n<p>                                &#13;<\/p>\n<p>                                                        Retrouvez<\/p>\n<p>                                                        HENRIK VON ECKERMANN<\/p>\n<p>                                                        en vid\u00e9os sur<\/p>\n<p>                                                        <img decoding=\"async\" src=\"https:\/\/www.europesays.com\/fr\/wp-content\/uploads\/2025\/05\/logo.png\" alt=\"logo grandprix.tv\" class=\"dklr-gpe-gpetv-logo\"\/><\/p>\n<p>                                                    <img decoding=\"async\" src=\"https:\/\/www.europesays.com\/fr\/wp-content\/uploads\/2026\/01\/1767882676_472_miniature.jpg\" alt=\"Image Julien \u00c9paillard et Donatello d'Auge\" class=\"dkr-gpe-img\"\/><\/p>\n<p>                                                        Retrouvez<\/p>\n<p>                                                        KING EDWARD<\/p>\n<p>                                                        en vid\u00e9os sur<\/p>\n<p>                                                        <img decoding=\"async\" src=\"https:\/\/www.europesays.com\/fr\/wp-content\/uploads\/2025\/05\/logo.png\" alt=\"logo grandprix.tv\" class=\"dklr-gpe-gpetv-logo\"\/><\/p>\n<p>                                                    <img decoding=\"async\" src=\"https:\/\/www.europesays.com\/fr\/wp-content\/uploads\/2026\/01\/1767882677_560_miniature.jpg\" alt=\"Image Julien \u00c9paillard et Donatello d'Auge\" class=\"dkr-gpe-img\"\/><\/p>\n<p>                                    &#13;<br \/>\n&#13;<\/p>\n","protected":false},"excerpt":{"rendered":"\u201cDans un grand rendez-vous, on esp\u00e8re toujours que des choses inattendues se passent\u201d, d\u00e9plore-t-il, au hasard d\u2019une question&hellip;\n","protected":false},"author":2,"featured_media":649557,"comment_status":"","ping_status":"","sticky":false,"template":"","format":"standard","meta":{"footnotes":""},"categories":[1888],"tags":[1111,1928,11,1927,1777,674,1011,27,12,1926,626,1925,25],"class_list":{"0":"post-649556","1":"post","2":"type-post","3":"status-publish","4":"format-standard","5":"has-post-thumbnail","7":"category-paris","8":"tag-actu","9":"tag-actu-paris","10":"tag-actualites","11":"tag-actualites-paris","12":"tag-eu","13":"tag-europe","14":"tag-fr","15":"tag-france","16":"tag-news","17":"tag-news-paris","18":"tag-paris","19":"tag-paris-news","20":"tag-republique-francaise"},"share_on_mastodon":{"url":"https:\/\/pubeurope.com\/@fr\/115859966302225068","error":""},"_links":{"self":[{"href":"https:\/\/www.europesays.com\/fr\/wp-json\/wp\/v2\/posts\/649556","targetHints":{"allow":["GET"]}}],"collection":[{"href":"https:\/\/www.europesays.com\/fr\/wp-json\/wp\/v2\/posts"}],"about":[{"href":"https:\/\/www.europesays.com\/fr\/wp-json\/wp\/v2\/types\/post"}],"author":[{"embeddable":true,"href":"https:\/\/www.europesays.com\/fr\/wp-json\/wp\/v2\/users\/2"}],"replies":[{"embeddable":true,"href":"https:\/\/www.europesays.com\/fr\/wp-json\/wp\/v2\/comments?post=649556"}],"version-history":[{"count":0,"href":"https:\/\/www.europesays.com\/fr\/wp-json\/wp\/v2\/posts\/649556\/revisions"}],"wp:featuredmedia":[{"embeddable":true,"href":"https:\/\/www.europesays.com\/fr\/wp-json\/wp\/v2\/media\/649557"}],"wp:attachment":[{"href":"https:\/\/www.europesays.com\/fr\/wp-json\/wp\/v2\/media?parent=649556"}],"wp:term":[{"taxonomy":"category","embeddable":true,"href":"https:\/\/www.europesays.com\/fr\/wp-json\/wp\/v2\/categories?post=649556"},{"taxonomy":"post_tag","embeddable":true,"href":"https:\/\/www.europesays.com\/fr\/wp-json\/wp\/v2\/tags?post=649556"}],"curies":[{"name":"wp","href":"https:\/\/api.w.org\/{rel}","templated":true}]}}