{"id":649560,"date":"2026-01-08T14:33:14","date_gmt":"2026-01-08T14:33:14","guid":{"rendered":"https:\/\/www.europesays.com\/fr\/649560\/"},"modified":"2026-01-08T14:33:14","modified_gmt":"2026-01-08T14:33:14","slug":"de-la-bretagne-a-paris-des-rafales-monstres-trajectoire-et-dernieres-infos","status":"publish","type":"post","link":"https:\/\/www.europesays.com\/fr\/649560\/","title":{"rendered":"de la Bretagne \u00e0 Paris, des rafales monstres\u00a0! Trajectoire et derni\u00e8res infos"},"content":{"rendered":"<p>                                    La temp\u00eate Goretti provoque de violentes rafales sur la France ce jeudi 8\u00a0janvier, partant de la Bretagne et remontant vers le Nord, elle va m\u00eame atteindre la capitale. Des perturbations de transports et dans les \u00e9coles sont annonc\u00e9es.\n                            <\/p>\n<p>Apr\u00e8s deux \u00e9pisodes neigeux, la France fait face \u00e0 une temp\u00eate ce jeudi 8 janvier. L&rsquo;air froid est chass\u00e9, mais le temps s&rsquo;agite. La temp\u00eate Goretti provoque de puissantes rafales.\u00a0Cette d\u00e9pression est aussi qualifi\u00e9e de \u00ab\u00a0bombe m\u00e9t\u00e9o\u00a0\u00bb car elle provoque\u00a0une chute rapide de pression.\u00a0M\u00e9t\u00e9o France pr\u00e9cise\u00a0que \u00ab\u00a0la temp\u00eate Goretti circule en Manche entre jeudi soir et vendredi matin, selon une trajectoire un peu plus sud qu&rsquo;envisag\u00e9 hier, occasionnant donc des vents temp\u00e9tueux sur une large partie nord-ouest du pays\u00a0\u00bb. Plus pr\u00e9cis\u00e9ment, selon\u00a0<a href=\"https:\/\/actualite.lachainemeteo.com\/actualite-meteo\/2026-01-06\/tempete-goretti-ce-qui-est-attendu-en-france-entre-jeudi-et-vendredi-84520\" target=\"_blank\" rel=\"noopener\">La Cha\u00eene M\u00e9t\u00e9o<\/a>, le vent devrait toucher \u00ab\u00a0la Bretagne, les Pays de la Loire et l&rsquo;ouest de la Normandie de 17h \u00e0 21h\u00a0\u00bb, puis en soir\u00e9e et pendant la nuit \u00ab\u00a0la Normandie, l&rsquo;\u00cele-de-France et les Hauts-de-France\u00a0\u00bb.\u00a0<\/p>\n<p>M\u00e9t\u00e9o France a alors plac\u00e9 25\u00a0d\u00e9partements en vigilance orange vents violents dans l&rsquo;apr\u00e8s-midi de ce jeudi\u00a0: le Calvados, la Charente-Maritime, les C\u00f4tes d&rsquo;Armor, l&rsquo;Eure, l&rsquo;Eure-et-Loir, le Finist\u00e8re, l&rsquo;Ille-et-Vilaine, la Loire-Atlantique, le Maine-et-Loire, la Mayenne, le Morbihan, l&rsquo;Orne,\u00a0la Sarthe, Paris, la Seine-Maritime, la Seine-et-Marne, les Yvelines, les Deux-S\u00e8vres, la Vend\u00e9e, la Vienne, l&rsquo;Essonne, les Hauts-de-Seine, la Seine-Saint-Denis, le Val-de-Marne et le Val-d&rsquo;Oise avec des rafales\u00a0de l&rsquo;ordre de 100 \u00e0 120 km\/h dans les terres et jusqu&rsquo;\u00e0 130 \u00e0 140 km\/h sur le littoral. Ils sont accompagn\u00e9s d&rsquo;une petite trentaine de d\u00e9partements en vigilance jaune, mais surtout d&rsquo;un d\u00e9partement en vigilance rouge \u00e0 partir de 21 heures : la Manche.<\/p>\n<blockquote class=\"twitter-tweet\"><p>&#13;<\/p>\n<p dir=\"ltr\" lang=\"fr\">Pour jeudi 08 janvier 2026 :<br \/>&#13;<br \/>\n???? 1 d\u00e9partement en Vigilance rouge<br \/>&#13;<br \/>\n???? 27 d\u00e9partements en Vigilance orange<\/p>\n<p>Pour vendredi 09 janvier 2026 :<br \/>&#13;<br \/>\n???? 1 d\u00e9partement en Vigilance rouge<br \/>&#13;<br \/>\n???? 29 d\u00e9partements en Vigilance orange<\/p>\n<p>Restez prudents et inform\u00e9s :<a href=\"https:\/\/vigilance.meteofrance.fr\/fr\" target=\"_blank\" rel=\"noopener\">https:\/\/t.co\/JGz4rTUvHP<\/a> <a href=\"https:\/\/t.co\/XZQWwopyWm\">pic.twitter.com\/XZQWwopyWm<\/a><\/p>\n<p>&#13;<br \/>\n\u2014 VigiM\u00e9t\u00e9oFrance (@VigiMeteoFrance) <a href=\"https:\/\/twitter.com\/VigiMeteoFrance\/status\/2009128923141939705?ref_src=twsrc%5Etfw\" target=\"_blank\" rel=\"noopener\">January 8, 2026<\/a><\/p><\/blockquote>\n<p>&#13;<\/p>\n<p>Dans la nuit, la temp\u00eate va balayer une large partie du pays avec des rafales entre 80 et 100 km\/h dans l&rsquo;int\u00e9rieur des terres \u00ab\u00a0du nord de la Nouvelle-Aquitaine \u00e0 l\u2019Auvergne et sur une grande moiti\u00e9 nord du territoire, 90 \u00e0 100 km\/h sur le littoral atlantique, et 100 \u00e0 120 km\/h sur les c\u00f4tes de la Manche, avec des pointes pouvant atteindre 140 km\/h sur les caps les plus expos\u00e9s\u00a0\u00bb, pr\u00e9cise M\u00e9t\u00e9o France. Elle concernera encore l&rsquo;extr\u00eame-nord du pays vendredi matin avant de s&rsquo;\u00e9vacuer par la Belgique.<\/p>\n<p><img loading=\"lazy\" decoding=\"async\" height=\"576\" src=\"https:\/\/www.europesays.com\/fr\/wp-content\/uploads\/2026\/01\/1767882794_858_live.jpg\" width=\"1024\"\/><\/p>\n<p>Les pr\u00e9visions d\u00e9taill\u00e9es et les perturbations<\/p>\n<p>En <strong>Bretagne<\/strong>. Sur place, le paroxysme devrait \u00eatre atteint entre 18h et 1h du matin dans la nuit de jeudi \u00e0 vendredi, avancent les pr\u00e9visionnistes de <a href=\"https:\/\/www.meteo.bzh\/actualite\/tempete-goretti-le-littoral-nord-en-premiere-ligne-2026-01-07\" target=\"_blank\" rel=\"noopener\">M\u00e9t\u00e9o Bretagne<\/a>. Selon eux, les plus puissantes rafales seront enregistr\u00e9es vers le littoral\u00a0de la Manche. Elles pourront atteindre plus de 140 km\/h. Il est ainsi question de 150 \u00e0 160 km\/h entre Ouessant, la C\u00f4te des L\u00e9gendes, la C\u00f4te de Granit Rose et la C\u00f4te d\u2019Emeraude. Dans les terres, des pointes allant jusqu&rsquo;\u00e0 100 voire 120 km\/h sont possibles\u00a0\u00ab\u00a0du Val de Rance au Centre Armor jusque dans l\u2019int\u00e9rieur du Finist\u00e8re\u00a0\u00bb, d\u00e9taille-t-on. Au niveau des trains, l&rsquo;axe Quimper-Landerneau sera stopp\u00e9 ce jeudi d\u00e8s 16h30, l&rsquo;axe Guingamp-Paimpol d\u00e8s 19h30, l&rsquo;axe Dol de Bretagne-Saint-Malo d\u00e8s 20 heures et enfin la ligne Plouaret-Lannion d\u00e8s 22 heures.<\/p>\n<p>En <strong>\u00cele-de-France<\/strong>.\u00a0En r\u00e9gion parisienne, les rafales attendues peuvent atteindre 100 km\/h pour \u00ab\u00a0un \u00e9pisode qui s&rsquo;annonce durable\u00a0\u00bb, soit sur\u00a0plusieurs heures. Les pointes des rafales sont pr\u00e9vues au nord de la r\u00e9gion. Les transports en commun franciliens aussi seront perturb\u00e9s. Des premi\u00e8res interruptions de trafic sont d&rsquo;ores et d\u00e9j\u00e0 \u00e9t\u00e9 annonc\u00e9es sur le RER D.\u00a0\u00ab\u00a0Le trafic risque d\u2019e\u0302tre perturbe\u0301 de 18 heures jusqu&rsquo;\u00e0 demain midi\u00a0\u00bb, annonce la SNCF. Il pourrait en \u00eatre de m\u00eame sur tous les transiliens.\u00a0Sur le RER C, les perturbations pourront survenir entre 20 heures ce soir et 8 heures demain.\u00a0<\/p>\n<p>En <strong>Normandie<\/strong>. La Manche\u00a0sera particuli\u00e8rement expos\u00e9e avec les rafales les plus puissantes, notamment entre 22 heures et 4 heures du matin. Elles pourraient atteindre 150 \u00e0 160 km\/h sur la c\u00f4te et entre 130 et 140 km\/h dans l&rsquo;int\u00e9rieur des terres \u00e0 partir de la fin de journ\u00e9e et surtout dans la nuit. La SNCF a d\u00e9j\u00e0 annonc\u00e9 la suspension de \u00ab\u00a0l&rsquo;ensemble des circulations ferroviaires d\u00e8s jeudi soir\u00a0\u00bb et ce jusqu&rsquo;\u00e0 une reprise progressive vendredi apr\u00e8s-midi. Le pr\u00e9fet a annonc\u00e9 la fermeture des \u00e9coles, coll\u00e8ges et lyc\u00e9es de la Manche toute la journ\u00e9e de vendredi. Il en est de m\u00eame en Seine-Maritime. Des coupures de courant sont aussi craintes.<\/p>\n<p>Dans les <strong>Hauts-de-France<\/strong>. De puissantes rafales sont aussi annonc\u00e9es en soir\u00e9e et dans la nuit. Elles pourraient\u00a0s&rsquo;\u00e9tendre jusqu&rsquo;\u00e0 vendredi matin. Ainsi, le\u00a0trafic TER dans les Hauts-de-France sera interrompu pour toute la journ\u00e9e de vendredi.<\/p>\n<p>De la houle et de la pluie en prime<\/p>\n<p>De fortes vagues sont \u00e9galement annonc\u00e9es. Elles pourraient atteindre 6 \u00e0 9\u00a0m\u00e8tres sur l&rsquo;Atlantique et la Manche. Il faudra donc \u00eatre tr\u00e8s prudent en mer et sur le littoral. Le Finist\u00e8re, les C\u00f4tes-d&rsquo;Armor, la Manche, et\u00a0l&rsquo;Ille-et-Vilaine sont\u00a0en vigilance orange\u00a0vagues-submersion \u00e0 partir de la fin de journ\u00e9e. Une\u00a0\u00ab\u00a0aggravation de la vigilance vers du orange pour les d\u00e9partements de l&rsquo;ouest Manche pour la pleine mer de jeudi soir vers 23h\u00a0\u00bb est possible, pr\u00e9vient M\u00e9t\u00e9o France.<\/p>\n<p>D&rsquo;importantes pr\u00e9cipitations sont, par ailleurs, \u00e0 pr\u00e9voir. Des pluies battantes s&rsquo;abattent par l&rsquo;ouest et s&rsquo;\u00e9tendent rapidement. Quelques chutes de neige restent possibles dans le centre-est, notamment du c\u00f4t\u00e9 du Massif Central et de la Savoie. 3 d\u00e9partements restent en vigilance orange neige-verglas.<\/p>\n<p><a name=\"post1767879057\"\/>14:30 &#8211; Les rafales commencent \u00e0 se renforcer<\/p>\n<p>La temp\u00eate n&rsquo;est plus tr\u00e8s loin. Les rafales commencent \u00e0 se renforcer en ce d\u00e9but d&rsquo;apr\u00e8s-midi sur la pointe bretonne, avec autour de 90 km\/h. La trajectoire se pr\u00e9cise ensuite :\u00a0elle devrait d&rsquo;abord toucher les c\u00f4tes bretonnes d\u00e8s la fin d&rsquo;apr\u00e8s-midi, puis aller vers les c\u00f4tes de la Manche d\u00e8s 21h pour ensuite s&rsquo;\u00e9largir\u00a0plus largement aux\u00a0c\u00f4tes normandes et la c\u00f4te d&rsquo;Opale jusqu&rsquo;\u00e0 demain matin.<\/p>\n<blockquote class=\"twitter-tweet\"><p>&#13;<\/p>\n<p dir=\"ltr\" lang=\"fr\">????????\ufe0f Temp\u00eate <a href=\"https:\/\/twitter.com\/hashtag\/Goretti?src=hash&amp;ref_src=twsrc%5Etfw\" target=\"_blank\" rel=\"noopener\">#Goretti<\/a><br \/>&#13;<br \/>\nPression minimale chutant vers 970 hPa et trajectoire Ouest\u2013Est en plein centre de la Manche<br \/>&#13;<br \/>\n???? Configuration d\u00e9favorable pour le littoral avec une <a href=\"https:\/\/twitter.com\/hashtag\/surcote?src=hash&amp;ref_src=twsrc%5Etfw\" target=\"_blank\" rel=\"noopener\">#surcote<\/a> record : jusqu\u2019\u00e0 +2 m localement, malgr\u00e9 des coefficients de mar\u00e9e faibles.<br \/>&#13;<br \/>\n\u26a0\ufe0f Risque de submersions\u2026 <a href=\"https:\/\/t.co\/XaHsrB5Pwu\">pic.twitter.com\/XaHsrB5Pwu<\/a><\/p>\n<p>&#13;<br \/>\n\u2014 La Cha\u00eene M\u00e9t\u00e9o (@lachainemeteo) <a href=\"https:\/\/twitter.com\/lachainemeteo\/status\/2009217256694120796?ref_src=twsrc%5Etfw\" target=\"_blank\" rel=\"noopener\">January 8, 2026<\/a><\/p><\/blockquote>\n<p>&#13;<\/p>\n<p><a name=\"post1767876336\"\/>13:45 &#8211; Toutes les \u00e9coles de la Manche ferm\u00e9es, pas de TER de la journ\u00e9e, les mesures se durcissent<\/p>\n<p>Apr\u00e8s avoir annonc\u00e9 la fermeture des \u00e9tablissements scolaires vendredi matin, le pr\u00e9fet de la Manche a finalement \u00e9tendu \u00e0 toute la journ\u00e9e. Dans le d\u00e9partement, \u00ab\u00a0les \u00e9coles, coll\u00e8ges et lyc\u00e9es seront ferm\u00e9s demain, il n\u2019y aura pas cours, les transports scolaires seront supprim\u00e9s\u00a0\u00bb, a-t-il d\u00e9clar\u00e9. Les \u00e9coles sont aussi ferm\u00e9es vendredi en Seine-Maritime. La pr\u00e9fecture de Loire-Atlantique a, pour sa part, recommand\u00e9 aux \u00e9tablissements scolaires d\u2019encourager les parents \u00e0 venir chercher leurs enfants \u00e0 partir de 14 h. Du c\u00f4t\u00e9 des Hauts-de-France, l&rsquo;arr\u00eat des TER est \u00e9galement \u00e9tendu. \u00ab\u00a0Le trafic TER sera interrompu sur la r\u00e9gion Hauts-de-France toute la journ\u00e9e du vendredi 9 janvier\u00a0\u00bb, peut-on lire sur X<\/p>\n<p><a name=\"post1767874492\"\/>13:14 &#8211; De nouvelles perturbations annonc\u00e9es sur les transports parisiens<\/p>\n<p>Apr\u00e8s le RER D et la ligne R, la\u00a0RATP pr\u00e9vient de risques de perturbations sur toutes ses lignes de Transilien en \u00cele-de-France d\u00e8s 18 heures et ce jusqu\u2019\u00e0 demain midi. De plus, le RER C risque d\u2019\u00eatre perturb\u00e9 \u201cd\u00e8s 20 heures\u201d et jusqu\u2019\u00e0 8 heures vendredi. De m\u00eame pour la ligne V.\u00a0<\/p>\n<p><a name=\"post1767870370\"\/>12:06 &#8211; Les fermetures de parcs se multiplient<\/p>\n<p>Si la pr\u00e9fecture de la Manche ferme les \u00e9coles et les parcs et jardins\u00a0et appelle les habitants \u00e0 ne pas utiliser leurs v\u00e9hicules et m\u00eame \u00e0 pr\u00e9voir des moyens d\u2019\u00e9clairage de secours et une r\u00e9serve d\u2019eau potable, d&rsquo;autres villes et d\u00e9partements prennent leur pr\u00e9caution. Ils\u00a0ferment progressivement les parcs, jardins\u00a0et cimeti\u00e8res. C&rsquo;est notamment le cas \u00e0 Caen, Brest ou encore en\u00a0Seine-Saint-Denis.\u00a0<\/p>\n<p><a name=\"post1767867356\"\/>11:15 &#8211; Des \u00e9coles ferm\u00e9es et la population alert\u00e9e<\/p>\n<p>L&rsquo;alerte grossit dans la Manche. La pr\u00e9fecture a d\u00e9cid\u00e9 d&rsquo;envoyer un message FR-Alert sur tous les t\u00e9l\u00e9phones du d\u00e9partement de la Manche. Elles donnent les consignes aux habitants suite \u00e0 cet \u00e9v\u00e9nement exceptionnel. De plus, les mesures de pr\u00e9vention se multiplient. Apr\u00e8s les transports qui seront suspendus, le pr\u00e9fet de la Manche Marc Chappuis a annonc\u00e9\u00a0sur BFMTV la fermeture de toutes les \u00e9coles du d\u00e9partement demain matin. \u00ab\u00a0Je prendrai aussi un certain nombre d\u2019arr\u00eat\u00e9s de restrictions de circulation pour les poids lourds et les transports d\u2019enfants, en particulier\u00a0\u00bb, a-t-il aussi pr\u00e9venu.\u00a0L\u2019acc\u00e8s aux parcs, jardins et au domaine public maritime va\u00a0\u00e9galement \u00eatre proscrit. Des coupures d&rsquo;\u00e9lectricit\u00e9 sont aussi craintes, les \u00e9quipes d&rsquo;Enedis et d&rsquo;Orange sont mobilis\u00e9es.\u00a0<\/p>\n<p><a class=\"app_edito_btn\" href=\"https:\/\/www.linternaute.com\/actualite\/societe\/9596582-tempete-goretti-la-trajectoire-se-confirme-paris-impactee-toutes-les-previsions\/\" id=\"jLiveMore\" data-sort-time=\"1767867355\" target=\"_blank\" rel=\"noopener\">LIRE PLUS<\/a><\/p>\n<p> <script async src=\"https:\/\/platform.twitter.com\/widgets.js\" charset=\"utf-8\"><\/script><\/p>\n","protected":false},"excerpt":{"rendered":"La temp\u00eate Goretti provoque de violentes rafales sur la France ce jeudi 8\u00a0janvier, partant de la Bretagne et&hellip;\n","protected":false},"author":2,"featured_media":649561,"comment_status":"","ping_status":"","sticky":false,"template":"","format":"standard","meta":{"footnotes":""},"categories":[1888],"tags":[11,75445,51761,1777,674,51763,1011,27,12,51767,626,25,104],"class_list":{"0":"post-649560","1":"post","2":"type-post","3":"status-publish","4":"format-standard","5":"has-post-thumbnail","7":"category-paris","8":"tag-actualites","9":"tag-cms-linternaute-9596582","10":"tag-controller-content","11":"tag-eu","12":"tag-europe","13":"tag-format-papier","14":"tag-fr","15":"tag-france","16":"tag-news","17":"tag-parallaxeinfeed","18":"tag-paris","19":"tag-republique-francaise","20":"tag-societe"},"share_on_mastodon":{"url":"https:\/\/pubeurope.com\/@fr\/115859973995832567","error":""},"_links":{"self":[{"href":"https:\/\/www.europesays.com\/fr\/wp-json\/wp\/v2\/posts\/649560","targetHints":{"allow":["GET"]}}],"collection":[{"href":"https:\/\/www.europesays.com\/fr\/wp-json\/wp\/v2\/posts"}],"about":[{"href":"https:\/\/www.europesays.com\/fr\/wp-json\/wp\/v2\/types\/post"}],"author":[{"embeddable":true,"href":"https:\/\/www.europesays.com\/fr\/wp-json\/wp\/v2\/users\/2"}],"replies":[{"embeddable":true,"href":"https:\/\/www.europesays.com\/fr\/wp-json\/wp\/v2\/comments?post=649560"}],"version-history":[{"count":0,"href":"https:\/\/www.europesays.com\/fr\/wp-json\/wp\/v2\/posts\/649560\/revisions"}],"wp:featuredmedia":[{"embeddable":true,"href":"https:\/\/www.europesays.com\/fr\/wp-json\/wp\/v2\/media\/649561"}],"wp:attachment":[{"href":"https:\/\/www.europesays.com\/fr\/wp-json\/wp\/v2\/media?parent=649560"}],"wp:term":[{"taxonomy":"category","embeddable":true,"href":"https:\/\/www.europesays.com\/fr\/wp-json\/wp\/v2\/categories?post=649560"},{"taxonomy":"post_tag","embeddable":true,"href":"https:\/\/www.europesays.com\/fr\/wp-json\/wp\/v2\/tags?post=649560"}],"curies":[{"name":"wp","href":"https:\/\/api.w.org\/{rel}","templated":true}]}}