{"id":649566,"date":"2026-01-08T14:36:10","date_gmt":"2026-01-08T14:36:10","guid":{"rendered":"https:\/\/www.europesays.com\/fr\/649566\/"},"modified":"2026-01-08T14:36:10","modified_gmt":"2026-01-08T14:36:10","slug":"les-etats-unis-envoient-un-message-clair-a-cuba-la-chine-et-liran","status":"publish","type":"post","link":"https:\/\/www.europesays.com\/fr\/649566\/","title":{"rendered":"les \u00c9tats-Unis envoient \u00ab\u00a0un message clair\u00a0\u00bb \u00e0 Cuba, la Chine et l&rsquo;Iran"},"content":{"rendered":"<p>Navires p\u00e9troliers saisis : les \u00c9tats-Unis envoient \u00ab\u00a0un message clair\u00a0\u00bb \u00e0 Cuba, la Chine et l&rsquo;IranSur le m\u00eame sujet<a href=\"https:\/\/www.bfmtv.com\/international\/amerique-nord\/etats-unis\/video-navires-petroliers-saisis-les-etats-unis-envoient-un-message-clair-a-cuba-la-chine-et-l-iran_VN-202601080655.html\" title=\"Navires p\u00e9troliers saisis : les \u00c9tats-Unis envoient &quot;un message clair&quot; \u00e0 Cuba, la Chine et l&#039;Iran\" target=\"_blank\" rel=\"noopener\"><img width=\"16\" height=\"9\" class=\"lozad\"  alt=\"Navires p\u00e9troliers saisis : les \u00c9tats-Unis envoient &quot;un message clair&quot; \u00e0 Cuba, la Chine et l'Iran\"\/>en lectureNavires p\u00e9troliers saisis : les \u00c9tats-Unis envoient \u00ab\u00a0un message clair\u00a0\u00bb \u00e0 Cuba, la Chine et l&rsquo;Iran<\/a><a href=\"https:\/\/www.bfmtv.com\/international\/amerique-nord\/etats-unis\/video-femme-abattue-par-un-agent-de-l-ice-mobilisation-a-minneapolis_VN-202601080647.html\" title=\"Femme abattue par un agent de l&#039;ICE: mobilisation \u00e0 Minneapolis\" target=\"_blank\" rel=\"noopener\"><img width=\"16\" height=\"9\" class=\"lozad\"  alt=\"Femme abattue par un agent de l'ICE: mobilisation \u00e0 Minneapolis\"\/>1:10Femme abattue par un agent de l&rsquo;ICE: mobilisation \u00e0 Minneapolis<\/a><a href=\"https:\/\/www.bfmtv.com\/international\/amerique-nord\/etats-unis\/video-dsa-emmanuel-macron-a-defendre-et-consolider-la-regulation-europeenne-de-la-tech_VN-202601080557.html\" title=\"DSA: Emmanuel Macron exhorte \u00e0 &quot;d\u00e9fendre&quot; et &quot;consolider&quot; la r\u00e9gulation europ\u00e9enne de la tech\" target=\"_blank\" rel=\"noopener\"><img width=\"16\" height=\"9\" class=\"lozad\"  alt=\"DSA: Emmanuel Macron exhorte \u00e0 &quot;d\u00e9fendre&quot; et &quot;consolider&quot; la r\u00e9gulation europ\u00e9enne de la tech\"\/>1:11DSA: Emmanuel Macron exhorte \u00e0 \u00ab\u00a0d\u00e9fendre\u00a0\u00bb et \u00ab\u00a0consolider\u00a0\u00bb la r\u00e9gulation europ\u00e9enne de la tech<\/a><a href=\"https:\/\/www.bfmtv.com\/international\/amerique-nord\/etats-unis\/video-la-russie-ne-veut-pas-veritablement-la-paix-emmanuel-macron-appelle-a-continuer-l-effort-de-guerre_VN-202601080535.html\" title=\"&quot;La Russie ne veut pas v\u00e9ritablement la paix&quot; : Emmanuel Macron appelle \u00e0 &quot;continuer l&#039;effort de guerre&quot;\" target=\"_blank\" rel=\"noopener\"><img width=\"16\" height=\"9\" class=\"lozad\"  alt=\"&quot;La Russie ne veut pas v\u00e9ritablement la paix&quot; : Emmanuel Macron appelle \u00e0 &quot;continuer l'effort de guerre&quot;\"\/>1:55&Prime;La Russie ne veut pas v\u00e9ritablement la paix\u00a0\u00bb : Emmanuel Macron appelle \u00e0 \u00ab\u00a0continuer l&rsquo;effort de guerre\u00a0\u00bb<\/a><a href=\"https:\/\/www.bfmtv.com\/international\/amerique-nord\/etats-unis\/video-emmanuel-macron-les-etats-unis-se-detournent-progressivement-de-certains-allies-et-s-affranchissent-de-regles-internationales_VN-202601080528.html\" title=\"Emmanuel Macron : les \u00c9tats-Unis se &quot;d\u00e9tournent progressivement&quot; de certains alli\u00e9s&quot; et &quot;s&#039;affranchissent de r\u00e8gles internationales&quot;\" target=\"_blank\" rel=\"noopener\"><img width=\"16\" height=\"9\" class=\"lozad\"  alt=\"Emmanuel Macron : les \u00c9tats-Unis se &quot;d\u00e9tournent progressivement&quot; de certains alli\u00e9s&quot; et &quot;s'affranchissent de r\u00e8gles internationales&quot;\"\/>1:42Emmanuel Macron : les \u00c9tats-Unis se \u00ab\u00a0d\u00e9tournent progressivement\u00a0\u00bb de certains alli\u00e9s\u00a0\u00bb et \u00ab\u00a0s&rsquo;affranchissent de r\u00e8gles internationales\u00a0\u00bb<\/a><a href=\"https:\/\/www.bfmtv.com\/international\/amerique-nord\/etats-unis\/video-etats-unis-une-femme-abattue-par-la-police-de-l-immigration-a-minneapolis_VN-202601080267.html\" title=\"\u00c9tats-Unis: une femme abattue par la police de l&#039;immigration \u00e0 Minneapolis\" target=\"_blank\" rel=\"noopener\"><img width=\"16\" height=\"9\" class=\"lozad\"  alt=\"\u00c9tats-Unis: une femme abattue par la police de l'immigration \u00e0 Minneapolis\"\/>1:38\u00c9tats-Unis: une femme abattue par la police de l&rsquo;immigration \u00e0 Minneapolis<\/a><a href=\"https:\/\/www.bfmtv.com\/international\/amerique-nord\/etats-unis\/video-edito-ce-que-l-on-sait-de-la-saisie-d-un-petrolier-sous-pavillon-russe-par-les-etats-unis_VN-202601080166.html\" title=\"\u00c9DITO - Ce que l&#039;on sait de la &quot;saisie&quot; d&#039;un p\u00e9trolier sous pavillon russe par les \u00c9tats-Unis\" target=\"_blank\" rel=\"noopener\"><img width=\"16\" height=\"9\" class=\"lozad\"  alt=\"\u00c9DITO - Ce que l'on sait de la &quot;saisie&quot; d'un p\u00e9trolier sous pavillon russe par les \u00c9tats-Unis\"\/>3:00\u00c9DITO &#8211; Ce que l&rsquo;on sait de la \u00ab\u00a0saisie\u00a0\u00bb d&rsquo;un p\u00e9trolier sous pavillon russe par les \u00c9tats-Unis<\/a><a href=\"https:\/\/www.bfmtv.com\/international\/amerique-nord\/etats-unis\/video-le-petrolier-saisi-dans-l-atlantique-nord-est-sans-pavillon-selon-la-maison-blanche_VN-202601071057.html\" title=\"Le p\u00e9trolier saisi dans l&#039;Atlantique Nord est &quot;sans pavillon&quot;, selon la Maison Blanche\" target=\"_blank\" rel=\"noopener\"><img width=\"16\" height=\"9\" class=\"lozad\"  alt=\"Le p\u00e9trolier saisi dans l'Atlantique Nord est &quot;sans pavillon&quot;, selon la Maison Blanche\"\/>0:50Le p\u00e9trolier saisi dans l&rsquo;Atlantique Nord est \u00ab\u00a0sans pavillon\u00a0\u00bb, selon la Maison Blanche<\/a><a href=\"https:\/\/www.bfmtv.com\/international\/amerique-nord\/etats-unis\/video-le-choix-d-elsa-saisie-d-un-petrolier-russe-pression-sur-un-magistrat-francais-rachat-du-groenland-comment-donald-trump-accentue-la-pression-sur-le-monde_VN-202601070981.html\" title=\"LE CHOIX D&#039;ELSA - Saisie d&#039;un p\u00e9trolier russe, pression sur un magistrat fran\u00e7ais, rachat du Groenland... Comment Donald Trump accentue la pression sur le monde\" target=\"_blank\" rel=\"noopener\"><img width=\"16\" height=\"9\" class=\"lozad\"  alt=\"LE CHOIX D'ELSA - Saisie d'un p\u00e9trolier russe, pression sur un magistrat fran\u00e7ais, rachat du Groenland... Comment Donald Trump accentue la pression sur le monde\"\/>6:20LE CHOIX D&rsquo;ELSA &#8211; Saisie d&rsquo;un p\u00e9trolier russe, pression sur un magistrat fran\u00e7ais, rachat du Groenland&#8230; Comment Donald Trump accentue la pression sur le monde<\/a><a href=\"https:\/\/www.bfmtv.com\/international\/amerique-nord\/etats-unis\/video-donald-trump-etudie-activement-un-achat-du-groenland-selon-sa-porte-parole-karoline-leavitt_VN-202601070965.html\" title=\"Donald Trump \u00e9tudie &quot;activement&quot; un &quot;achat&quot; du Groenland selon sa porte-parole Karoline Leavitt\" target=\"_blank\" rel=\"noopener\"><img width=\"16\" height=\"9\" class=\"lozad\"  alt=\"Donald Trump \u00e9tudie &quot;activement&quot; un &quot;achat&quot; du Groenland selon sa porte-parole Karoline Leavitt\"\/>0:48Donald Trump \u00e9tudie \u00ab\u00a0activement\u00a0\u00bb un \u00ab\u00a0achat\u00a0\u00bb du Groenland selon sa porte-parole Karoline Leavitt<\/a><a href=\"https:\/\/www.bfmtv.com\/international\/amerique-nord\/etats-unis\/video-les-decisions-des-autorites-venezueliennes-seront-dictees-par-les-etats-unis-affirme-la-maison-blanche_VN-202601070964.html\" title=\"Les d\u00e9cisions des autorit\u00e9s v\u00e9n\u00e9zu\u00e9liennes seront &quot;dict\u00e9es&quot; par les \u00c9tats-Unis, affirme la Maison Blanche\" target=\"_blank\" rel=\"noopener\"><img width=\"16\" height=\"9\" class=\"lozad\"  alt=\"Les d\u00e9cisions des autorit\u00e9s v\u00e9n\u00e9zu\u00e9liennes seront &quot;dict\u00e9es&quot; par les \u00c9tats-Unis, affirme la Maison Blanche\"\/>1:17Les d\u00e9cisions des autorit\u00e9s v\u00e9n\u00e9zu\u00e9liennes seront \u00ab\u00a0dict\u00e9es\u00a0\u00bb par les \u00c9tats-Unis, affirme la Maison Blanche<\/a><a href=\"https:\/\/www.bfmtv.com\/international\/amerique-nord\/etats-unis\/video-ce-que-l-on-sait-de-la-saisie-d-un-petrolier-russe-par-les-etats-unis-dans-l-atlantique-nord_VN-202601070937.html\" title=\"Ce que l&#039;on sait de la saisie d&#039;un p\u00e9trolier russe par les \u00c9tats-Unis dans l&#039;Atlantique nord\" target=\"_blank\" rel=\"noopener\"><img width=\"16\" height=\"9\" class=\"lozad\"  alt=\"Ce que l'on sait de la saisie d'un p\u00e9trolier russe par les \u00c9tats-Unis dans l'Atlantique nord\"\/>1:15Ce que l&rsquo;on sait de la saisie d&rsquo;un p\u00e9trolier russe par les \u00c9tats-Unis dans l&rsquo;Atlantique nord<\/a><a href=\"https:\/\/www.bfmtv.com\/international\/amerique-nord\/etats-unis\/video-guerre-en-ukraine-rearmement-de-l-europe-il-faut-qu-on-ait-un-budget-de-la-defense-affirme-alice-rufo-ministre-deleguee-aux-armees_VN-202601070927.html\" title=\"Guerre en Ukraine, r\u00e9armement de l&#039;Europe... &quot;Il faut qu&#039;on ait un budget de la D\u00e9fense&quot;, affirme Alice Rufo, ministre d\u00e9l\u00e9gu\u00e9e aux Arm\u00e9es\" target=\"_blank\" rel=\"noopener\"><img width=\"16\" height=\"9\" class=\"lozad\"  alt=\"Guerre en Ukraine, r\u00e9armement de l'Europe... &quot;Il faut qu'on ait un budget de la D\u00e9fense&quot;, affirme Alice Rufo, ministre d\u00e9l\u00e9gu\u00e9e aux Arm\u00e9es\"\/>0:53Guerre en Ukraine, r\u00e9armement de l&rsquo;Europe&#8230; \u00ab\u00a0Il faut qu&rsquo;on ait un budget de la D\u00e9fense\u00a0\u00bb, affirme Alice Rufo, ministre d\u00e9l\u00e9gu\u00e9e aux Arm\u00e9es<\/a><a href=\"https:\/\/www.bfmtv.com\/international\/amerique-nord\/etats-unis\/video-rachat-du-groenland-par-les-etats-unis-l-europe-a-tout-a-fait-la-possibilite-de-dire-non-a-trump-declare-daniel-cohn-bendit-ancien-depute-europeen_VN-202601070924.html\" title=\"Rachat du Groenland par les \u00c9tats-Unis? &quot;L&#039;Europe a tout \u00e0 fait la possibilit\u00e9 de dire non \u00e0 Trump&quot;, d\u00e9clare Daniel Cohn-Bendit, ancien d\u00e9put\u00e9 europ\u00e9en\" target=\"_blank\" rel=\"noopener\"><img width=\"16\" height=\"9\" class=\"lozad\"  alt=\"Rachat du Groenland par les \u00c9tats-Unis? &quot;L'Europe a tout \u00e0 fait la possibilit\u00e9 de dire non \u00e0 Trump&quot;, d\u00e9clare Daniel Cohn-Bendit, ancien d\u00e9put\u00e9 europ\u00e9en\"\/>1:43Rachat du Groenland par les \u00c9tats-Unis? \u00ab\u00a0L&rsquo;Europe a tout \u00e0 fait la possibilit\u00e9 de dire non \u00e0 Trump\u00a0\u00bb, d\u00e9clare Daniel Cohn-Bendit, ancien d\u00e9put\u00e9 europ\u00e9en<\/a><a class=\"jumpToVideo\" target=\"_blank\"><img class=\"thumbnailPreview\"\/><\/a><\/p>\n","protected":false},"excerpt":{"rendered":"Navires p\u00e9troliers saisis : les \u00c9tats-Unis envoient \u00ab\u00a0un message clair\u00a0\u00bb \u00e0 Cuba, la Chine et l&rsquo;IranSur le m\u00eame&hellip;\n","protected":false},"author":2,"featured_media":649567,"comment_status":"","ping_status":"","sticky":false,"template":"","format":"standard","meta":{"footnotes":""},"categories":[1589],"tags":[11,73,1866,12,1864,1865,1863,308],"class_list":{"0":"post-649566","1":"post","2":"type-post","3":"status-publish","4":"format-standard","5":"has-post-thumbnail","7":"category-etats-unis","8":"tag-actualites","9":"tag-etats-unis","10":"tag-etats-unis-damerique","11":"tag-news","12":"tag-united-states","13":"tag-united-states-of-america","14":"tag-us","15":"tag-usa"},"share_on_mastodon":{"url":"https:\/\/pubeurope.com\/@fr\/115859985823938143","error":""},"_links":{"self":[{"href":"https:\/\/www.europesays.com\/fr\/wp-json\/wp\/v2\/posts\/649566","targetHints":{"allow":["GET"]}}],"collection":[{"href":"https:\/\/www.europesays.com\/fr\/wp-json\/wp\/v2\/posts"}],"about":[{"href":"https:\/\/www.europesays.com\/fr\/wp-json\/wp\/v2\/types\/post"}],"author":[{"embeddable":true,"href":"https:\/\/www.europesays.com\/fr\/wp-json\/wp\/v2\/users\/2"}],"replies":[{"embeddable":true,"href":"https:\/\/www.europesays.com\/fr\/wp-json\/wp\/v2\/comments?post=649566"}],"version-history":[{"count":0,"href":"https:\/\/www.europesays.com\/fr\/wp-json\/wp\/v2\/posts\/649566\/revisions"}],"wp:featuredmedia":[{"embeddable":true,"href":"https:\/\/www.europesays.com\/fr\/wp-json\/wp\/v2\/media\/649567"}],"wp:attachment":[{"href":"https:\/\/www.europesays.com\/fr\/wp-json\/wp\/v2\/media?parent=649566"}],"wp:term":[{"taxonomy":"category","embeddable":true,"href":"https:\/\/www.europesays.com\/fr\/wp-json\/wp\/v2\/categories?post=649566"},{"taxonomy":"post_tag","embeddable":true,"href":"https:\/\/www.europesays.com\/fr\/wp-json\/wp\/v2\/tags?post=649566"}],"curies":[{"name":"wp","href":"https:\/\/api.w.org\/{rel}","templated":true}]}}