{"id":64957,"date":"2025-04-30T18:00:15","date_gmt":"2025-04-30T18:00:15","guid":{"rendered":"https:\/\/www.europesays.com\/fr\/64957\/"},"modified":"2025-04-30T18:00:15","modified_gmt":"2025-04-30T18:00:15","slug":"championship-le-toulouse-olympique-recrute-un-nouveau-meneur-rugby-a-xiii","status":"publish","type":"post","link":"https:\/\/www.europesays.com\/fr\/64957\/","title":{"rendered":"Championship &#8211; Le Toulouse Olympique recrute un nouveau meneur &#8211; Rugby \u00e0 XIII"},"content":{"rendered":"<p style=\"text-align: justify;\"><strong>Radean Robinson vient gonfler les rangs des Toulousains pour la fin de saison de Championship en provenance de Saint-Gaudens. <\/strong><\/p>\n<p style=\"text-align: justify;\">\u00c0 peine la saison de Super XIII termin\u00e9e (ou presque), les recruteurs toulousains se sont tourn\u00e9s vers le championnat fran\u00e7ais pour tenter de trouver une doublure de la charni\u00e8re Lacans-Shorrocks.<\/p>\n<p style=\"text-align: justify;\">Et au rayon meneur de jeu, il y en a un qui a souvent fait parler de lui cette saison en Super XIII. Radean Robinson, demi d\u2019ouverture des Ours de Saint-Gaudens, a \u00e9t\u00e9 une des pi\u00e8ces ma\u00eetresse de l\u2019\u00e9quipe du Comminges cette saison.<\/p>\n<p style=\"text-align: justify;\">Pass\u00e9 par la Queensland Cup, l\u2019antichambre de la NRL, et notamment chez les Magpies et les Capras, le demi d\u2019ouverture australien d\u2019origine italienne a \u00e9galement disput\u00e9 la derni\u00e8re coupe du monde avec la Squadra Azzura.<\/p>\n<p style=\"text-align: justify;\">\u00c0 26 ans, Radean Robinson est un joueur complet, qui peut \u00eatre tr\u00e8s dangereux en d\u00e9fense et dot\u00e9 d\u2019un tr\u00e8s gros potentiel de jeu. Nul doute que, port\u00e9 par le surpuissant pack toulousain, le meneur s\u2019int\u00e8grera facilement au plan de jeu de Sylvain Houl\u00e8s.<\/p>\n<blockquote class=\"instagram-media\" data-instgrm-captioned=\"\" data-instgrm-permalink=\"https:\/\/www.instagram.com\/p\/DJEJXfVodVb\/?utm_source=ig_embed&amp;utm_campaign=loading\" data-instgrm-version=\"14\" style=\" background:#FFF; border:0; border-radius:3px; box-shadow:0 0 1px 0 rgba(0,0,0,0.5),0 1px 10px 0 rgba(0,0,0,0.15); margin: 1px; max-width:500px; min-width:326px; padding:0; width:99.375%; width:-webkit-calc(100% - 2px); width:calc(100% - 2px);\">\n<\/blockquote>\n<p><strong>Treize Mondial<br \/><a href=\"https:\/\/www.facebook.com\/13Mondial\" target=\"_blank\" rel=\"noopener\"><img loading=\"lazy\" decoding=\"async\" class=\"alignnone wp-image-217097\" src=\"https:\/\/www.europesays.com\/fr\/wp-content\/uploads\/2025\/04\/logo-facebook.png\" alt=\"\" width=\"40\" height=\"40\"  \/><\/a> <a href=\"https:\/\/twitter.com\/XIIIMondial\" target=\"_blank\" rel=\"noopener\"><img loading=\"lazy\" decoding=\"async\" class=\"alignnone wp-image-217098\" src=\"https:\/\/www.europesays.com\/fr\/wp-content\/uploads\/2025\/04\/logo-twitter.png\" alt=\"\" width=\"39\" height=\"39\"  \/><\/a><\/strong><\/p>\n<p>        <script async src=\"https:\/\/platform.twitter.com\/widgets.js\" charset=\"utf-8\"><\/script><script async src=\"\/\/www.instagram.com\/embed.js\"><\/script><\/p>\n","protected":false},"excerpt":{"rendered":"Radean Robinson vient gonfler les rangs des Toulousains pour la fin de saison de Championship en provenance de&hellip;\n","protected":false},"author":2,"featured_media":64958,"comment_status":"","ping_status":"","sticky":false,"template":"","format":"standard","meta":{"footnotes":""},"categories":[1416],"tags":[3500,1011,27,16436,7300,479,2228,1468,2229,60,2231,3249,3250],"class_list":{"0":"post-64957","1":"post","2":"type-post","3":"status-publish","4":"format-standard","5":"has-post-thumbnail","7":"category-rugby","8":"tag-championship","9":"tag-fr","10":"tag-france","11":"tag-radean-robinson","12":"tag-rc-saint-gaudens-xiii","13":"tag-rugby","14":"tag-rugby-a-xiii","15":"tag-rugby-football","16":"tag-rugby-league","17":"tag-sports","18":"tag-super-xiii","19":"tag-to-xiii","20":"tag-toulouse-olympique-xiii"},"share_on_mastodon":{"url":"https:\/\/pubeurope.com\/@fr\/114428223672992018","error":""},"_links":{"self":[{"href":"https:\/\/www.europesays.com\/fr\/wp-json\/wp\/v2\/posts\/64957","targetHints":{"allow":["GET"]}}],"collection":[{"href":"https:\/\/www.europesays.com\/fr\/wp-json\/wp\/v2\/posts"}],"about":[{"href":"https:\/\/www.europesays.com\/fr\/wp-json\/wp\/v2\/types\/post"}],"author":[{"embeddable":true,"href":"https:\/\/www.europesays.com\/fr\/wp-json\/wp\/v2\/users\/2"}],"replies":[{"embeddable":true,"href":"https:\/\/www.europesays.com\/fr\/wp-json\/wp\/v2\/comments?post=64957"}],"version-history":[{"count":0,"href":"https:\/\/www.europesays.com\/fr\/wp-json\/wp\/v2\/posts\/64957\/revisions"}],"wp:featuredmedia":[{"embeddable":true,"href":"https:\/\/www.europesays.com\/fr\/wp-json\/wp\/v2\/media\/64958"}],"wp:attachment":[{"href":"https:\/\/www.europesays.com\/fr\/wp-json\/wp\/v2\/media?parent=64957"}],"wp:term":[{"taxonomy":"category","embeddable":true,"href":"https:\/\/www.europesays.com\/fr\/wp-json\/wp\/v2\/categories?post=64957"},{"taxonomy":"post_tag","embeddable":true,"href":"https:\/\/www.europesays.com\/fr\/wp-json\/wp\/v2\/tags?post=64957"}],"curies":[{"name":"wp","href":"https:\/\/api.w.org\/{rel}","templated":true}]}}