{"id":649570,"date":"2026-01-08T14:38:14","date_gmt":"2026-01-08T14:38:14","guid":{"rendered":"https:\/\/www.europesays.com\/fr\/649570\/"},"modified":"2026-01-08T14:38:14","modified_gmt":"2026-01-08T14:38:14","slug":"climat-lanti-modele-allemand-france-inter","status":"publish","type":"post","link":"https:\/\/www.europesays.com\/fr\/649570\/","title":{"rendered":"Climat, l&rsquo;anti-mod\u00e8le allemand\u00a0? | France Inter"},"content":{"rendered":"<p class=\"PopSlotParagraph qg-tx2 qg-xtra-lh svelte-1r0pyek\">L&rsquo;Allemagne, un mod\u00e8le \u00e0 suivre sur le plan climatique\u00a0? Cela arrivera peut-\u00eatre un jour mais cela n\u2019en prend pas le chemin. C\u2019est un d\u00e9menti \u00e0 tous ceux qui, depuis 20 ans, la montrent en exemple, sur l\u2019environnement, puis quand elle a arr\u00eat\u00e9 le nucl\u00e9aire, puis avec ses investissements dans les \u00e9nergies renouvelables.<\/p>\n<p class=\"PopSlotParagraph qg-tx2 qg-xtra-lh svelte-1r0pyek\">Ce 7 janvier, les donn\u00e9es officielles sont tomb\u00e9es. En 2025, les \u00e9missions de gaz \u00e0 effet de serre de notre voisin se sont \u00e9lev\u00e9es \u00e0 640 millions de tonnes d\u2019\u00e9quivalent CO2. Contre, selon les estimations, 366 millions pour la France. Un \u00e9norme \u00e9cart, m\u00eame apr\u00e8s correction des \u00e9carts de population.<\/p>\n<p class=\"PopSlotParagraph qg-tx2 qg-xtra-lh svelte-1r0pyek\">Explications\u00a0? Il y a plus d\u2019industries de l\u2019autre c\u00f4t\u00e9 du Rhin. Mais il y a aussi voire surtout plus de centrales \u00e0 charbon et \u00e0 gaz pour fabriquer de l\u2019\u00e9lectricit\u00e9. Le solaire et l\u2019\u00e9olien ne suffisent pas. R\u00e9sultat\u00a0: l\u2019Allemagne r\u00e9chauffe beaucoup plus la plan\u00e8te que la France -et depuis tr\u00e8s longtemps.<\/p>\n<p class=\"PopSlotParagraph qg-tx2 qg-xtra-lh svelte-1r0pyek\">Donc, bravo la France\u00a0? Oui -et non. Oui, parce que l\u2019\u00e9lectricit\u00e9 y est d\u00e9j\u00e0 d\u00e9carbon\u00e9e. Le parc nucl\u00e9aire fonctionne \u00e0 nouveau, et des \u00e9nergies renouvelables sont l\u00e0.<\/p>\n<p class=\"PopSlotParagraph qg-tx2 qg-xtra-lh svelte-1r0pyek\">Non, parce que ses \u00e9missions restent tr\u00e8s au-dessus de ce vers quoi il faut aller. Et puis, \u00e9l\u00e9ment m\u00e9connu, elle ne fait pas mieux qu\u2019un de nos autres voisins\u00a0: l\u2019Italie. Les \u00e9missions sont quasiment les m\u00eames. Principalement parce que l\u2019agriculture est beaucoup plus puissante ici. Vous connaissez la formule\u00a0: quand on se regarde on se d\u00e9sole, quand on se compare, on se console. Mais cela d\u00e9pend avec qui on se compare\u00a0!<\/p>\n<p> La lutte contre le r\u00e9chauffement, toujours une priorit\u00e9\u00a0?<\/p>\n<p class=\"PopSlotParagraph qg-tx2 qg-xtra-lh svelte-1r0pyek\">En parler quand il a fait -16\u00b0 dans le Jura hier para\u00eet friser la provocation. En fait, pas du tout. Pour la 1\u00e8re fois depuis qu&rsquo;il y a des relev\u00e9s, au moins 150 ans, la temp\u00e9rature mondiale a d\u00e9pass\u00e9 d\u2019un degr\u00e9 et demi les moyennes pr\u00e9industrielles trois ann\u00e9es de suite, en 2023, 2024 et 2025. En France, l\u2019ann\u00e9e derni\u00e8re a \u00e9t\u00e9 la 4\u00e8me plus chaude apr\u00e8s 2020, 2022 et 2023.<\/p>\n<p class=\"PopSlotParagraph qg-tx2 qg-xtra-lh svelte-1r0pyek\">Voil\u00e0 la r\u00e9alit\u00e9\u00a0: le d\u00e9r\u00e8glement climatique continue. Face \u00e0 ce d\u00e9r\u00e8glement, chacun a en t\u00eate les coups de tron\u00e7onneuse donn\u00e9s par Donald Trump, avec sa passion pour le p\u00e9trole. Comme les petits coups de ciseau en Europe.<\/p>\n<p class=\"PopSlotParagraph qg-tx2 qg-xtra-lh svelte-1r0pyek\">Mais il ne faut pas s&rsquo;y tromper. Tout ne va pas mal. La hausse des \u00e9missions ralentit.<\/p>\n<p class=\"PopSlotParagraph qg-tx2 qg-xtra-lh svelte-1r0pyek\">Et dans beaucoup de pays, des projets gigantesques de renouvelables vont d\u00e9marrer cette ann\u00e9e. En Chine. En Egypte, avec le projet Obelisk (plus d\u20191 GW de panneaux solaires, c\u2019est \u00e9norme). Aux Philippines\u00a0: le projet Terra Solar, l\u00e0 encore un des plus grands au monde. En Allemagne, avec l&rsquo;immense nouveau champ \u00e9olien offshore Borkum Riffgrungen mer du Nord.<\/p>\n<p class=\"PopSlotParagraph qg-tx2 qg-xtra-lh svelte-1r0pyek\">Bref, non, tout ne part pas en quenouille. M\u00eame si la France est, selon un sondage international, le pays qui consid\u00e8re le plus au monde qu\u2019on n\u2019y peut rien contre le r\u00e9chauffement. Ce qui est faux.<\/p>\n","protected":false},"excerpt":{"rendered":"L&rsquo;Allemagne, un mod\u00e8le \u00e0 suivre sur le plan climatique\u00a0? Cela arrivera peut-\u00eatre un jour mais cela n\u2019en prend&hellip;\n","protected":false},"author":2,"featured_media":649571,"comment_status":"","ping_status":"","sticky":false,"template":"","format":"standard","meta":{"footnotes":""},"categories":[1587],"tags":[11,672,1804,1805,1803,1777,674,1801,12,1802],"class_list":{"0":"post-649570","1":"post","2":"type-post","3":"status-publish","4":"format-standard","5":"has-post-thumbnail","7":"category-allemagne","8":"tag-actualites","9":"tag-allemagne","10":"tag-bundesrepublik-deutschland","11":"tag-de","12":"tag-deutschland","13":"tag-eu","14":"tag-europe","15":"tag-germany","16":"tag-news","17":"tag-republique-federale-dallemagne"},"share_on_mastodon":{"url":"https:\/\/pubeurope.com\/@fr\/115859993694652312","error":""},"_links":{"self":[{"href":"https:\/\/www.europesays.com\/fr\/wp-json\/wp\/v2\/posts\/649570","targetHints":{"allow":["GET"]}}],"collection":[{"href":"https:\/\/www.europesays.com\/fr\/wp-json\/wp\/v2\/posts"}],"about":[{"href":"https:\/\/www.europesays.com\/fr\/wp-json\/wp\/v2\/types\/post"}],"author":[{"embeddable":true,"href":"https:\/\/www.europesays.com\/fr\/wp-json\/wp\/v2\/users\/2"}],"replies":[{"embeddable":true,"href":"https:\/\/www.europesays.com\/fr\/wp-json\/wp\/v2\/comments?post=649570"}],"version-history":[{"count":0,"href":"https:\/\/www.europesays.com\/fr\/wp-json\/wp\/v2\/posts\/649570\/revisions"}],"wp:featuredmedia":[{"embeddable":true,"href":"https:\/\/www.europesays.com\/fr\/wp-json\/wp\/v2\/media\/649571"}],"wp:attachment":[{"href":"https:\/\/www.europesays.com\/fr\/wp-json\/wp\/v2\/media?parent=649570"}],"wp:term":[{"taxonomy":"category","embeddable":true,"href":"https:\/\/www.europesays.com\/fr\/wp-json\/wp\/v2\/categories?post=649570"},{"taxonomy":"post_tag","embeddable":true,"href":"https:\/\/www.europesays.com\/fr\/wp-json\/wp\/v2\/tags?post=649570"}],"curies":[{"name":"wp","href":"https:\/\/api.w.org\/{rel}","templated":true}]}}