{"id":649576,"date":"2026-01-08T14:41:13","date_gmt":"2026-01-08T14:41:13","guid":{"rendered":"https:\/\/www.europesays.com\/fr\/649576\/"},"modified":"2026-01-08T14:41:13","modified_gmt":"2026-01-08T14:41:13","slug":"emmanuel-macron-deplore-que-les-etats-unis-saffranchissent-des-regles-internationales","status":"publish","type":"post","link":"https:\/\/www.europesays.com\/fr\/649576\/","title":{"rendered":"Emmanuel Macron d\u00e9plore que les Etats-Unis \u00ab\u00a0s\u2019affranchissent des r\u00e8gles internationales\u00a0\u00bb"},"content":{"rendered":"<p>                      <img loading=\"lazy\" decoding=\"async\" src=\"https:\/\/www.europesays.com\/fr\/wp-content\/uploads\/2026\/01\/81853cb_ftp-1-eetcnungi36y-5830491-01-06.jpg\" alt=\"Emmanuel Macron lors de la conf\u00e9rence des ambassadrices et des ambassadeurs, \u00e0 l\u2019Elys\u00e9e, le 8\u00a0janvier 2026.\"   width=\"664\" height=\"443\"\/>    Emmanuel Macron lors de la conf\u00e9rence des ambassadrices et des ambassadeurs, \u00e0 l\u2019Elys\u00e9e, le 8\u00a0janvier 2026.  MICHEL EULER \/ AFP                        <\/p>\n<p class=\"article__paragraph  \">Les Etats-Unis \u00ab\u00a0se d\u00e9tournent progressivement\u00a0\u00bb de certains alli\u00e9s et \u00ab\u00a0s\u2019affranchissent des r\u00e8gles internationales\u00a0\u00bb, a d\u00e9plor\u00e9 jeudi 8\u00a0janvier Emmanuel Macron dans son discours annuel devant les ambassadeurs fran\u00e7ais, \u00e9voquant aussi \u00ab\u00a0une agressivit\u00e9 n\u00e9ocoloniale\u00a0\u00bb de plus en plus en vigueur dans les relations diplomatiques.<\/p>\n<p>   Lire plus tard  <\/p>\n<p class=\"article__paragraph  \">\u00ab\u00a0Les instances du multilat\u00e9ralisme fonctionnent de moins en moins bien. Nous \u00e9voluons dans un monde de grandes puissances avec une vraie tentation de se partager le monde\u00a0\u00bb, a dit le pr\u00e9sident fran\u00e7ais. \u00ab\u00a0Nous, nous refusons le nouveau colonialisme et le nouvel imp\u00e9rialisme, mais nous refusons aussi la vassalisation et le d\u00e9faitisme\u00a0\u00bb, a ajout\u00e9 Emmanuel Macron. \u00ab\u00a0Ce que nous avons r\u00e9ussi \u00e0 faire pour la France et en Europe est all\u00e9 dans le bon sens. Plus d\u2019autonomie strat\u00e9gique, moins de d\u00e9pendance \u00e0 l\u2019\u00e9gard des Etats-Unis comme de la Chine\u00a0\u00bb, a-t-il insist\u00e9.<\/p>\n<p class=\"article__paragraph  \">Le chef de l\u2019Etat a \u00e9galement appel\u00e9 \u00e0 \u00ab\u00a0d\u00e9fendre\u00a0\u00bb et \u00ab\u00a0consolider\u00a0\u00bb la r\u00e9gulation europ\u00e9enne du secteur de la tech, qui est la cible des Etats-Unis. Les r\u00e8glements europ\u00e9ens \u00ab\u00a0DSA et DMA sont deux r\u00e9gulations \u00e0 d\u00e9fendre, \u00e0 consolider\u00a0\u00bb, a d\u00e9clar\u00e9 le pr\u00e9sident fran\u00e7ais. \u00ab\u00a0Le bouclier d\u00e9mocratique europ\u00e9en pr\u00e9pare la Commission europ\u00e9enne et nous continuerons en France de prendre des initiatives sur cet agenda\u00a0\u00bb, a-t-il ajout\u00e9.<\/p>\n<p class=\"article__paragraph  \">Emmanuel Macron a, en outre, appel\u00e9 \u00e0 d\u00e9ployer d\u00e8s cette ann\u00e9e un calendrier \u00ab\u00a0acc\u00e9l\u00e9r\u00e9\u00a0\u00bb de pr\u00e9f\u00e9rence europ\u00e9enne en mati\u00e8re de commerce, en relevant l\u2019importance de la \u00ab\u00a0simplification du march\u00e9 unique des capitaux, parce qu\u2019il faut vraiment que cette Europe \u00e0 450\u00a0millions [d\u2019habitants] existe\u00a0\u00bb et qu\u2019elle \u00ab\u00a0soit plus r\u00e9elle\u00a0\u00bb.<\/p>\n<p>   Lire plus tard  <\/p>\n<p class=\"author__detail\">  Le Monde avec AFP  <\/p>\n<p>L\u2019espace des contributions est r\u00e9serv\u00e9 aux abonn\u00e9s.<\/p>\n<p>Abonnez-vous pour acc\u00e9der \u00e0 cet espace d\u2019\u00e9change et contribuer \u00e0 la discussion.<\/p>\n<p>    <a href=\"https:\/\/abo.lemonde.fr\/?edi_medium=BOUTONS_LMFR&amp;edi_campaign=CONTRIBUTION_ARTICLE\" class=\"btn btn--premium js-btn-premium\" target=\"_blank\" rel=\"noopener\">S\u2019abonner<\/a>              <a href=\"https:\/\/www.lemonde.fr\/syndication\/\" class=\"reuse__content\" title=\"R\u00e9utiliser ce contenu\" target=\"_blank\" rel=\"noopener\">R\u00e9utiliser ce contenu<\/a>      <\/p>\n","protected":false},"excerpt":{"rendered":"Emmanuel Macron lors de la conf\u00e9rence des ambassadrices et des ambassadeurs, \u00e0 l\u2019Elys\u00e9e, le 8\u00a0janvier 2026. MICHEL EULER&hellip;\n","protected":false},"author":2,"featured_media":649577,"comment_status":"","ping_status":"","sticky":false,"template":"","format":"standard","meta":{"footnotes":""},"categories":[2],"tags":[11,1011,27,12,25],"class_list":{"0":"post-649576","1":"post","2":"type-post","3":"status-publish","4":"format-standard","5":"has-post-thumbnail","7":"category-actualites","8":"tag-actualites","9":"tag-fr","10":"tag-france","11":"tag-news","12":"tag-republique-francaise"},"share_on_mastodon":{"url":"https:\/\/pubeurope.com\/@fr\/115860005525162488","error":""},"_links":{"self":[{"href":"https:\/\/www.europesays.com\/fr\/wp-json\/wp\/v2\/posts\/649576","targetHints":{"allow":["GET"]}}],"collection":[{"href":"https:\/\/www.europesays.com\/fr\/wp-json\/wp\/v2\/posts"}],"about":[{"href":"https:\/\/www.europesays.com\/fr\/wp-json\/wp\/v2\/types\/post"}],"author":[{"embeddable":true,"href":"https:\/\/www.europesays.com\/fr\/wp-json\/wp\/v2\/users\/2"}],"replies":[{"embeddable":true,"href":"https:\/\/www.europesays.com\/fr\/wp-json\/wp\/v2\/comments?post=649576"}],"version-history":[{"count":0,"href":"https:\/\/www.europesays.com\/fr\/wp-json\/wp\/v2\/posts\/649576\/revisions"}],"wp:featuredmedia":[{"embeddable":true,"href":"https:\/\/www.europesays.com\/fr\/wp-json\/wp\/v2\/media\/649577"}],"wp:attachment":[{"href":"https:\/\/www.europesays.com\/fr\/wp-json\/wp\/v2\/media?parent=649576"}],"wp:term":[{"taxonomy":"category","embeddable":true,"href":"https:\/\/www.europesays.com\/fr\/wp-json\/wp\/v2\/categories?post=649576"},{"taxonomy":"post_tag","embeddable":true,"href":"https:\/\/www.europesays.com\/fr\/wp-json\/wp\/v2\/tags?post=649576"}],"curies":[{"name":"wp","href":"https:\/\/api.w.org\/{rel}","templated":true}]}}