{"id":649582,"date":"2026-01-08T14:46:10","date_gmt":"2026-01-08T14:46:10","guid":{"rendered":"https:\/\/www.europesays.com\/fr\/649582\/"},"modified":"2026-01-08T14:46:10","modified_gmt":"2026-01-08T14:46:10","slug":"champions-cup-romain-ntamack-forfait-pour-le-deplacement-aux-saracens-inquietudes-a-quelques-semaines-du-tournoi-des-6-nations","status":"publish","type":"post","link":"https:\/\/www.europesays.com\/fr\/649582\/","title":{"rendered":"Champions Cup \u2013 Romain Ntamack forfait pour le d\u00e9placement aux Saracens, inqui\u00e9tudes \u00e0 quelques semaines du Tournoi des 6 Nations"},"content":{"rendered":"<p>\n                \u00c0 quelques semaines du premier match du XV de France lors du Tournoi des 6 Nations, Romain Ntamack est de nouveau forfait pour le match du Stade toulousain, face aux Saracens. L\u2019ouvreur souffre du dos.\n            <\/p>\n<p>Les blessures s\u2019encha\u00eenent au Stade toulousain. Pour affronter les Saracens, Ugo Mola devra se passer de son ouvreur tricolore. <strong><a href=\"https:\/\/www.rugbyrama.fr\/2026\/01\/05\/champions-cup-toulouse-romain-ntamack-incertain-francois-cros-a-repris-avant-le-deplacement-aux-saracens-13144786.php\" target=\"_self\" rel=\"noopener\">Touch\u00e9 en bas du dos, Romain Ntamack<\/a><\/strong> est forfait, au moins pour la troisi\u00e8me journ\u00e9e de Champions Cup. \u00ab\u00a0Pour Romain (Ntamack) \u00e7a sera trop juste. C\u2019est une blessure particuli\u00e8re. Il sera absent encore une ou deux semaines\u00a0\u00bb, explique Mola. L\u2019ouvreur qui a pass\u00e9 des examens qui montraient une \u00e9volution positive en d\u00e9but de semaine, n\u2019est pas encore op\u00e9rationnel. Il passera de nouveaux examens en d\u00e9but de semaine prochaine.<\/p>\n<p>Blair Kinghorn plac\u00e9 \u00e0 l\u2019ouverture<\/p>\n<p>Pour faire face \u00e0 cette nouvelle blessure, l\u2019entra\u00eeneur toulousain peut s\u2019appuyer sur son polyvalent trois-quarts Blair Kinghorn. Un temps seconde option du Stade \u00e0 l\u2019ouverture, Thomas Ramos va, lui, rester \u00e0 l\u2019arri\u00e8re. Ugo Mola privil\u00e9giant la densit\u00e9 de l\u2019\u00c9cossais. \u00ab\u00a0Il nous am\u00e8ne \u00e9videmment des caract\u00e9ristiques de qualit\u00e9 de passe et d\u2019engagement qui nous permet de jouer aussi autour de lui. Et vraiment une qualit\u00e9 de passe assez exceptionnelle sur sa vitesse d\u2019ex\u00e9cution qui permet par moments d\u2019a\u00e9rer le jeu\u00a0\u00bb, explique l\u2019entra\u00eeneur pour justifier son choix.\u00a0\u00ab\u00a0C\u2019est pareil pour moi. C\u2019est presque le m\u00eame poste qu\u2019arri\u00e8re ici. J\u2019ai simplement besoin de conna\u00eetre un peu plus les lancements. Je touche un peu plus le ballon et prends un peu plus de d\u00e9cisions. Mentalement il faut toujours \u00eatre tr\u00e8s pr\u00e9sent \u00e0 l\u2019ouverture\u00a0\u00bb, explique le principal int\u00e9ress\u00e9.<\/p>\n","protected":false},"excerpt":{"rendered":"\u00c0 quelques semaines du premier match du XV de France lors du Tournoi des 6 Nations, Romain Ntamack&hellip;\n","protected":false},"author":2,"featured_media":649583,"comment_status":"","ping_status":"","sticky":false,"template":"","format":"standard","meta":{"footnotes":""},"categories":[1416],"tags":[1011,27,68895,7205,479,1468,68796,60],"class_list":{"0":"post-649582","1":"post","2":"type-post","3":"status-publish","4":"format-standard","5":"has-post-thumbnail","7":"category-rugby","8":"tag-fr","9":"tag-france","10":"tag-investec-champions-cup","11":"tag-romain-ntamack","12":"tag-rugby","13":"tag-rugby-football","14":"tag-rugby-u00e0-xv","15":"tag-sports"},"share_on_mastodon":{"url":"https:\/\/pubeurope.com\/@fr\/115860025075053884","error":""},"_links":{"self":[{"href":"https:\/\/www.europesays.com\/fr\/wp-json\/wp\/v2\/posts\/649582","targetHints":{"allow":["GET"]}}],"collection":[{"href":"https:\/\/www.europesays.com\/fr\/wp-json\/wp\/v2\/posts"}],"about":[{"href":"https:\/\/www.europesays.com\/fr\/wp-json\/wp\/v2\/types\/post"}],"author":[{"embeddable":true,"href":"https:\/\/www.europesays.com\/fr\/wp-json\/wp\/v2\/users\/2"}],"replies":[{"embeddable":true,"href":"https:\/\/www.europesays.com\/fr\/wp-json\/wp\/v2\/comments?post=649582"}],"version-history":[{"count":0,"href":"https:\/\/www.europesays.com\/fr\/wp-json\/wp\/v2\/posts\/649582\/revisions"}],"wp:featuredmedia":[{"embeddable":true,"href":"https:\/\/www.europesays.com\/fr\/wp-json\/wp\/v2\/media\/649583"}],"wp:attachment":[{"href":"https:\/\/www.europesays.com\/fr\/wp-json\/wp\/v2\/media?parent=649582"}],"wp:term":[{"taxonomy":"category","embeddable":true,"href":"https:\/\/www.europesays.com\/fr\/wp-json\/wp\/v2\/categories?post=649582"},{"taxonomy":"post_tag","embeddable":true,"href":"https:\/\/www.europesays.com\/fr\/wp-json\/wp\/v2\/tags?post=649582"}],"curies":[{"name":"wp","href":"https:\/\/api.w.org\/{rel}","templated":true}]}}