{"id":649592,"date":"2026-01-08T14:54:12","date_gmt":"2026-01-08T14:54:12","guid":{"rendered":"https:\/\/www.europesays.com\/fr\/649592\/"},"modified":"2026-01-08T14:54:12","modified_gmt":"2026-01-08T14:54:12","slug":"il-y-a-cent-ans-touche-par-un-tram-gaudi-entrait-dans-leternite","status":"publish","type":"post","link":"https:\/\/www.europesays.com\/fr\/649592\/","title":{"rendered":"Il y a cent ans, touch\u00e9 par un tram, Gaud\u00ed entrait dans l&rsquo;\u00e9ternit\u00e9"},"content":{"rendered":"<p class=\"ap-StoryElement ap-StoryElement--mb ap-StoryText\">Une mort absurde qui rappelle celle survenue quelques ann\u00e9es auparavant, le 27 novembre 1916, quand le grand po\u00e8te, flamand mais francophone, Emile Verhaeren venait de donner une conf\u00e9rence \u00e0 Rouen et se trouvait dans la foule dense \u00e0 la gare. Il tenta de monter dans un train en marche, glissa, et eut les jambes coup\u00e9es, mourant peu apr\u00e8s. Il n&rsquo;avait que 61 ans et jouissait d&rsquo;une gloire immense dans toute l&rsquo;Europe.<\/p>\n<p><img loading=\"lazy\" decoding=\"async\" class=\"w-full lazyload lazyload--opacity object-contain\" style=\"aspect-ratio:101 \/ 100;opacity:1\" alt=\"La Sagrada Familia toujours en travaux\" width=\"768\" height=\"762\" fetchpriority=\"auto\" src=\"https:\/\/www.europesays.com\/fr\/wp-content\/uploads\/2025\/12\/1765951754_589_S5VKD3X55FFF3BW6V4SEHXNP7I.png\"  data- data-optimumx=\"1\"\/>La Sagrada Familia toujours en travaux \u00a9Photo : D.R.<\/p>\n<p class=\"ap-StoryElement ap-StoryElement--mb ap-StoryText\">Mais revenons \u00e0 Gaud\u00ed enterr\u00e9 entour\u00e9 d&rsquo;une foule \u00e9norme. Apr\u00e8s sa mort, il tomba dans l&rsquo;oubli ; son \u0153uvre fut d\u00e9nigr\u00e9e par la critique internationale qui la jugeait baroque et excessivement onirique.<\/p>\n<p class=\"ap-StoryElement ap-StoryElement--mb ap-StoryText\">Apr\u00e8s la mort de Gaudi, et l&rsquo;av\u00e8nement de la IIe R\u00e9publique espagnole, les travaux de Sagrada Familia furent mis en veille et, avec la guerre civile, une partie de la crypte et les archives de Gaud\u00edfurent d\u00e9truites. Les travaux \u00e0 la cath\u00e9drale ne reprirent qu&rsquo;en 1952. Ce n&rsquo;est que dans ces ann\u00e9es-l\u00e0 qu&rsquo;il retrouva une c\u00e9l\u00e9brit\u00e9 qui n&rsquo;a fait ensuite que cro\u00eetre jusqu&rsquo;\u00e0 voir ses r\u00e9alisations \u00e0 Barcelone faire partie des destinations les plus visit\u00e9es au monde (5 millions de visiteurs annuels \u00e0 la Sagrada Familia).<\/p>\n<p>Toujours inachev\u00e9e<\/p>\n<p class=\"ap-StoryElement ap-StoryElement--mb ap-StoryText\">Cette ann\u00e9e, en juin 2026, pour ce centi\u00e8me anniversaire de sa mort, on devrait \u2013 enfin \u2013 voir termin\u00e9 l&rsquo;essentiel du chantier de la Sagrada Familia, la cath\u00e9drale qui \u00e9tait l&rsquo;\u0153uvre de sa vie. Un monument qu&rsquo;on peut analyser sans fin. Un exemple : ses incroyables maquettes qu&rsquo;on peut d\u00e9couvrir dans le mus\u00e9e de la Sagrada Familia \u00e0 Barcelone. Faites de fils lest\u00e9s (les cha\u00eenettes), elles sont renvers\u00e9es, la r\u00e9partition des poids donnant la forme id\u00e9ale du b\u00e2timent futur.<\/p>\n<p><img loading=\"lazy\" decoding=\"async\" class=\"w-full lazyload lazyload--opacity object-contain\" style=\"aspect-ratio:78 \/ 100;opacity:1\" alt=\"Antoni Gaudi\" width=\"768\" height=\"986\" fetchpriority=\"auto\" src=\"https:\/\/www.europesays.com\/fr\/wp-content\/uploads\/2025\/12\/1765951754_589_S5VKD3X55FFF3BW6V4SEHXNP7I.png\"  data- data-optimumx=\"1\"\/>Antoni Gaudi \u00a9photo D.R.<\/p>\n<p class=\"ap-StoryElement ap-StoryElement--mb ap-StoryText\">Juin 2026 marquera l&rsquo;ach\u00e8vement de la tour de J\u00e9sus-Christ, la derni\u00e8re et la plus haute des dix-huit tours, avec une grande croix de verre et de c\u00e9ramique qui la couronnera, ce qui fera du \u00ab\u00a0Temple expiatoire de la Sainte Famille\u00a0\u00bb \u2013 son nom complet \u2013 l&rsquo;\u00e9glise la plus haute du monde, culminant \u00e0 172,50 m. La hauteur assign\u00e9e par Gaud\u00ed correspond au dernier multiple de 7,5 \u2013 son nombre f\u00e9tiche, entre le divin 7 et l&rsquo;infinie perfection du 8 \u2013 inf\u00e9rieur au sommet naturel de la ville, la montagne de Montjuic. Car, pour l&rsquo;architecte, \u00ab\u00a0l&rsquo;\u0153uvre de l&rsquo;homme ne doit pas d\u00e9passer celle de Dieu\u00a0\u00bb. Le public pourra monter \u00e0 l&rsquo;int\u00e9rieur en ascenseur, comme dans les autres tours accessibles. Chez Gaud\u00ed, tout est symbole : il y aura 12 tours pour les Ap\u00f4tres, 4 pour les \u00c9vang\u00e9listes, 1 pour la Vierge Marie et la plus haute, d\u00e9di\u00e9e \u00e0 J\u00e9sus-Christ.<\/p>\n<p class=\"ap-StoryElement ap-StoryElement--mb ap-StoryText\">Une grand-messe solennelle, aura lieu avec parmi les invit\u00e9s le pape L\u00e9on XIV.<\/p>\n<p class=\"ap-StoryElement ap-StoryElement--mb ap-StoryText\">Certains d\u00e9tails d\u00e9coratifs, notamment la \u00ab\u00a0Fa\u00e7ade de la Gloire\u00a0\u00bb et l&rsquo;escalier, prendront plus de temps, des retards dus entre autres au covid, amenant la fin des travaux \u00e0 2030 ou m\u00eame plus tard. La \u00ab\u00a0Fa\u00e7ade de la Gloire\u00a0\u00bb sera l&rsquo;entr\u00e9e principale de la Sagrada Familia, qui comprend un gigantesque escalier et implique la destruction de plusieurs immeubles. En 2030, on arrivera \u00e0 147 ans depuis le d\u00e9but de travaux en 1883. M\u00eame s&rsquo;il ne s&rsquo;agit pas d&rsquo;un record (la cath\u00e9drale d&rsquo;York, en Angleterre, a \u00e9t\u00e9 b\u00e2tie en plus de deux si\u00e8cles et demi et Notre Dame \u00e0 Paris a demand\u00e9 pr\u00e8s de deux si\u00e8cles), la dur\u00e9e impressionne autant que le b\u00e2timent.<\/p>\n<p><a href=\"https:\/\/www.lalibre.be\/international\/europe\/2025\/04\/17\/gaudi-larchitecte-de-la-sagrada-familia-fait-un-premier-pas-vers-la-saintete-VJEJWH4KEVC6RDOMXPYC4TIMDA\/\" target=\"_self\" class=\"ap-StoryInterstitialLink ap-StoryElement ap-StoryElement--mb\" rel=\"noopener\">Gaudi, l&rsquo;architecte de la Sagrada Familia, fait un premier pas vers la saintet\u00e9<\/a><\/p>\n<p class=\"ap-StoryElement ap-StoryElement--mb ap-StoryText\">En avril dernier, l&rsquo;\u00c9glise catholique a reconnu Gaud\u00ed \u00ab\u00a0v\u00e9n\u00e9rable\u00a0\u00bb, une premi\u00e8re \u00e9tape sur la voie possible de la saintet\u00e9 dit L&rsquo;\u00c9glise.<\/p>\n<p>Fou ou g\u00e9nie<img loading=\"lazy\" decoding=\"async\" class=\"w-full lazyload lazyload--opacity object-contain\" style=\"aspect-ratio:137 \/ 100;opacity:1\" alt=\"Le c\u00e9l\u00e8bre banc ondul\u00e9 de 110 m au parc G\u00fcell\" width=\"768\" height=\"562\" fetchpriority=\"auto\" src=\"https:\/\/www.europesays.com\/fr\/wp-content\/uploads\/2025\/12\/1765951754_589_S5VKD3X55FFF3BW6V4SEHXNP7I.png\"  data- data-optimumx=\"1\"\/>Le c\u00e9l\u00e8bre banc ondul\u00e9 de 110 m au parc G\u00fcell \u00a9Photo : D.R.<\/p>\n<p class=\"ap-StoryElement ap-StoryElement--mb ap-StoryText\">Antoni Gaud\u00ed est n\u00e9 le 25 juin 1852 \u00e0 Reus. En 1870, il d\u00e9m\u00e9nagea \u00e0 Barcelone pour suivre ses \u00e9tudes d&rsquo;architecture tout en occupant divers emplois qui lui permettaient de financer ses \u00e9tudes. Il fut un \u00e9tudiant irr\u00e9gulier, mais qui montrait d\u00e9j\u00e0 des signes de g\u00e9nie qui lui ouvrirent les portes de la collaboration avec certains de ses professeurs. Lorsqu&rsquo;il termina ses \u00e9tudes en 1878 \u00e0 l&rsquo;\u00c9cole d&rsquo;Architecture, le directeur, Elies Rogent, eut cette phrase rest\u00e9e c\u00e9l\u00e8bre : \u00ab\u00a0Je ne sais pas si nous avons donn\u00e9 le titre \u00e0 un fou ou \u00e0 un g\u00e9nie, le temps nous le dira\u00a0\u00bb.<\/p>\n<p class=\"ap-StoryElement ap-StoryElement--mb ap-StoryText\">Une fois son dipl\u00f4me obtenu, Gaud\u00ed s&rsquo;installa \u00e0 son propre compte dans son bureau de la rue del Call \u00e0 Barcelone En 1878, par hasard, il rencontra Eusebi G\u00fcell, un industriel aimant les arts, et leur collaboration donna lieu \u00e0 une exceptionnelle relation d&rsquo;amiti\u00e9, mais aussi de m\u00e9c\u00e9nat entre les deux hommes.<\/p>\n<p class=\"ap-StoryElement ap-StoryElement--mb ap-StoryText\">Au-del\u00e0 de sa relation avec G\u00fcell, Gaud\u00ed re\u00e7ut une grande quantit\u00e9 de commandes et proposa d&rsquo;innombrables projets dont beaucoup sont rest\u00e9s sur le papier.<\/p>\n<p class=\"ap-StoryElement ap-StoryElement--mb ap-StoryText\">Apr\u00e8s des d\u00e9buts influenc\u00e9s par l&rsquo;art n\u00e9ogothique et par des tendances orientalistes, Gaud\u00ed aboutit \u00e0 l&rsquo;Art nouveau comme Horta chez nous, appel\u00e9 aussi dans son cas \u00ab\u00a0modernisme catalan\u00a0\u00bb. Cependant, il alla bien au-del\u00e0 de l&rsquo;Art nouveau orthodoxe. Il cr\u00e9a un style personnel fond\u00e9 sur l&rsquo;observation de la nature, \u00e0 la recherche d&rsquo;un langage pour pouvoir refl\u00e9ter ses formes dans l&rsquo;architecture.<\/p>\n<p class=\"ap-StoryElement ap-StoryElement--mb ap-StoryText\">\u00ab\u00a0Rien, disait-il, n&rsquo;est invent\u00e9, car la nature a d\u00e9j\u00e0 tout \u00e9crit. L&rsquo;originalit\u00e9 consiste \u00e0 revenir \u00e0 l&rsquo;origine\u00a0\u00bb. On note aussi l&rsquo;utilisation d&rsquo;\u00e9tonnantes surfaces math\u00e9matiques comme le parabolo\u00efde hyperbolique, l&rsquo;hyperbolo\u00efde, l&rsquo;h\u00e9lico\u00efde et le cono\u00efde. Le r\u00e9sultat, ce sont des b\u00e2timents quasiment sans angles droits, ondulants et asym\u00e9triques. \u00ab\u00a0Dans la nature, l&rsquo;angle droit n&rsquo;existe pas\u00a0\u00bb, \u00ab\u00a0La ligne droite appartient aux hommes, la courbe \u00e0 Dieu\u00a0\u00bb, disait-il. \u00ab\u00a0Ces formes g\u00e9om\u00e9triques, variant constamment l&rsquo;incidence de la lumi\u00e8re, ont une richesse de nuances qui leur est propre, qui rend l&rsquo;ornementation, et m\u00eame le modelage superflus.\u00a0\u00bb<\/p>\n<p>Ses chefs-d&rsquo;\u0153uvre<\/p>\n<p class=\"ap-StoryElement ap-StoryElement--mb ap-StoryText\">Durant sa p\u00e9riode de maturit\u00e9, les chefs-d&rsquo;\u0153uvre se sont succ\u00e9d\u00e9 que tous les touristes \u00e0 Barcelone visitent. La Casa Batllo : b\u00e2timent couronn\u00e9 par un spectaculaire toit compos\u00e9 de grandes \u00e9cailles qui simulent le dos d&rsquo;un animal, avec la fa\u00e7ade qui incorpore de fines colonnes de pierre aux formes osseuses d\u00e9cor\u00e9es d&rsquo;\u00e9l\u00e9ments floraux typiquement modernistes. Au cours de l&rsquo;histoire, cette maison a \u00e9t\u00e9 surnomm\u00e9e la maison des os ou la maison du dragon.<\/p>\n<p class=\"ap-StoryElement ap-StoryElement--mb ap-StoryText\">La Casa Mil\u00e0, appel\u00e9e populairement La Pedrera (\u00ab\u00a0carri\u00e8re de pierre\u00a0\u00bb en catalan), est le dernier chantier civil de Gaud\u00ed, commenc\u00e9 en 1906 achev\u00e9 en 1912. Le toit est couvert de sorties d&rsquo;escaliers, chemin\u00e9es et tours de ventilation formant un fascinant jardin de sculptures dont une des chemin\u00e9es construite avec de simples bouteilles cass\u00e9es \u00e0 une \u00e9poque o\u00f9 le mot recyclage n&rsquo;existait pas encore.<\/p>\n<p><img loading=\"lazy\" decoding=\"async\" class=\"w-full lazyload lazyload--opacity object-contain\" style=\"aspect-ratio:120 \/ 100;opacity:1\" alt=\"Le toit-terrasse de la Pedrera, comme un jardin de sculptures\" width=\"768\" height=\"642\" fetchpriority=\"auto\" src=\"https:\/\/www.europesays.com\/fr\/wp-content\/uploads\/2025\/12\/1765951754_589_S5VKD3X55FFF3BW6V4SEHXNP7I.png\"  data- data-optimumx=\"1\"\/>Le toit-terrasse de la Pedrera, comme un jardin de sculptures \u00a9Photo: D.R.<\/p>\n<p class=\"ap-StoryElement ap-StoryElement--mb ap-StoryText\">Le Parc G\u00fcell est l&rsquo;une des ic\u00f4nes de Barcelone avec ses \u00e9quipements en Trencadis (une technique de mosa\u00efque catalane qui utilise des fragments irr\u00e9guliers de c\u00e9ramique, fa\u00efence, verre ou porcelaine). Dans une ville qui dispose de plus de 400 dragons qui font r\u00e9f\u00e9rence \u00e0 la l\u00e9gende de sant Jordi (saint patron de la Catalogne), celui du Park G\u00fcell (appel\u00e9 aussi Salamandre) est le plus photographi\u00e9 et connu au monde. On y trouve aussi le plus long banc ondul\u00e9 au monde : 110 m.<\/p>\n<p class=\"ap-StoryElement ap-StoryElement--mb ap-StoryText\">Gaud\u00ed, dans sa jeunesse, fr\u00e9quentait des th\u00e9\u00e2tres, des concerts et des r\u00e9unions, mais passa d&rsquo;un jeune dandy avec des go\u00fbts de gourmet \u00e0 un homme n\u00e9gligeant son apparence personnelle, mangeant frugalement jusqu&rsquo;\u00e0 se retirer de la vie sociale tout en se consacrant avec plus de ferveur \u00e0 un sentiment mystique et religieux, se concentrant \u00e0 partir de 1915, exclusivement sur la Sagrada Familia. Vouant totalement sa vie \u00e0 sa profession, il est toujours rest\u00e9 c\u00e9libataire.<\/p>\n","protected":false},"excerpt":{"rendered":"Une mort absurde qui rappelle celle survenue quelques ann\u00e9es auparavant, le 27 novembre 1916, quand le grand po\u00e8te,&hellip;\n","protected":false},"author":2,"featured_media":649593,"comment_status":"","ping_status":"","sticky":false,"template":"","format":"standard","meta":{"footnotes":""},"categories":[1358],"tags":[1348,1384,1385,1386,58,32013,59,1011,27],"class_list":{"0":"post-649592","1":"post","2":"type-post","3":"status-publish","4":"format-standard","5":"has-post-thumbnail","7":"category-arts-et-design","8":"tag-arts","9":"tag-arts-and-design","10":"tag-arts-et-design","11":"tag-design","12":"tag-divertissement","13":"tag-elections-britanniques","14":"tag-entertainment","15":"tag-fr","16":"tag-france"},"share_on_mastodon":{"url":"https:\/\/pubeurope.com\/@fr\/115860056686724819","error":""},"_links":{"self":[{"href":"https:\/\/www.europesays.com\/fr\/wp-json\/wp\/v2\/posts\/649592","targetHints":{"allow":["GET"]}}],"collection":[{"href":"https:\/\/www.europesays.com\/fr\/wp-json\/wp\/v2\/posts"}],"about":[{"href":"https:\/\/www.europesays.com\/fr\/wp-json\/wp\/v2\/types\/post"}],"author":[{"embeddable":true,"href":"https:\/\/www.europesays.com\/fr\/wp-json\/wp\/v2\/users\/2"}],"replies":[{"embeddable":true,"href":"https:\/\/www.europesays.com\/fr\/wp-json\/wp\/v2\/comments?post=649592"}],"version-history":[{"count":0,"href":"https:\/\/www.europesays.com\/fr\/wp-json\/wp\/v2\/posts\/649592\/revisions"}],"wp:featuredmedia":[{"embeddable":true,"href":"https:\/\/www.europesays.com\/fr\/wp-json\/wp\/v2\/media\/649593"}],"wp:attachment":[{"href":"https:\/\/www.europesays.com\/fr\/wp-json\/wp\/v2\/media?parent=649592"}],"wp:term":[{"taxonomy":"category","embeddable":true,"href":"https:\/\/www.europesays.com\/fr\/wp-json\/wp\/v2\/categories?post=649592"},{"taxonomy":"post_tag","embeddable":true,"href":"https:\/\/www.europesays.com\/fr\/wp-json\/wp\/v2\/tags?post=649592"}],"curies":[{"name":"wp","href":"https:\/\/api.w.org\/{rel}","templated":true}]}}