{"id":649600,"date":"2026-01-08T14:59:07","date_gmt":"2026-01-08T14:59:07","guid":{"rendered":"https:\/\/www.europesays.com\/fr\/649600\/"},"modified":"2026-01-08T14:59:07","modified_gmt":"2026-01-08T14:59:07","slug":"deprime-de-janvier-cette-combinaison-de-facteurs-invisibles-qui-flingue-votre-moral-sans-que-vous-vous-en-rendiez-compte-marie-france-magazine-feminin","status":"publish","type":"post","link":"https:\/\/www.europesays.com\/fr\/649600\/","title":{"rendered":"D\u00e9prime de janvier : cette combinaison de facteurs invisibles qui flingue votre moral sans que vous vous en rendiez compte &#8211; Marie France, magazine f\u00e9minin"},"content":{"rendered":"<ol>\n<li><a href=\"https:\/\/news.google.com\/rss\/articles\/CBMi_wFBVV95cUxQeWpUYnlZQUFiWHhvX256MXdwLUtweU9Zc1NMZXd5THVTakMzMUJ4bGxIdWJaeUt6R19PV0lYLTM4eDQzUS0zSmhXNElURjVCTDBOUWFPTXQ5VEt5MVlYRFVVYjdiT2MwbUtOSTduUExvMzJuaVlFYkVVZlZDTEpYN2xwZE5kWi01bEgzUk9UNGhaZl8yNUNVLXNxb3gyTXM1ZGxZMm1oQWNNdklNZDIwY0hMM2V4Y0x4VUhiSThTXzZxVUZDc3NnSWpuRFBOUUNxMlAyTnUtaXVQMVRud1ZYMlo3M3RKN1NPbVdoX3JxdUFFQlNEWHNhS25RbUU2cFk?oc=5\" target=\"_blank\" rel=\"noopener\">D\u00e9prime de janvier : cette combinaison de facteurs invisibles qui flingue votre moral sans que vous vous en rendiez compte<\/a>&nbsp;&nbsp;Marie France, magazine f\u00e9minin<\/li>\n<li><a href=\"https:\/\/news.google.com\/rss\/articles\/CBMixgFBVV95cUxQUHpJcllOeF84bzVVbE9qdXlGQTFZckh0WWFXT1FfRHN0T3VNQXc0X054RDdvQzBjT19GTnloaWdIcVNjTW4wSnllc2lMeEdoNWh5c253SDVhczNlNE9oZUZZUWwyN0JwZFVuMDU3azhvVFZBY0Q5Um1ObFhzbGM1ZEJWcEowLWtpdFRVSGV0ZFJvRzBJZWxIZW1EZkp4RjNmdnVFeWhmdlRlTlZpdi1DMHZTOWRhSFE1RGF1b292eDc3c29iTEE?oc=5\" target=\"_blank\" rel=\"noopener\">Les personnes adeptes de cette activit\u00e9 ont moins souvent le blues hivernal : c&rsquo;est prouv\u00e9<\/a>&nbsp;&nbsp;Top Sant\u00e9<\/li>\n<li><a href=\"https:\/\/news.google.com\/rss\/articles\/CBMi8wFBVV95cUxPUmJGQllXbXRJWXlVd2tVYnR2X3RXQzhPbTFJbEtNaG9RSWV6Q2JUUWVKS2FCZ2VfWTlERzNTQktjVWltZmwxZUVUNXJJdXRXLTdlRmZUYTMzcVZPT0JDUDc4OUVJQnE0T1hyRXBOYUNfUmNoc1JkM2JxY1ZmeUt3NzRJNDMybEdKSVVrelhDTUMyOG9Ic2pKNGNqcXczRzR5RVRlNEtQR3JEU2ctMEJpX09EWHFMQkx6Um8wSHhIWHg1ZzhUUGg2ZjVrNTJrR2F5R2otcnBWZjBtWG4wczBmQWExTnpEbzZ2ajJjTDRnSzh1Szg?oc=5\" target=\"_blank\" rel=\"noopener\">Cette activit\u00e9 manuelle \u00e0 essayer en janvier aide \u00e0 lutter contre le blues hivernal et r\u00e9duire le stress<\/a>&nbsp;&nbsp;grazia.fr<\/li>\n<li><a href=\"https:\/\/news.google.com\/rss\/articles\/CBMikgJBVV95cUxQZlhNZVZhN2ZuOHR1MXhOWTJjVHB3bVVBUi04cUFhM3RwN19aNTlzLUh4cW5STmVCazZuckdKLWVrWk1MZGc2QzBTTDNhUTV4VjBrbXVNdjlVR0ZBdFlQNW9IOFVpWnhtdS1RX3ZfZHVLanV0N1EtVGZRZW1zMnM5SzhNNkdlOG1wRUNNbHFGZUQ0MFpkVEFYU2lPUUZDM3NmcGhHUHdSdWNycThHeERGcTBjMDgwVURLTXkxOHBGcUt0MVNTVFZpVmxfX3l6N2lYcDA1TWpaeERiVFZaV3pxblVsX1BkNVlteWlnVFpIUzZ2THVOeGRCRFBHVkNaOEFwajRqTEw4TnR0aGhoNlJFa0xB?oc=5\" target=\"_blank\" rel=\"noopener\">Si vous ne faites pas \u00e7a le matin, vous risquez de sombrer dans la d\u00e9prime hivernale, selon les m\u00e9decins<\/a>&nbsp;&nbsp;Modes et travaux<\/li>\n<li><a href=\"https:\/\/news.google.com\/rss\/articles\/CBMiywFBVV95cUxQdWN2QktYaFREV3VoZnZfbzIwUzNqUnJ0YnlDNHlWOFRUTnlWYXFnNDF4ajNiZ0xUam1DRkNtUTBXVndpSmt2QjV0ZlNFR2tkRGE4Q0xjSU1vNG1sa0ZteGoyYmpTMTJlTzJMS19fMjJUOHkwTEJmZ2M3aTRKak9TbFcwR3RPY0F4Z3pRclJINUsxZ0VzQUJtWHV0WjVHOTJFYmNNWkRfamRqN294X0pwLUl6ZEFzV0ctOElSQkZJc1A1WF8ybUpLVlRrbw?oc=5\" target=\"_blank\" rel=\"noopener\">D\u00e9pression saisonni\u00e8re : \u00ab\u00a0Un truc qu&rsquo;on fait tous&#8230;\u00a0\u00bb, Jimmy Mohamed met les pieds dans le plat<\/a>&nbsp;&nbsp;Closer<\/li>\n<\/ol>\n","protected":false},"excerpt":{"rendered":"D\u00e9prime de janvier : cette combinaison de facteurs invisibles qui flingue votre moral sans que vous vous en&hellip;\n","protected":false},"author":2,"featured_media":395849,"comment_status":"","ping_status":"","sticky":false,"template":"","format":"standard","meta":{"footnotes":""},"categories":[10],"tags":[1011,27,72,71],"class_list":{"0":"post-649600","1":"post","2":"type-post","3":"status-publish","4":"format-standard","5":"has-post-thumbnail","7":"category-sante","8":"tag-fr","9":"tag-france","10":"tag-health","11":"tag-sante"},"share_on_mastodon":{"url":"https:\/\/pubeurope.com\/@fr\/115860076337365947","error":""},"_links":{"self":[{"href":"https:\/\/www.europesays.com\/fr\/wp-json\/wp\/v2\/posts\/649600","targetHints":{"allow":["GET"]}}],"collection":[{"href":"https:\/\/www.europesays.com\/fr\/wp-json\/wp\/v2\/posts"}],"about":[{"href":"https:\/\/www.europesays.com\/fr\/wp-json\/wp\/v2\/types\/post"}],"author":[{"embeddable":true,"href":"https:\/\/www.europesays.com\/fr\/wp-json\/wp\/v2\/users\/2"}],"replies":[{"embeddable":true,"href":"https:\/\/www.europesays.com\/fr\/wp-json\/wp\/v2\/comments?post=649600"}],"version-history":[{"count":0,"href":"https:\/\/www.europesays.com\/fr\/wp-json\/wp\/v2\/posts\/649600\/revisions"}],"wp:featuredmedia":[{"embeddable":true,"href":"https:\/\/www.europesays.com\/fr\/wp-json\/wp\/v2\/media\/395849"}],"wp:attachment":[{"href":"https:\/\/www.europesays.com\/fr\/wp-json\/wp\/v2\/media?parent=649600"}],"wp:term":[{"taxonomy":"category","embeddable":true,"href":"https:\/\/www.europesays.com\/fr\/wp-json\/wp\/v2\/categories?post=649600"},{"taxonomy":"post_tag","embeddable":true,"href":"https:\/\/www.europesays.com\/fr\/wp-json\/wp\/v2\/tags?post=649600"}],"curies":[{"name":"wp","href":"https:\/\/api.w.org\/{rel}","templated":true}]}}