{"id":649608,"date":"2026-01-08T15:04:12","date_gmt":"2026-01-08T15:04:12","guid":{"rendered":"https:\/\/www.europesays.com\/fr\/649608\/"},"modified":"2026-01-08T15:04:12","modified_gmt":"2026-01-08T15:04:12","slug":"lexpression-crue-et-brutale-de-la-puissance-americaine-de-lere-trump-ii-est-un-choc-violent-qui-ouvre-enfin-les-yeux-des-allies-de-washington","status":"publish","type":"post","link":"https:\/\/www.europesays.com\/fr\/649608\/","title":{"rendered":"\u00ab\u00a0L\u2019expression crue et brutale de la puissance am\u00e9ricaine de l\u2019\u00e8re Trump\u00a0II est un choc violent qui ouvre enfin les yeux des alli\u00e9s de Washington\u00a0\u00bb"},"content":{"rendered":"\n<p class=\"article__paragraph  \">En novembre\u00a02019, le pr\u00e9sident Emmanuel Macron avait horrifi\u00e9 la communaut\u00e9 occidentale en d\u00e9clarant l\u2019Organisation du trait\u00e9 de l\u2019Atlantique Nord (OTAN) \u00ab\u00a0en \u00e9tat de mort c\u00e9r\u00e9brale\u00a0\u00bb, dans un entretien \u00e0 The\u00a0Economist, \u00e0 la veille d\u2019un sommet de l\u2019Alliance atlantique. Toucher \u00e0 un tel monument, pilier depuis soixante-dix\u00a0ans du lien transatlantique, lui-m\u00eame pilier de l\u2019ordre international, relevait quasiment du sacril\u00e8ge. La chanceli\u00e8re Angela Merkel marqua froidement sa d\u00e9sapprobation, comme elle savait le faire. Le pr\u00e9sident Donald Trump qualifia ces propos d\u2019\u00ab\u00a0insultants\u00a0\u00bb et de \u00ab\u00a0tr\u00e8s dangereux\u00a0\u00bb pour la France, car \u00ab\u00a0personne n\u2019a plus besoin de l\u2019OTAN que la France\u00a0\u00bb.<\/p>\n<p>                              Lire aussi |  <a href=\"https:\/\/www.lemonde.fr\/international\/live\/2026\/01\/07\/en-direct-venezuela-la-chine-repete-que-le-venezuela-est-un-pays-souverain-le-qatar-propose-sa-mediation_6660411_3210.html\" class=\"js-article-read-also catcher--favoris__link\" data-premium=\"\" id=\"article-title-3453104\" target=\"_blank\" rel=\"noopener\">EN DIRECT, Venezuela\u00a0: la Russie accuse les Etats-Unis d\u2019accentuer les tensions \u00ab\u00a0militaires et politiques\u00a0\u00bb apr\u00e8s qu\u2019un p\u00e9trolier a \u00e9t\u00e9 saisi dans l\u2019Atlantique<\/a>    <\/p>\n<p>   Lire plus tard  <\/p>\n<p class=\"article__paragraph  \">Les Etats-Unis ont-ils besoin de l\u2019OTAN\u00a0? Six ans plus tard, c\u2019est plut\u00f4t la question qui se pose, au moment o\u00f9 le m\u00eame pr\u00e9sident Trump, en mode ma\u00eetre du monde, proclame sa volont\u00e9 de s\u2019emparer du Groenland, territoire appartenant \u00e0 un membre de l\u2019OTAN, le Danemark. Mettre une telle menace \u00e0 ex\u00e9cution, avertit la premi\u00e8re ministre danoise, Mette Frederiksen, signifierait \u00ab\u00a0la fin de l\u2019OTAN\u00a0\u00bb.<\/p>\n<p class=\"article__paragraph  \">En r\u00e9alit\u00e9, Trump n\u2019a aucun int\u00e9r\u00eat \u00e0 se d\u00e9faire de l\u2019OTAN, qui lui permet d\u2019entretenir la d\u00e9pendance militaire des Europ\u00e9ens et surtout de remplir les carnets de commande de l\u2019industrie de la d\u00e9fense am\u00e9ricaine. Simplement, l\u2019OTAN selon Donald Trump se rapproche d\u2019un autre mod\u00e8le d\u2019alliance militaire, celui du pacte de Varsovie, confirmant l\u2019hypoth\u00e8se pos\u00e9e en f\u00e9vrier\u00a02025, au d\u00e9but du second mandat de Trump, par Olivier Schmitt, professeur au Centre d\u2019\u00e9tudes sur la guerre de l\u2019universit\u00e9 du Danemark du Sud, au cours d\u2019une conf\u00e9rence \u00e0 la Sorbonne.<\/p>\n<p>                      <img loading=\"lazy\" decoding=\"async\" src=\"https:\/\/www.europesays.com\/fr\/wp-content\/uploads\/2026\/01\/62642c9_ftp-1-g7f1qgq74ter-ec5544e4ec964c3f817fab73546bf073-1-4467de3c9a0c4f1f929016df7d0e7a98.jpg\" alt=\"Le pr\u00e9sident am\u00e9ricain, Donald Trump, apr\u00e8s un discours devant des parlementaires r\u00e9publicains, \u00e0 Washington, le 6\u00a0janvier 2026. \"   width=\"664\" height=\"443\"\/>    Le pr\u00e9sident am\u00e9ricain, Donald Trump, apr\u00e8s un discours devant des parlementaires r\u00e9publicains, \u00e0 Washington, le 6\u00a0janvier 2026.  EVAN VUCCI \/ AP              <\/p>\n<p class=\"reading-mode-only \"><strong>Il vous reste 74.46% de cet article \u00e0 lire. La suite est r\u00e9serv\u00e9e aux abonn\u00e9s.<\/strong><\/p>\n","protected":false},"excerpt":{"rendered":"En novembre\u00a02019, le pr\u00e9sident Emmanuel Macron avait horrifi\u00e9 la communaut\u00e9 occidentale en d\u00e9clarant l\u2019Organisation du trait\u00e9 de l\u2019Atlantique&hellip;\n","protected":false},"author":2,"featured_media":649609,"comment_status":"","ping_status":"","sticky":false,"template":"","format":"standard","meta":{"footnotes":""},"categories":[5],"tags":[11,1011,27,14,12,28],"class_list":{"0":"post-649608","1":"post","2":"type-post","3":"status-publish","4":"format-standard","5":"has-post-thumbnail","7":"category-international","8":"tag-actualites","9":"tag-fr","10":"tag-france","11":"tag-international","12":"tag-news","13":"tag-world"},"share_on_mastodon":{"url":"https:\/\/pubeurope.com\/@fr\/115860095950550930","error":""},"_links":{"self":[{"href":"https:\/\/www.europesays.com\/fr\/wp-json\/wp\/v2\/posts\/649608","targetHints":{"allow":["GET"]}}],"collection":[{"href":"https:\/\/www.europesays.com\/fr\/wp-json\/wp\/v2\/posts"}],"about":[{"href":"https:\/\/www.europesays.com\/fr\/wp-json\/wp\/v2\/types\/post"}],"author":[{"embeddable":true,"href":"https:\/\/www.europesays.com\/fr\/wp-json\/wp\/v2\/users\/2"}],"replies":[{"embeddable":true,"href":"https:\/\/www.europesays.com\/fr\/wp-json\/wp\/v2\/comments?post=649608"}],"version-history":[{"count":0,"href":"https:\/\/www.europesays.com\/fr\/wp-json\/wp\/v2\/posts\/649608\/revisions"}],"wp:featuredmedia":[{"embeddable":true,"href":"https:\/\/www.europesays.com\/fr\/wp-json\/wp\/v2\/media\/649609"}],"wp:attachment":[{"href":"https:\/\/www.europesays.com\/fr\/wp-json\/wp\/v2\/media?parent=649608"}],"wp:term":[{"taxonomy":"category","embeddable":true,"href":"https:\/\/www.europesays.com\/fr\/wp-json\/wp\/v2\/categories?post=649608"},{"taxonomy":"post_tag","embeddable":true,"href":"https:\/\/www.europesays.com\/fr\/wp-json\/wp\/v2\/tags?post=649608"}],"curies":[{"name":"wp","href":"https:\/\/api.w.org\/{rel}","templated":true}]}}