{"id":649614,"date":"2026-01-08T15:07:12","date_gmt":"2026-01-08T15:07:12","guid":{"rendered":"https:\/\/www.europesays.com\/fr\/649614\/"},"modified":"2026-01-08T15:07:12","modified_gmt":"2026-01-08T15:07:12","slug":"saint-etienne-lartiste-de-renommee-mondiale-jean-michel-othoniel-au-musee-dart-moderne-pour-une-conference","status":"publish","type":"post","link":"https:\/\/www.europesays.com\/fr\/649614\/","title":{"rendered":"Saint-Etienne. L&rsquo;artiste de renomm\u00e9e mondiale Jean-Michel Othoniel au mus\u00e9e d&rsquo;Art moderne pour une conf\u00e9rence"},"content":{"rendered":"<p>Jean-Michel Othoniel donnera une conf\u00e9rence intitul\u00e9e \u00ab\u00a0Un Monde de verre\u00a0\u00bb vendredi 23\u00a0janvier, \u00e0 18\u00a0h\u00a030, au mus\u00e9e d\u2019Art moderne et contemporain de Saint-\u00c9tienne (MAMC+).<\/p>\n<p>Cette rencontre se fera sous forme de discussion avec Stanislas Colodiet (directeur du Centre international de recherche sur le verre et les arts plastiques -CIRVA- \u00e0 Marseille) et Joris Thomas du MAMC+.<\/p>\n<p>  Des animations durant tout le week-end<\/p>\n<p>\u00ab Entre transparences, couleurs et formes po\u00e9tiques, le verre est au c\u0153ur de la pratique de <a href=\"https:\/\/www.leprogres.fr\/loire-42\/2018\/05\/25\/la-nouvelle-vague-selon-jean-michel-othoniel\" target=\"_blank\" rel=\"noopener\">l\u2019artiste st\u00e9phanois Jean-Michel Othoniel<\/a>. Lors de cette rencontre exceptionnelle, l\u2019artiste d\u00e9voilera les secrets et inspirations de son mat\u00e9riau f\u00e9tiche\u00a0\u00bb, promet l\u2019\u00e9tablissement (1).<\/p>\n<p>Ce rendez-vous s\u2019inscrit dans le cadre du \u00ab\u00a0week-end magn\u00e9tique\u00a0\u00bb du MAMC +\u00a0sur le th\u00e8me de \u00ab\u00a0Verre l\u2019infini et au-del\u00e0\u00a0\u00bb.<\/p>\n<p>Vendredi\u00a023, samedi\u00a024 et dimanche 25\u00a0janvier, \u00e0 l\u2019occasion de l\u2019exposition Le Verre au-del\u00e0 de la mati\u00e8re. Les collections du Cirva, le public pourra d\u00e9couvrir comment le verre inspire artistes et cr\u00e9ateurs. Au programme\u00a0: soufflage de verre, concerts, visites, projection, soir\u00e9e dansante, bar &amp; food\u2026<\/p>\n<p class=\"note\">(1) Conf\u00e9rence de Jean-Michel Othoniel, \u00ab\u00a0Un monde de verre\u00a0\u00bb, vendredi 23\u00a0janvier, \u00e0 18\u00a0h\u00a030, au mus\u00e9e d\u2019Art moderne et contemporain de Saint-\u00c9tienne (MAMC +) \u00e0 Saint-Priest-en-Jarez. Gratuit sur inscription \u00e0 contact@lesamisdumamc.com<\/p>\n","protected":false},"excerpt":{"rendered":"Jean-Michel Othoniel donnera une conf\u00e9rence intitul\u00e9e \u00ab\u00a0Un Monde de verre\u00a0\u00bb vendredi 23\u00a0janvier, \u00e0 18\u00a0h\u00a030, au mus\u00e9e d\u2019Art moderne&hellip;\n","protected":false},"author":2,"featured_media":649615,"comment_status":"","ping_status":"","sticky":false,"template":"","format":"standard","meta":{"footnotes":""},"categories":[9653],"tags":[1111,11,2430,1687,7539,1777,674,2271,1011,27,12,25,4001,9664,15696],"class_list":{"0":"post-649614","1":"post","2":"type-post","3":"status-publish","4":"format-standard","5":"has-post-thumbnail","7":"category-saint-etienne","8":"tag-actu","9":"tag-actualites","10":"tag-auvergne-rhone-alpes","11":"tag-culture-loisirs","12":"tag-edition-loire-sud","13":"tag-eu","14":"tag-europe","15":"tag-exposition-arts-plastiques","16":"tag-fr","17":"tag-france","18":"tag-news","19":"tag-republique-francaise","20":"tag-saint-etienne","21":"tag-saint-etienne-bassin","22":"tag-saint-priest-en-jarez"},"share_on_mastodon":{"url":"https:\/\/pubeurope.com\/@fr\/115860107756987214","error":""},"_links":{"self":[{"href":"https:\/\/www.europesays.com\/fr\/wp-json\/wp\/v2\/posts\/649614","targetHints":{"allow":["GET"]}}],"collection":[{"href":"https:\/\/www.europesays.com\/fr\/wp-json\/wp\/v2\/posts"}],"about":[{"href":"https:\/\/www.europesays.com\/fr\/wp-json\/wp\/v2\/types\/post"}],"author":[{"embeddable":true,"href":"https:\/\/www.europesays.com\/fr\/wp-json\/wp\/v2\/users\/2"}],"replies":[{"embeddable":true,"href":"https:\/\/www.europesays.com\/fr\/wp-json\/wp\/v2\/comments?post=649614"}],"version-history":[{"count":0,"href":"https:\/\/www.europesays.com\/fr\/wp-json\/wp\/v2\/posts\/649614\/revisions"}],"wp:featuredmedia":[{"embeddable":true,"href":"https:\/\/www.europesays.com\/fr\/wp-json\/wp\/v2\/media\/649615"}],"wp:attachment":[{"href":"https:\/\/www.europesays.com\/fr\/wp-json\/wp\/v2\/media?parent=649614"}],"wp:term":[{"taxonomy":"category","embeddable":true,"href":"https:\/\/www.europesays.com\/fr\/wp-json\/wp\/v2\/categories?post=649614"},{"taxonomy":"post_tag","embeddable":true,"href":"https:\/\/www.europesays.com\/fr\/wp-json\/wp\/v2\/tags?post=649614"}],"curies":[{"name":"wp","href":"https:\/\/api.w.org\/{rel}","templated":true}]}}