{"id":649616,"date":"2026-01-08T15:08:12","date_gmt":"2026-01-08T15:08:12","guid":{"rendered":"https:\/\/www.europesays.com\/fr\/649616\/"},"modified":"2026-01-08T15:08:12","modified_gmt":"2026-01-08T15:08:12","slug":"gael-perdriau-vise-par-des-saisies-bancaires-la-veille-de-noel-apres-sa-condamnation","status":"publish","type":"post","link":"https:\/\/www.europesays.com\/fr\/649616\/","title":{"rendered":"Ga\u00ebl Perdriau vis\u00e9 par des saisies bancaires la veille de No\u00ebl apr\u00e8s sa condamnation"},"content":{"rendered":"<p class=\"insetTitle\">\u00ab\u00a0Ga\u00ebl Perdriau ne manifestait aucune volont\u00e9 de payer\u00a0\u00bb<\/p>\n<p>Il \u00e9tait aphone ces derni\u00e8res 48 heures (\u00ab\u00a0c\u2019est toujours emb\u00eatant pour un avocat\u00a0\u00bb), ce qui explique qu\u2019il ne s\u2019\u00e9tait pas exprim\u00e9 jusqu\u2019alors.<\/p>\n<p>Me Andr\u00e9 Buffard a retrouv\u00e9 un filet de voix lorsque nous l\u2019avons joint, ce jeudi apr\u00e8s-midi. Et s\u2019il explique avoir demand\u00e9 l\u2019ex\u00e9cution provisoire du versement des dommages et int\u00e9r\u00eats, c\u2019est parce que \u00ab\u00a0Ga\u00ebl Perdriau ne manifestait aucune volont\u00e9 de payer\u00a0\u00bb. Et l\u2019avocat de citer \u00ab\u00a0ses interventions m\u00e9diatiques pour dire et redire qu\u2019il est innocent, et <a href=\"https:\/\/www.leprogres.fr\/faits-divers-justice\/2025\/12\/20\/gael-perdriau-sur-les-reseaux-sociaux-comme-si-de-rien-n-etait\" target=\"_blank\" rel=\"noopener\">ses publications Facebook comme s\u2019il \u00e9tait toujours maire<\/a>. \u00c0 un moment, \u00e7a suffit\u00a0\u00bb.<\/p>\n<p>Sur le timing (la veille de No\u00ebl), il dit \u00ab\u00a0le regretter, mais je n\u2019y suis pour rien, voyez \u00e7a avec les huissiers\u00a0\u00bb. Quant aux difficult\u00e9s d\u2019argent de\u00a0Ga\u00ebl Perdriau, il affirme qu\u2019il \u00ab\u00a0est propri\u00e9taire de trois biens immobiliers, il est en capacit\u00e9 de payer.\u00a0Je rappelle que c\u2019est Gilles Artigues la victime, il ne faudrait pas inverser les r\u00f4les \u00bb.<\/p>\n<p class=\"insetSignature\">J.-H.A.<\/p>\n","protected":false},"excerpt":{"rendered":"\u00ab\u00a0Ga\u00ebl Perdriau ne manifestait aucune volont\u00e9 de payer\u00a0\u00bb Il \u00e9tait aphone ces derni\u00e8res 48 heures (\u00ab\u00a0c\u2019est toujours emb\u00eatant&hellip;\n","protected":false},"author":2,"featured_media":649617,"comment_status":"","ping_status":"","sticky":false,"template":"","format":"standard","meta":{"footnotes":""},"categories":[9653],"tags":[1111,11,42797,2430,271,272,7539,1777,674,274,107,1011,27,3367,12,25,4001,7538],"class_list":{"0":"post-649616","1":"post","2":"type-post","3":"status-publish","4":"format-standard","5":"has-post-thumbnail","7":"category-saint-etienne","8":"tag-actu","9":"tag-actualites","10":"tag-affaire-perdriau","11":"tag-auvergne-rhone-alpes","12":"tag-crime","13":"tag-delit-et-contravention","14":"tag-edition-loire-sud","15":"tag-eu","16":"tag-europe","17":"tag-faits-divers-justice","18":"tag-fil-info","19":"tag-fr","20":"tag-france","21":"tag-loire","22":"tag-news","23":"tag-republique-francaise","24":"tag-saint-etienne","25":"tag-saint-etienne-ville"},"share_on_mastodon":{"url":"https:\/\/pubeurope.com\/@fr\/115860111604870091","error":""},"_links":{"self":[{"href":"https:\/\/www.europesays.com\/fr\/wp-json\/wp\/v2\/posts\/649616","targetHints":{"allow":["GET"]}}],"collection":[{"href":"https:\/\/www.europesays.com\/fr\/wp-json\/wp\/v2\/posts"}],"about":[{"href":"https:\/\/www.europesays.com\/fr\/wp-json\/wp\/v2\/types\/post"}],"author":[{"embeddable":true,"href":"https:\/\/www.europesays.com\/fr\/wp-json\/wp\/v2\/users\/2"}],"replies":[{"embeddable":true,"href":"https:\/\/www.europesays.com\/fr\/wp-json\/wp\/v2\/comments?post=649616"}],"version-history":[{"count":0,"href":"https:\/\/www.europesays.com\/fr\/wp-json\/wp\/v2\/posts\/649616\/revisions"}],"wp:featuredmedia":[{"embeddable":true,"href":"https:\/\/www.europesays.com\/fr\/wp-json\/wp\/v2\/media\/649617"}],"wp:attachment":[{"href":"https:\/\/www.europesays.com\/fr\/wp-json\/wp\/v2\/media?parent=649616"}],"wp:term":[{"taxonomy":"category","embeddable":true,"href":"https:\/\/www.europesays.com\/fr\/wp-json\/wp\/v2\/categories?post=649616"},{"taxonomy":"post_tag","embeddable":true,"href":"https:\/\/www.europesays.com\/fr\/wp-json\/wp\/v2\/tags?post=649616"}],"curies":[{"name":"wp","href":"https:\/\/api.w.org\/{rel}","templated":true}]}}