{"id":649618,"date":"2026-01-08T15:09:18","date_gmt":"2026-01-08T15:09:18","guid":{"rendered":"https:\/\/www.europesays.com\/fr\/649618\/"},"modified":"2026-01-08T15:09:18","modified_gmt":"2026-01-08T15:09:18","slug":"deux-voitures-se-rentrent-dedans","status":"publish","type":"post","link":"https:\/\/www.europesays.com\/fr\/649618\/","title":{"rendered":"deux voitures se rentrent dedans"},"content":{"rendered":"<p>Ce jeudi matin vers 7\u00a0h\u00a010, un accident s\u2019est produit rue de Ludres. La neige et le verglas n\u2019ont pas facilit\u00e9 les d\u00e9placements, deux v\u00e9hicules se sont t\u00e9lescop\u00e9s. Heureusement, il n\u2019y a pas eu de bless\u00e9. La police municipale \u00e9tait sur place, les v\u00e9hicules ont \u00e9t\u00e9 d\u00e9gag\u00e9s et la m\u00e9tropole est venue d\u00e9neiger la route.<\/p>\n<p>La circulation a \u00e9t\u00e9 r\u00e9tablie vers 9\u00a0h\u00a030<\/p>\n","protected":false},"excerpt":{"rendered":"Ce jeudi matin vers 7\u00a0h\u00a010, un accident s\u2019est produit rue de Ludres. La neige et le verglas n\u2019ont&hellip;\n","protected":false},"author":2,"featured_media":649619,"comment_status":"","ping_status":"","sticky":false,"template":"","format":"standard","meta":{"footnotes":""},"categories":[9635],"tags":[119,1111,11,1704,1777,674,274,9650,1011,27,775,9649,1702,12,25],"class_list":{"0":"post-649618","1":"post","2":"type-post","3":"status-publish","4":"format-standard","5":"has-post-thumbnail","7":"category-nancy","8":"tag-accident","9":"tag-actu","10":"tag-actualites","11":"tag-edition-nancy-et-agglomeration","12":"tag-eu","13":"tag-europe","14":"tag-faits-divers-justice","15":"tag-fleville-devant-nancy","16":"tag-fr","17":"tag-france","18":"tag-grand-est","19":"tag-metropole-du-grand-nancy-54b2","20":"tag-nancy","21":"tag-news","22":"tag-republique-francaise"},"share_on_mastodon":{"url":"https:\/\/pubeurope.com\/@fr\/115860115599939309","error":""},"_links":{"self":[{"href":"https:\/\/www.europesays.com\/fr\/wp-json\/wp\/v2\/posts\/649618","targetHints":{"allow":["GET"]}}],"collection":[{"href":"https:\/\/www.europesays.com\/fr\/wp-json\/wp\/v2\/posts"}],"about":[{"href":"https:\/\/www.europesays.com\/fr\/wp-json\/wp\/v2\/types\/post"}],"author":[{"embeddable":true,"href":"https:\/\/www.europesays.com\/fr\/wp-json\/wp\/v2\/users\/2"}],"replies":[{"embeddable":true,"href":"https:\/\/www.europesays.com\/fr\/wp-json\/wp\/v2\/comments?post=649618"}],"version-history":[{"count":0,"href":"https:\/\/www.europesays.com\/fr\/wp-json\/wp\/v2\/posts\/649618\/revisions"}],"wp:featuredmedia":[{"embeddable":true,"href":"https:\/\/www.europesays.com\/fr\/wp-json\/wp\/v2\/media\/649619"}],"wp:attachment":[{"href":"https:\/\/www.europesays.com\/fr\/wp-json\/wp\/v2\/media?parent=649618"}],"wp:term":[{"taxonomy":"category","embeddable":true,"href":"https:\/\/www.europesays.com\/fr\/wp-json\/wp\/v2\/categories?post=649618"},{"taxonomy":"post_tag","embeddable":true,"href":"https:\/\/www.europesays.com\/fr\/wp-json\/wp\/v2\/tags?post=649618"}],"curies":[{"name":"wp","href":"https:\/\/api.w.org\/{rel}","templated":true}]}}