{"id":649626,"date":"2026-01-08T15:13:20","date_gmt":"2026-01-08T15:13:20","guid":{"rendered":"https:\/\/www.europesays.com\/fr\/649626\/"},"modified":"2026-01-08T15:13:20","modified_gmt":"2026-01-08T15:13:20","slug":"montpellier-le-mouvement-social-uni-pour-denoncer-lintervention-americaine-au-venezuela","status":"publish","type":"post","link":"https:\/\/www.europesays.com\/fr\/649626\/","title":{"rendered":"Montpellier : le mouvement social uni pour d\u00e9noncer l&rsquo;intervention am\u00e9ricaine au Venezuela"},"content":{"rendered":"<p>\t\t\t\t<a href=\"https:\/\/www.europesays.com\/fr\/wp-content\/uploads\/2026\/01\/3-janvier-venezuela.jpg\" data-lightbox=\"lb\" data-title=\"Un rassemblement de soutien au peuple v\u00e9n\u00e9zu\u00e9lien a rassembl\u00e9 environ 200 personnes \u00e0 Montpellier le 3 janvier. (\" le=\"\" poing=\"\"><br \/>\n\t\t\t\t\t<img decoding=\"async\" class=\"wp-image-7214 size-full\" src=\"https:\/\/www.europesays.com\/fr\/wp-content\/uploads\/2026\/01\/3-janvier-venezuela.jpg\"\/><br \/>\n\t\t\t\t<\/a><\/p>\n<p>Un rassemblement de soutien au peuple v\u00e9n\u00e9zu\u00e9lien a rassembl\u00e9 environ 200 personnes \u00e0 Montpellier le 3 janvier. (\u00ab\u00a0Le Poing\u00a0\u00bb) <\/p>\n<p><strong>Une vingtaine d\u2019organisations, partis et syndicats du mouvement social montpelli\u00e9rain appelle \u00e0 une manifestation unitaire le samedi 10 janvier \u00e0 15 heures au d\u00e9part d\u2019Albert-Premier pour d\u00e9noncer l\u2019agression am\u00e9ricaine au Venezuela, apr\u00e8s l\u2019enl\u00e8vement du pr\u00e9sident Maduro par les \u00c9tats-Unis le 3 janvier<\/strong><\/p>\n<p>\u201cConstruire une mobilisation large et unitaire pour se tenir aux c\u00f4t\u00e9s du peuple v\u00e9n\u00e9zu\u00e9lien\u201d. Tel est le mot d\u2019ordre de ce d\u00e9but d\u2019ann\u00e9e pour une large partie du mouvement social montpelli\u00e9rain. Apr\u00e8s un premier rassemblement spontan\u00e9 sur la place de la Com\u00e9die le 3 janvier, jour du kidnapping du pr\u00e9sident V\u00e9n\u00e9zu\u00e9lien Nicolas Maduro par les \u00c9tats-Unis, une vingtaine de partis, organisations et syndicats* appelle \u00e0 une manifestation le samedi 10 janvier \u00e0 15 heures au d\u00e9part d\u2019Albert-Premier pour d\u00e9noncer \u201cl\u2019imp\u00e9rialisme am\u00e9ricain\u201d et demander le retrait des troupes \u00c9tats-uniennes du pays. <\/p>\n<p>\u201cLogique de la force\u201d<\/p>\n<p>R\u00e9unie en conf\u00e9rence de presse ce jeudi 8 janvier, une partie des signataires de l\u2019appel \u00e0 manifester insiste sur \u201cla menace que cette attaque fait peser sur l\u2019\u00e9quilibre mondial\u201d, tout en d\u00e9non\u00e7ant \u201cla centaine de morts\u201d que l\u2019op\u00e9ration d\u2019enl\u00e8vement de Maduro a caus\u00e9. \u201cOn bascule dans une logique de la force, o\u00f9 les \u00c9tats-Unis deviennent un pr\u00e9dateur mondial. L\u2019enjeu est clair : les r\u00e9serves de p\u00e9trole du Venezuela\u201d, tranche Francis Vigui\u00e9, repr\u00e9sentant du local associatif la Carmagnole, qui s\u2019interroge : \u201cDe quel droit les USA peuvent juger Maduro dans un tribunal ? Ils n\u2019ont aucune l\u00e9gitimit\u00e9.\u201d  \u201cIls l\u2019accusent de trafic de drogues, mais ce sont les \u00c9tats-Unis qui sont responsables de la crise des opiac\u00e9s\u201d, rench\u00e9rit Alban Desoutter, membre de l\u2019association la Libre Pens\u00e9e, qui ajoute : \u201cC\u2019est au peuple v\u00e9n\u00e9zu\u00e9lien de d\u00e9cider de son avenir.\u201d <\/p>\n<p><strong>L\u2019urgence de la paix <\/strong><\/p>\n<p>\u201cCe sont les travailleurs qui vont payer cette intervention et la guerre, il faut la paix\u201d, affirme de son c\u00f4t\u00e9 Myriam Rivoire, secr\u00e9taire de l\u2019Union locale de la CGT de l\u2019aire urbaine de Montpellier. Ce combat pour la paix constitue \u201cune lutte \u00e0 long terme\u201d selon B\u00e9atrice Rougy, repr\u00e9sentante montpelli\u00e9raine du Mouvement contre le racisme et pour l\u2019amiti\u00e9 entre les peuples (MRAP), qui d\u00e9plore  le non-respect du droit international ainsi qu\u2019une absence de r\u00e9action de la communaut\u00e9 internationale pour d\u00e9noncer cette attaque. <\/p>\n<p>De son c\u00f4t\u00e9, Nicolas Cossange, figure locale du Parti Communiste Fran\u00e7ais, rappelle l\u2019importance de la mobilisation populaire : \u201cEn 2003, c\u2019est en parti gr\u00e2ce \u00e0 des grosses manifestations contre la guerre que la France n\u2019est pas intervenue en Irak, nous devons augmenter la pression populaire.\u201d <\/p>\n<p>La manifestation aura lieu ce samedi 10 janvier \u00e0 15 heures au d\u00e9part d\u2019Albert-Premier. <\/p>\n<p><img fetchpriority=\"high\" decoding=\"async\" width=\"533\" height=\"749\" src=\"https:\/\/www.europesays.com\/fr\/wp-content\/uploads\/2026\/01\/image-1.png\" alt=\"\" class=\"wp-image-44584\"  \/><\/p>\n<p>*Liste des signataires : Attac, La Carmagnole, le Mouvement de la Paix, les Rencontres Marx, R\u00e9seau Universit\u00e9s sans fronti\u00e8res, BDS-Urgence Palestine, la Ligue des Drots de l\u2019Homme, le MRAP, le Parti Communiste Fran\u00e7ais, la France Insoumise, le Parti Ouvrier Ind\u00e9pendant, le Parti de Gauche, Cause Commune, le Mouvement des Jeunes Communistes de France, la Gauche \u00e9cosocialiste 34, R\u00e9volution Permanente, l\u2019Apr\u00e8s 34, le NPA-Anticapitaliste, la CGT, Solidaires Etudiant-e-s 34, le SNUDI-FO 34, la FSU 34. <\/p>\n<p>Nos articles sont gratuits car nous pensons que la presse ind\u00e9pendante doit \u00eatre accessible \u00e0 toutes et tous. Pourtant, produire une information engag\u00e9e et de qualit\u00e9 n\u00e9cessite du temps et de l\u2019argent, surtout quand on refuse d\u2019\u00eatre aux ordres de Bollor\u00e9 et de ses amis\u2026 Pourvu que \u00e7a dure\u00a0! \u00c7a tombe bien, \u00e7a ne tient qu\u2019\u00e0 vous :<\/p>\n","protected":false},"excerpt":{"rendered":"Un rassemblement de soutien au peuple v\u00e9n\u00e9zu\u00e9lien a rassembl\u00e9 environ 200 personnes \u00e0 Montpellier le 3 janvier. (\u00ab\u00a0Le&hellip;\n","protected":false},"author":2,"featured_media":649627,"comment_status":"","ping_status":"","sticky":false,"template":"","format":"standard","meta":{"footnotes":""},"categories":[9599],"tags":[1111,11,1777,674,1011,27,2208,12,2680,25],"class_list":{"0":"post-649626","1":"post","2":"type-post","3":"status-publish","4":"format-standard","5":"has-post-thumbnail","7":"category-montpellier","8":"tag-actu","9":"tag-actualites","10":"tag-eu","11":"tag-europe","12":"tag-fr","13":"tag-france","14":"tag-montpellier","15":"tag-news","16":"tag-occitanie","17":"tag-republique-francaise"},"share_on_mastodon":{"url":"https:\/\/pubeurope.com\/@fr\/115860131366059060","error":""},"_links":{"self":[{"href":"https:\/\/www.europesays.com\/fr\/wp-json\/wp\/v2\/posts\/649626","targetHints":{"allow":["GET"]}}],"collection":[{"href":"https:\/\/www.europesays.com\/fr\/wp-json\/wp\/v2\/posts"}],"about":[{"href":"https:\/\/www.europesays.com\/fr\/wp-json\/wp\/v2\/types\/post"}],"author":[{"embeddable":true,"href":"https:\/\/www.europesays.com\/fr\/wp-json\/wp\/v2\/users\/2"}],"replies":[{"embeddable":true,"href":"https:\/\/www.europesays.com\/fr\/wp-json\/wp\/v2\/comments?post=649626"}],"version-history":[{"count":0,"href":"https:\/\/www.europesays.com\/fr\/wp-json\/wp\/v2\/posts\/649626\/revisions"}],"wp:featuredmedia":[{"embeddable":true,"href":"https:\/\/www.europesays.com\/fr\/wp-json\/wp\/v2\/media\/649627"}],"wp:attachment":[{"href":"https:\/\/www.europesays.com\/fr\/wp-json\/wp\/v2\/media?parent=649626"}],"wp:term":[{"taxonomy":"category","embeddable":true,"href":"https:\/\/www.europesays.com\/fr\/wp-json\/wp\/v2\/categories?post=649626"},{"taxonomy":"post_tag","embeddable":true,"href":"https:\/\/www.europesays.com\/fr\/wp-json\/wp\/v2\/tags?post=649626"}],"curies":[{"name":"wp","href":"https:\/\/api.w.org\/{rel}","templated":true}]}}