{"id":649628,"date":"2026-01-08T15:14:19","date_gmt":"2026-01-08T15:14:19","guid":{"rendered":"https:\/\/www.europesays.com\/fr\/649628\/"},"modified":"2026-01-08T15:14:19","modified_gmt":"2026-01-08T15:14:19","slug":"apres-superdry-et-serge-blanco-une-autre-enseigne-historique-quitte-le-centre-commercial-dodysseum-a-montpellier","status":"publish","type":"post","link":"https:\/\/www.europesays.com\/fr\/649628\/","title":{"rendered":"Apr\u00e8s Superdry et Serge Blanco, une autre enseigne historique quitte le centre commercial d\u2019Odysseum \u00e0 Montpellier"},"content":{"rendered":"<p>\n                                                                Le sp\u00e9cialiste de la maroquinerie fran\u00e7aise, Le Tanneur, ferme sa boutique \u00e0 Odysseum. Ce n\u2019est pas le seul \u00e0 quitter le centre commercial en ce d\u00e9but d\u2019ann\u00e9e.\n                            <\/p>\n<p>Alors que la p\u00e9riode des soldes vient \u00e0 peine de d\u00e9marrer, une enseigne bien connue plie boutique \u00e0 Odysseum \u00e0 Montpellier. Install\u00e9 depuis 2009 dans le centre commercial, Le Tanneur baissera d\u00e9finitivement le rideau\u00a0samedi 10\u00a0janvier. Le sp\u00e9cialiste de la maroquinerie fran\u00e7aise \u00e9tait pr\u00e9sent depuis le d\u00e9but de l\u2019aventure \u00e0 Odysseum en 2009.<\/p>\n<p>Loyer devenu trop cher<\/p>\n<p>Un d\u00e9saccord sur le montant du loyer avec Kl\u00e9pierre a abouti \u00e0 une\u00a0longue bataille juridique sur laquelle le g\u00e9rant\u00a0ne pr\u00e9f\u00e8re pas s\u2019\u00e9tendre. Jean Mazoyer a fini par accepter une proposition de sortie du\u00a0propri\u00e9taire des murs.\u00a0Les fid\u00e8les de la marque pourront toutefois craquer pour leurs accessoires favoris dans la boutique du\u00a0centre ville situ\u00e9e\u00a0au 24 Grand rue Jean Moulin. Ou profiter des offres imbattables \u00e0 \u2013 50\u00a0% propos\u00e9es dans le magasin d\u2019Odysseum jusqu\u2019\u00e0 samedi.<\/p>\n<p>Superdry et Serge Blanco ferment aussi<\/p>\n<p>Le Tanneur\u00a0n\u2019est pas la seule enseigne \u00e0 jeter l\u2019\u00e9ponge en ce d\u00e9but d\u2019ann\u00e9e. Depuis novembre, <a href=\"https:\/\/www.midilibre.fr\/2025\/11\/19\/la-fin-dune-aventure-de-pres-de-seize-ans-superdry-liquide-sa-boutique-dodysseum-a-montpellier-13061012.php\" target=\"_blank\" rel=\"noopener\">Superdry m\u00e8ne une op\u00e9ration de liquidation totale<\/a> avant sa fermeture samedi 17\u00a0janvier. Dans un autre style, Serge Blanco annonce aussi des fins de s\u00e9rie exceptionnelle \u00e0 \u2013 60\u00a0% avant sa fermeture. Un climat morose pour les enseignes de pr\u00eat-\u00e0-porter \u00e0 Montpellier qui peinent \u00e0 tirer leur \u00e9pingle du jeu face \u00e0 la fast fashion et l\u2019achat en ligne.<\/p>\n","protected":false},"excerpt":{"rendered":"Le sp\u00e9cialiste de la maroquinerie fran\u00e7aise, Le Tanneur, ferme sa boutique \u00e0 Odysseum. Ce n\u2019est pas le seul&hellip;\n","protected":false},"author":2,"featured_media":649629,"comment_status":"","ping_status":"","sticky":false,"template":"","format":"standard","meta":{"footnotes":""},"categories":[9599],"tags":[1111,11,215,33,1777,674,1011,27,7089,2208,12,2680,25],"class_list":{"0":"post-649628","1":"post","2":"type-post","3":"status-publish","4":"format-standard","5":"has-post-thumbnail","7":"category-montpellier","8":"tag-actu","9":"tag-actualites","10":"tag-commerce","11":"tag-economie","12":"tag-eu","13":"tag-europe","14":"tag-fr","15":"tag-france","16":"tag-herault","17":"tag-montpellier","18":"tag-news","19":"tag-occitanie","20":"tag-republique-francaise"},"share_on_mastodon":{"url":"https:\/\/pubeurope.com\/@fr\/115860135377654878","error":""},"_links":{"self":[{"href":"https:\/\/www.europesays.com\/fr\/wp-json\/wp\/v2\/posts\/649628","targetHints":{"allow":["GET"]}}],"collection":[{"href":"https:\/\/www.europesays.com\/fr\/wp-json\/wp\/v2\/posts"}],"about":[{"href":"https:\/\/www.europesays.com\/fr\/wp-json\/wp\/v2\/types\/post"}],"author":[{"embeddable":true,"href":"https:\/\/www.europesays.com\/fr\/wp-json\/wp\/v2\/users\/2"}],"replies":[{"embeddable":true,"href":"https:\/\/www.europesays.com\/fr\/wp-json\/wp\/v2\/comments?post=649628"}],"version-history":[{"count":0,"href":"https:\/\/www.europesays.com\/fr\/wp-json\/wp\/v2\/posts\/649628\/revisions"}],"wp:featuredmedia":[{"embeddable":true,"href":"https:\/\/www.europesays.com\/fr\/wp-json\/wp\/v2\/media\/649629"}],"wp:attachment":[{"href":"https:\/\/www.europesays.com\/fr\/wp-json\/wp\/v2\/media?parent=649628"}],"wp:term":[{"taxonomy":"category","embeddable":true,"href":"https:\/\/www.europesays.com\/fr\/wp-json\/wp\/v2\/categories?post=649628"},{"taxonomy":"post_tag","embeddable":true,"href":"https:\/\/www.europesays.com\/fr\/wp-json\/wp\/v2\/tags?post=649628"}],"curies":[{"name":"wp","href":"https:\/\/api.w.org\/{rel}","templated":true}]}}