{"id":649649,"date":"2026-01-08T15:25:14","date_gmt":"2026-01-08T15:25:14","guid":{"rendered":"https:\/\/www.europesays.com\/fr\/649649\/"},"modified":"2026-01-08T15:25:14","modified_gmt":"2026-01-08T15:25:14","slug":"pres-de-nantes-deux-adolescents-de-14-et-16-ans-enleves-et-brutalises","status":"publish","type":"post","link":"https:\/\/www.europesays.com\/fr\/649649\/","title":{"rendered":"Pr\u00e8s de Nantes, deux adolescents de 14 et 16 ans enlev\u00e9s et brutalis\u00e9s"},"content":{"rendered":"<p>Deux adolescents de 14 et 16 ans ont \u00e9t\u00e9 enlev\u00e9s, frapp\u00e9s et menac\u00e9s de mort dans la nuit de vendredi \u00e0 samedi pr\u00e8s de Nantes, a-t-on appris ce jeudi aupr\u00e8s du parquet, confirmant une information de <a href=\"https:\/\/www.ouest-france.fr\/societe\/faits-divers\/enleves-battus-denudes-la-nuit-de-terreur-de-deux-adolescents-contraints-de-creuser-leur-tombe-pres-de-nantes-25b693c0-e958-11f0-9b78-7c77e15311d5\" target=\"_blank\" rel=\"noopener\">Ouest-France<\/a>. \u00ab Ces \u00e9v\u00e8nements ne sont pas sans lien avec des infractions \u00e0 la l\u00e9gislation sur les stup\u00e9fiants et des luttes de territoires \u00bb, a d\u00e9clar\u00e9 \u00e0 l\u2019AFP le procureur de la r\u00e9publique de Nantes, Antoine Leroy.<\/p>\n<p>Les deux adolescents ont \u00e9t\u00e9 enlev\u00e9s \u00e0 bord d\u2019un v\u00e9hicule vers 1 h du matin \u00e0 Carquefou, \u00e0 l\u2019est de Nantes, selon le parquet. Ils ont \u00e9t\u00e9 secourus quelques heures plus tard apr\u00e8s avoir frapp\u00e9 \u00e0 la porte d\u2019une habitation de La-Chapelle-sur-Erdre, une commune voisine.<\/p>\n<p>Les deux adolescents pr\u00e9sentaient des traces de coups au visage et des plaies au niveau des mains, d\u2019apr\u00e8s la m\u00eame source. L\u2019un d\u2019eux a re\u00e7u un coup de couteau \u00e0 la cuisse.<\/p>\n<p>Les deux jeunes ont par ailleurs \u00e9t\u00e9 emmen\u00e9s dans un bois et contraints de \u00ab creuser leur tombe \u00bb, a d\u00e9taill\u00e9 le parquet.<\/p>\n<p>L\u2019enqu\u00eate pour violences et s\u00e9questration a \u00e9t\u00e9 confi\u00e9e \u00e0 la police judiciaire de Nantes.<\/p>\n","protected":false},"excerpt":{"rendered":"Deux adolescents de 14 et 16 ans ont \u00e9t\u00e9 enlev\u00e9s, frapp\u00e9s et menac\u00e9s de mort dans la nuit&hellip;\n","protected":false},"author":2,"featured_media":649650,"comment_status":"","ping_status":"","sticky":false,"template":"","format":"standard","meta":{"footnotes":""},"categories":[2818],"tags":[1111,11,1120,829,1052,765,2716,1777,674,118,1011,27,766,12,2636,25,71],"class_list":{"0":"post-649649","1":"post","2":"type-post","3":"status-publish","4":"format-standard","5":"has-post-thumbnail","7":"category-nantes","8":"tag-actu","9":"tag-actualites","10":"tag-agression","11":"tag-bretagne","12":"tag-drogue","13":"tag-en-continu","14":"tag-enlevement","15":"tag-eu","16":"tag-europe","17":"tag-faits-divers","18":"tag-fr","19":"tag-france","20":"tag-nantes","21":"tag-news","22":"tag-pays-de-la-loire","23":"tag-republique-francaise","24":"tag-sante"},"share_on_mastodon":{"url":"https:\/\/pubeurope.com\/@fr\/115860178518961404","error":""},"_links":{"self":[{"href":"https:\/\/www.europesays.com\/fr\/wp-json\/wp\/v2\/posts\/649649","targetHints":{"allow":["GET"]}}],"collection":[{"href":"https:\/\/www.europesays.com\/fr\/wp-json\/wp\/v2\/posts"}],"about":[{"href":"https:\/\/www.europesays.com\/fr\/wp-json\/wp\/v2\/types\/post"}],"author":[{"embeddable":true,"href":"https:\/\/www.europesays.com\/fr\/wp-json\/wp\/v2\/users\/2"}],"replies":[{"embeddable":true,"href":"https:\/\/www.europesays.com\/fr\/wp-json\/wp\/v2\/comments?post=649649"}],"version-history":[{"count":0,"href":"https:\/\/www.europesays.com\/fr\/wp-json\/wp\/v2\/posts\/649649\/revisions"}],"wp:featuredmedia":[{"embeddable":true,"href":"https:\/\/www.europesays.com\/fr\/wp-json\/wp\/v2\/media\/649650"}],"wp:attachment":[{"href":"https:\/\/www.europesays.com\/fr\/wp-json\/wp\/v2\/media?parent=649649"}],"wp:term":[{"taxonomy":"category","embeddable":true,"href":"https:\/\/www.europesays.com\/fr\/wp-json\/wp\/v2\/categories?post=649649"},{"taxonomy":"post_tag","embeddable":true,"href":"https:\/\/www.europesays.com\/fr\/wp-json\/wp\/v2\/tags?post=649649"}],"curies":[{"name":"wp","href":"https:\/\/api.w.org\/{rel}","templated":true}]}}