{"id":649657,"date":"2026-01-08T15:29:09","date_gmt":"2026-01-08T15:29:09","guid":{"rendered":"https:\/\/www.europesays.com\/fr\/649657\/"},"modified":"2026-01-08T15:29:09","modified_gmt":"2026-01-08T15:29:09","slug":"les-musees-et-lieux-culturels-de-toulouse-font-le-plein","status":"publish","type":"post","link":"https:\/\/www.europesays.com\/fr\/649657\/","title":{"rendered":"les mus\u00e9es et lieux culturels de Toulouse font le plein"},"content":{"rendered":"<p>                    Par<br \/>\n        <strong><br \/>\n            <a href=\"https:\/\/actu.fr\/auteur\/lea-afonso\" title=\"Consulter tous les articles de L\u00e9a Afonso\" target=\"_blank\" rel=\"noopener\">L\u00e9a Afonso<\/a><br \/>\n                    <\/strong><\/p>\n<p>        Publi\u00e9 le<\/p>\n<p>            8 janv. 2026 \u00e0 14h25        <\/p>\n<p>La <strong>culture<\/strong> a plu \u00e0 <a href=\"https:\/\/actu.fr\/toulouse\/\" target=\"_blank\" rel=\"noopener\">Toulouse<\/a> en 2025. Les mus\u00e9es, monuments et \u00e9tablissements de culture scientifique municipaux et m\u00e9tropolitains ont en effet attir\u00e9 pas loin de <strong>3,13 millions de visiteurs<\/strong>. Une fr\u00e9quentation port\u00e9e par le succ\u00e8s des expositions, la r\u00e9ouverture de plusieurs sites et la bonne dynamique des grands \u00e9quipements culturels toulousains. D\u00e9tail en chiffres.\u00a0<\/p>\n<p>Une forte progression des mus\u00e9es et monuments<\/p>\n<p class=\" wall-content\">Ce sont ceux qui ont le plus attir\u00e9 : les <strong>mus\u00e9es et monuments<\/strong> toulousains. Ils ont \u00e0 eux seuls accueilli plus de <strong>1,8 million de visiteurs,<\/strong> soit une hausse de 5 % par rapport \u00e0 2024.<\/p>\n<p class=\" wall-content\">Plusieurs \u00e9tablissements enregistrent de tr\u00e8s fortes fr\u00e9quentations. Le <strong>mus\u00e9e des Arts Pr\u00e9cieux Paul-Dupuy a accueilli 43 900 visiteurs,<\/strong> soit le double de l\u2019ann\u00e9e pr\u00e9c\u00e9dente, gr\u00e2ce au succ\u00e8s de ses expositions (Chine, \u00c0 toute vitesse, Henri-Georges Adam, un moderne r\u00e9v\u00e9l\u00e9).<\/p>\n<p class=\" wall-content\">Le<a href=\"https:\/\/actu.fr\/occitanie\/toulouse_31555\/toulouse-le-couvent-des-jacobins-recouvert-d-echafaudages-que-se-passe-t-il-dans-ce-musee-emblematique_63330013.html\" target=\"_blank\" rel=\"noopener\"> Couvent des Jacobins<\/a> a, de son c\u00f4t\u00e9, vu sa fr\u00e9quentation augmenter de 15 %, avec <strong>182 000 visiteurs.<\/strong> La <a href=\"https:\/\/actu.fr\/occitanie\/toulouse_31555\/toulouse-la-basilique-saint-sernin-devoile-sa-nouvelle-rosace-dans-la-penombre-elle-est-splendide_61937118.html\" target=\"_blank\" rel=\"noopener\">basilique Saint-Sernin<\/a> reste le site le plus fr\u00e9quent\u00e9 avec <strong>974 000 visiteurs<\/strong>, en hausse de 8 %, tandis que la <a href=\"https:\/\/actu.fr\/occitanie\/toulouse_31555\/toulouse-apres-travaux-cette-magnifique-chapelle-rouvre-au-public-et-offre-un-nouveau-lieu-d-expo_62511728.html\" target=\"_blank\" rel=\"noopener\">chapelle des Carm\u00e9lites<\/a> enregistre <strong>184 000 visiteurs<\/strong>, soit 32 % de plus qu\u2019en 2024.<\/p>\n<p>Des performances port\u00e9es par les expositions<\/p>\n<p class=\" wall-content\">D\u2019autres sites b\u00e9n\u00e9ficient pleinement du succ\u00e8s de leur programmation, comme le <strong>Castelet<\/strong> qui enregistre <strong>255 000 visiteurs,<\/strong> en hausse de 32 %, et la chapelle de <strong><a href=\"https:\/\/actu.fr\/occitanie\/toulouse_31555\/toulouse-un-nouveau-jardin-prend-vie-autour-du-dome-de-la-grave-quand-pourra-t-on-en-profiter_62559990.html\" target=\"_blank\" rel=\"noopener\">la Grave<\/a> totalise 60 000 visiteurs,<\/strong> soit 40 % de plus que l\u2019ann\u00e9e pr\u00e9c\u00e9dente.<\/p>\n<p>Vid\u00e9os : en ce moment sur Actu<\/p>\n<p class=\" wall-content\">Les Abattoirs \u2013 Mus\u00e9e Frac Occitanie Toulouse ont accueilli 199 032 visiteurs en 2025.<\/p>\n<p class=\" wall-content\">Nouvellement int\u00e9gr\u00e9 comme lieu de diffusion artistique et culturel, l\u2019\u00e9glise du G\u00e9s\u00f9 affiche \u00e9galement une bonne fr\u00e9quentation avec 50 000 visiteurs sur l\u2019ann\u00e9e.<\/p>\n<p>Votre r\u00e9gion, votre actu !<\/p>\n<p>Recevez chaque jour les infos qui comptent pour vous.<\/p>\n<p>\t<a href=\"https:\/\/actu.fr\/newsletter\" class=\"ac-btn ac-btn--corner ac-btn--medium ac-btn--blue800\" target=\"_blank\" rel=\"noopener\">S&rsquo;incrire<\/a><br \/>\nUne r\u00e9ouverture r\u00e9ussie pour deux sites majeurs<\/p>\n<p class=\" wall-content\">Deux \u00e9tablissements rouverts en fin d\u2019ann\u00e9e 2025 ont rencontr\u00e9 un bon accueil du public. Le <a href=\"https:\/\/actu.fr\/occitanie\/toulouse_31555\/toulouse-ce-lieu-emblematique-a-ete-totalement-renove-voici-le-nouveau-visage-du-chateau-d-eau_63464471.html\" target=\"_blank\" rel=\"noopener\"><strong>Ch\u00e2teau d\u2019Eau<\/strong> <\/a>a enregistr\u00e9 environ <strong>21 400 visiteurs<\/strong>, soit une moyenne de 700 visiteurs par jour. Le <a href=\"https:\/\/actu.fr\/occitanie\/toulouse_31555\/en-images-le-musee-des-augustins-pret-a-rouvrir-ses-portes-apres-7-ans-de-travaux-voici-a-quoi-s-attendre_63582063.html\" target=\"_blank\" rel=\"noopener\"><strong>mus\u00e9e des Augustins<\/strong><\/a> a, quant \u00e0 lui, accueilli environ <strong>18 000 visiteurs,<\/strong> avec une moyenne de 1 300 visiteurs par jour.<\/p>\n<p>Une fr\u00e9quentation stable pour la culture scientifique<\/p>\n<p class=\" wall-content\">Les cinq \u00e9tablissements de <strong>culture scientifique, technique et industrielle<\/strong> de Toulouse M\u00e9tropole totalisent <strong>1 120 872 visiteurs<\/strong> en 2025, contre 1 160 763 en 2024, soit une fr\u00e9quentation globalement stable.<\/p>\n<p class=\" wall-content\">Le <a href=\"https:\/\/actu.fr\/occitanie\/toulouse_31555\/diner-concorde-evenement-star-wars-expo-les-projets-du-musee-aeroscopia-qui-fete-ses-10-ans_62148097.html\" target=\"_blank\" rel=\"noopener\"><strong>mus\u00e9e aeroscopia<\/strong><\/a>, qui f\u00eatait ses 10 ans en 2025, se distingue par une fr\u00e9quentation en hausse avec<strong> 260 412 visiteurs<\/strong>, soit 12 % de plus qu\u2019en 2024. Cette dynamique est notamment port\u00e9e par l\u2019exposition Le ciel des femmes \u2013 dans l\u2019\u0153il de Reza et par Cin\u00e9\u2019scopia, un cin\u00e9ma en plein air install\u00e9 au c\u0153ur des avions.<\/p>\n<p>La Cit\u00e9 de l\u2019espace et le Mus\u00e9um confirment leur attractivit\u00e9<\/p>\n<p class=\" wall-content\">La<strong> Cit\u00e9 de l\u2019espace a accueilli 394 248 visiteurs<\/strong> en 2025. Cette fr\u00e9quentation s\u2019inscrit dans la continuit\u00e9 des bonnes performances du site, sans toutefois d\u00e9passer le record exceptionnel de 452 707 visiteurs enregistr\u00e9 en 2024 lors de la premi\u00e8re ann\u00e9e d\u2019exploitation de LuneXplorer.<\/p>\n<p class=\" wall-content\">Le <strong>Mus\u00e9um de Toulouse<\/strong> affiche une fr\u00e9quentation stable avec <strong>310 202 visiteurs<\/strong>, contre 317 146 en 2024. Les Jardins du Mus\u00e9um enregistrent en revanche une hausse de 26 %. Le lancement de la grande exposition temporaire Domestique-moi si tu peux ! a g\u00e9n\u00e9r\u00e9 un pic d\u2019affluence, avec 42 204 entr\u00e9es depuis son ouverture le 17 octobre.<\/p>\n<p>Le Quai des Savoirs et L\u2019Envol des Pionniers<\/p>\n<p class=\" wall-content\">L\u2019<strong>Envol des Pionniers<\/strong> enregistre sa plus forte fr\u00e9quentation depuis son ouverture en d\u00e9cembre 2018, avec <strong>49 710 visiteurs<\/strong>, contre 43 348 en 2024, soit une hausse de pr\u00e8s de 15 %. L\u2019exposition Air France, une histoire d\u2019\u00e9l\u00e9gance a d\u00e9j\u00e0 attir\u00e9 plus de 48 000 visiteurs, tout comme plusieurs \u00e9v\u00e9nements gratuits.<\/p>\n<p class=\" wall-content\">Le <strong>Quai des Savoirs a accueilli 106 300 visiteurs<\/strong> en 2025, en l\u00e9ger retrait de 7 % par rapport \u00e0 2024. L\u2019exposition Comme des moutons ? totalise 55 304 visiteurs individuels, tandis que le Quai des Petits conserve une forte affluence avec pr\u00e8s de 40 000 visiteurs.<\/p>\n<p class=\" wall-content\">Personnalisez votre actualit\u00e9 en ajoutant vos villes et m\u00e9dias en favori avec <a href=\"https:\/\/moncompte.actu.fr\" title=\"D\u00e9couvez Mon Actu\" rel=\"nofollow noopener\" data-trk=\"{&quot;cta&quot;:{&quot;action&quot;:&quot;https:\\\/\\\/moncompte.actu.fr&quot;,&quot;category&quot;:&quot;mon compte&quot;,&quot;from&quot;:&quot;article footer&quot;,&quot;name&quot;:&quot;Mon actu&quot;,&quot;type&quot;:&quot;cta&quot;}}\" target=\"_blank\">Mon Actu<\/a>.<\/p>\n","protected":false},"excerpt":{"rendered":"Par L\u00e9a Afonso Publi\u00e9 le 8 janv. 2026 \u00e0 14h25 La culture a plu \u00e0 Toulouse en 2025.&hellip;\n","protected":false},"author":2,"featured_media":649658,"comment_status":"","ping_status":"","sticky":false,"template":"","format":"standard","meta":{"footnotes":""},"categories":[2816],"tags":[1111,11,1777,674,1011,27,1652,12,2680,25,2312],"class_list":{"0":"post-649657","1":"post","2":"type-post","3":"status-publish","4":"format-standard","5":"has-post-thumbnail","7":"category-toulouse","8":"tag-actu","9":"tag-actualites","10":"tag-eu","11":"tag-europe","12":"tag-fr","13":"tag-france","14":"tag-loisirs-culture","15":"tag-news","16":"tag-occitanie","17":"tag-republique-francaise","18":"tag-toulouse"},"share_on_mastodon":{"url":"https:\/\/pubeurope.com\/@fr\/115860194271239765","error":""},"_links":{"self":[{"href":"https:\/\/www.europesays.com\/fr\/wp-json\/wp\/v2\/posts\/649657","targetHints":{"allow":["GET"]}}],"collection":[{"href":"https:\/\/www.europesays.com\/fr\/wp-json\/wp\/v2\/posts"}],"about":[{"href":"https:\/\/www.europesays.com\/fr\/wp-json\/wp\/v2\/types\/post"}],"author":[{"embeddable":true,"href":"https:\/\/www.europesays.com\/fr\/wp-json\/wp\/v2\/users\/2"}],"replies":[{"embeddable":true,"href":"https:\/\/www.europesays.com\/fr\/wp-json\/wp\/v2\/comments?post=649657"}],"version-history":[{"count":0,"href":"https:\/\/www.europesays.com\/fr\/wp-json\/wp\/v2\/posts\/649657\/revisions"}],"wp:featuredmedia":[{"embeddable":true,"href":"https:\/\/www.europesays.com\/fr\/wp-json\/wp\/v2\/media\/649658"}],"wp:attachment":[{"href":"https:\/\/www.europesays.com\/fr\/wp-json\/wp\/v2\/media?parent=649657"}],"wp:term":[{"taxonomy":"category","embeddable":true,"href":"https:\/\/www.europesays.com\/fr\/wp-json\/wp\/v2\/categories?post=649657"},{"taxonomy":"post_tag","embeddable":true,"href":"https:\/\/www.europesays.com\/fr\/wp-json\/wp\/v2\/tags?post=649657"}],"curies":[{"name":"wp","href":"https:\/\/api.w.org\/{rel}","templated":true}]}}