{"id":649659,"date":"2026-01-08T15:30:11","date_gmt":"2026-01-08T15:30:11","guid":{"rendered":"https:\/\/www.europesays.com\/fr\/649659\/"},"modified":"2026-01-08T15:30:11","modified_gmt":"2026-01-08T15:30:11","slug":"carole-belot-et-magyd-cherfi-rejoignent-la-liste-de-francois-briancon","status":"publish","type":"post","link":"https:\/\/www.europesays.com\/fr\/649659\/","title":{"rendered":"Carole B\u00e9lot et Magyd Cherfi rejoignent la liste de Fran\u00e7ois Brian\u00e7on"},"content":{"rendered":"<p>Ce jeudi 8 janvier, la liste \u00ab\u00a0La Gauche Unie pour <a href=\"https:\/\/lopinion.com\/\" rel=\"noopener noreferrer\" target=\"_blank\">Toulouse<\/a>\u00ab\u00a0, conduite par <strong>Fran\u00e7ois Brian\u00e7on<\/strong>, a tenu une conf\u00e9rence de presse aux Minimes pour pr\u00e9senter <strong>deux premiers colistiers<\/strong> et lancer une nouvelle \u00e9tape de sa campagne.<\/p>\n<p>Dans un contexte qu\u2019il qualifie lui-m\u00eame de \u00ab\u00a0moment fondateur\u00a0\u00bb, le candidat PS a officialis\u00e9 l\u2019arriv\u00e9e de <strong>Carole B\u00e9lot <\/strong>et de<strong> Magyd Cherfi<\/strong>, tout en annon\u00e7ant le d\u00e9marrage de \u00ab\u00a0La Fabrique des Quartiers\u00a0\u00bb, une s\u00e9rie de rencontres locales destin\u00e9es \u00e0 nourrir le projet municipal.<\/p>\n<p>\u00ab\u00a0L\u2019id\u00e9e, c\u2019est d\u2019enrichir notre programme par des \u00e9changes dans tous les quartiers de Toulouse, pour aboutir d\u2019ici la fin janvier \u00e0 une restitution globale\u00a0\u00bb, a expliqu\u00e9 Fran\u00e7ois Brian\u00e7on. Les premi\u00e8res th\u00e9matiques seront d\u2019ailleurs d\u00e9voil\u00e9es d\u00e8s la semaine prochaine.<\/p>\n<p>Deux profils, une m\u00eame volont\u00e9 de repr\u00e9senter Toulouse<\/p>\n<p>La conf\u00e9rence de presse a \u00e9t\u00e9 marqu\u00e9e par la pr\u00e9sentation de deux colistiers aux parcours diff\u00e9rents mais partageant, selon <a href=\"https:\/\/lopinion.com\/articles\/politique\/31799_municipales-2026-toulouse-gauche-unie-alternative-quotidien\" rel=\"noopener noreferrer\" target=\"_blank\">Fran\u00e7ois Brian\u00e7on<\/a>, des valeurs communes.<strong> \u00ab\u00a0Ce sont des profils qui ressemblent \u00e0 Toulouse\u00a0\u00bb<\/strong>, a affirm\u00e9 le candidat PS.<\/p>\n<p>Carole B\u00e9lot, 28 ans, est ing\u00e9nieure et cheffe de projet dans une start-up du secteur spatial. <strong>Toulousaine d\u2019adoption depuis 2021, elle s\u2019engage pour la premi\u00e8re fois en politique, au sein de la liste, comme membre d\u2019Archipel Citoyen<\/strong>.<\/p>\n<p>\u00ab\u00a0C\u2019est tr\u00e8s intimidant pour moi, je suis compl\u00e8tement novice\u00a0\u00bb, a-t-elle reconnu. Son engagement repose sur plusieurs priorit\u00e9s : la repr\u00e9sentation de la jeunesse, la lutte contre les in\u00e9galit\u00e9s, notamment entre les femmes et les hommes, et la transition \u00e9cologique.<\/p>\n<p><strong>\u00ab\u00a0Dans mon milieu professionnel tr\u00e8s masculin, ces in\u00e9galit\u00e9s sont une r\u00e9alit\u00e9 quotidienne\u00a0\u00bb<\/strong>, a soulign\u00e9 l&rsquo;ing\u00e9nieure. <strong>Marqu\u00e9e par l\u2019\u00e9co-anxi\u00e9t\u00e9, elle dit avoir transform\u00e9 ses inqui\u00e9tudes en engagement politique<\/strong>.<\/p>\n<p>\u00ab\u00a0Tout cela ne pourra se faire qu\u2019en redonnant du pouvoir aux habitants, gr\u00e2ce \u00e0 une participation citoyenne qui p\u00e8se r\u00e9ellement dans les d\u00e9cisions locales\u00a0\u00bb. Plus connu du grand public, <strong>Magyd Cherfi <\/strong>franchit un cap en acceptant une position \u00e9ligible sur la liste.<\/p>\n<p>Fondateur du groupe Zebda et des Motiv\u00e9s en 2001, il avait jusqu\u2019ici soutenu plusieurs campagnes municipales sans s\u2019engager directement.<strong> \u00ab\u00a0J\u2019ai toujours \u00e9t\u00e9 \u00e0 la p\u00e9riph\u00e9rie de la chose politique. L\u00e0, je me suis dit : il serait peut-\u00eatre temps\u00a0\u00bb<\/strong>, a-t-il confi\u00e9.<\/p>\n<p>Enfant du quartier des Izards, il dit vouloir travailler sur le lien entre les quartiers populaires et le reste de la ville. <strong>\u00ab\u00a0Il y a cette opposition ancienne entre les quartiers et la ville. Moi, je r\u00e9fl\u00e9chis depuis longtemps \u00e0 la mani\u00e8re de cr\u00e9er des passerelles\u00a0\u00bb<\/strong>.<\/p>\n<p>Parmi ses combats, le vivre-ensemble et la la\u00efcit\u00e9 occupent une place centrale. <strong>\u00ab\u00a0La la\u00efcit\u00e9, c\u2019est le droit d\u2019\u00eatre diff\u00e9rent, de croire ou de ne pas croire. C\u2019est une cl\u00e9 pour que chacun puisse \u00eatre libre et se sentir appartenir \u00e0 la m\u00eame communaut\u00e9\u00a0\u00bb<\/strong>.<\/p>\n<p>Interrog\u00e9 sur une \u00e9ventuelle union des gauches au second tour, Magyd Cherfi s&rsquo;est montr\u00e9 lucide : <strong>\u00ab\u00a0Je n\u2019y crois pas beaucoup aujourd\u2019hui, il y a des points de non-retour. Mais historiquement, j\u2019ai toujours r\u00eav\u00e9 d\u2019une gauche la plus large possible pour gagner\u00a0\u00bb<\/strong>.<\/p>\n<p>S\u2019il revendique une proximit\u00e9 avec la gauche radicale, il assume son choix : <strong>\u00ab\u00a0La passion de la nuance me porte vers cette gauche-l\u00e0, celle de Fran\u00e7ois Brian\u00e7on\u00a0\u00bb<\/strong>. Pour le candidat PS, ces engagements venus du monde culturel sont un signal fort.<\/p>\n<p>Et Fran\u00e7ois Brian\u00e7on de conclure :<strong> \u00ab\u00a0La soci\u00e9t\u00e9 a besoin d\u2019\u00eatre en mouvement. C\u2019est sain que des personnes issues de la culture rejoignent des profils plus calibr\u00e9s pour exercer des responsabilit\u00e9s locales\u00a0\u00bb<\/strong>.<\/p>\n<p>&gt;&gt; \u00c0 LIRE AUSSI :\u00a0<a href=\"https:\/\/lopinion.com\/articles\/politique\/31823_municipales-2026-liste-demain-toulouse-programme-ecologie-rupture\" rel=\"noopener noreferrer\" target=\"_blank\">Municipales 2026 : la liste \u00ab\u00a0Demain Toulouse\u00a0\u00bb d\u00e9voile un programme chiffr\u00e9 et assume une \u00e9cologie de rupture<\/a><\/p>\n","protected":false},"excerpt":{"rendered":"Ce jeudi 8 janvier, la liste \u00ab\u00a0La Gauche Unie pour Toulouse\u00ab\u00a0, conduite par Fran\u00e7ois Brian\u00e7on, a tenu une&hellip;\n","protected":false},"author":2,"featured_media":649660,"comment_status":"","ping_status":"","sticky":false,"template":"","format":"standard","meta":{"footnotes":""},"categories":[2816],"tags":[1111,11,1777,674,1011,27,12,2680,25,2312],"class_list":{"0":"post-649659","1":"post","2":"type-post","3":"status-publish","4":"format-standard","5":"has-post-thumbnail","7":"category-toulouse","8":"tag-actu","9":"tag-actualites","10":"tag-eu","11":"tag-europe","12":"tag-fr","13":"tag-france","14":"tag-news","15":"tag-occitanie","16":"tag-republique-francaise","17":"tag-toulouse"},"share_on_mastodon":{"url":"https:\/\/pubeurope.com\/@fr\/115860198360523100","error":""},"_links":{"self":[{"href":"https:\/\/www.europesays.com\/fr\/wp-json\/wp\/v2\/posts\/649659","targetHints":{"allow":["GET"]}}],"collection":[{"href":"https:\/\/www.europesays.com\/fr\/wp-json\/wp\/v2\/posts"}],"about":[{"href":"https:\/\/www.europesays.com\/fr\/wp-json\/wp\/v2\/types\/post"}],"author":[{"embeddable":true,"href":"https:\/\/www.europesays.com\/fr\/wp-json\/wp\/v2\/users\/2"}],"replies":[{"embeddable":true,"href":"https:\/\/www.europesays.com\/fr\/wp-json\/wp\/v2\/comments?post=649659"}],"version-history":[{"count":0,"href":"https:\/\/www.europesays.com\/fr\/wp-json\/wp\/v2\/posts\/649659\/revisions"}],"wp:featuredmedia":[{"embeddable":true,"href":"https:\/\/www.europesays.com\/fr\/wp-json\/wp\/v2\/media\/649660"}],"wp:attachment":[{"href":"https:\/\/www.europesays.com\/fr\/wp-json\/wp\/v2\/media?parent=649659"}],"wp:term":[{"taxonomy":"category","embeddable":true,"href":"https:\/\/www.europesays.com\/fr\/wp-json\/wp\/v2\/categories?post=649659"},{"taxonomy":"post_tag","embeddable":true,"href":"https:\/\/www.europesays.com\/fr\/wp-json\/wp\/v2\/tags?post=649659"}],"curies":[{"name":"wp","href":"https:\/\/api.w.org\/{rel}","templated":true}]}}