{"id":649669,"date":"2026-01-08T15:35:10","date_gmt":"2026-01-08T15:35:10","guid":{"rendered":"https:\/\/www.europesays.com\/fr\/649669\/"},"modified":"2026-01-08T15:35:10","modified_gmt":"2026-01-08T15:35:10","slug":"de-nouveaux-vehicules-deployes-pour-la-police-municipale","status":"publish","type":"post","link":"https:\/\/www.europesays.com\/fr\/649669\/","title":{"rendered":"de nouveaux v\u00e9hicules d\u00e9ploy\u00e9s pour la police municipale"},"content":{"rendered":"<p>                    Par<br \/>\n        <strong><br \/>\n            <a href=\"https:\/\/actu.fr\/auteur\/ludivine-caporal\" title=\"Consulter tous les articles de Ludivine Caporal\" target=\"_blank\" rel=\"noopener\">Ludivine Caporal<\/a><br \/>\n                    <\/strong><\/p>\n<p>        Publi\u00e9 le<\/p>\n<p>            8 janv. 2026 \u00e0 15h21        <\/p>\n<p>Nouvelles Skoda, Peugeot ou encore Renault : la flotte de voitures de la police municipale est en train de se renouveler \u00e0 <a href=\"https:\/\/actu.fr\/auvergne-rhone-alpes\/lyon_69123\" target=\"_blank\" rel=\"noopener\">Lyon<\/a>. Motos et v\u00e9los sont \u00e9galement concern\u00e9s par ces changements dont l\u2019objectif est de renforcer l\u2019efficacit\u00e9 des forces de l\u2019ordre sur le terrain.\u00a0<\/p>\n<p class=\" wall-content\">Venu d\u00e9couvrir les nouveaux <strong>mod\u00e8les plus performants<\/strong> pay\u00e9s par la municipalit\u00e9, <a href=\"https:\/\/actu.fr\/tag\/gregory-doucet\" target=\"_blank\" rel=\"noopener\">Gr\u00e9gory Doucet<\/a> a tenu \u00e0 rappeler, devant la presse, son programme global d\u2019investissements pour \u00ab\u00a0am\u00e9liorer les conditions de travail des policiers municipaux\u00a0\u00bb tout au long de son mandat.<\/p>\n<p>1,7 million d\u2019euros au global<\/p>\n<p class=\" wall-content\">\u00ab\u00a0Les investissements concernant la police municipale se sont fait prioritairement sur l\u2019humain, le personnel et le recrutement en augmentant les r\u00e9mun\u00e9rations ou encore <a href=\"https:\/\/actu.fr\/auvergne-rhone-alpes\/lyon_69123\/lyon-la-police-municipale-se-dote-de-cameras-pieton-voici-a-quoi-elles-vont-servir_60223605.html\" target=\"_blank\" rel=\"noopener\">en \u00e9quipant les agents de cam\u00e9ras pi\u00e9ton\u00a0\u00bb,<\/a> souligne ainsi l\u2019\u00e9lu, rappelant compter aujourd\u2019hui 311 policiers dans les rangs de la Ville, et confirmant avoir <strong>toujours l\u2019objectif d\u2019atteindre les 365.<\/strong><\/p>\n<p class=\" wall-content\">\u00ab\u00a0Mais cette police a aussi besoin d\u2019\u00e9quipements plus modernes, pour lesquels nous avons investi 1,7 million d\u2019euros et qui ont aujourd\u2019hui plusieurs objectifs : la s\u00e9curit\u00e9, la rapidit\u00e9 et l\u2019agilit\u00e9\u00a0\u00bb, d\u00e9clare-t-il \u00e0 propos du renouvellement de la flotte.<\/p>\n<p class=\" wall-content\">Au total, pour le moment, <strong>une dizaine de voitures<\/strong> ont donc \u00e9t\u00e9 chang\u00e9es sur la quarantaine existantes ainsi que <strong>12 motos<\/strong> sur 18. Les v\u00e9los de la brigade cycliste devraient b\u00e9n\u00e9ficier, eux, d\u2019un renouvellement au cours de l\u2019ann\u00e9e 2026.<\/p>\n<p class=\" wall-content\">Personnalisez votre actualit\u00e9 en ajoutant vos villes et m\u00e9dias en favori avec <a href=\"https:\/\/moncompte.actu.fr\" title=\"D\u00e9couvez Mon Actu\" rel=\"nofollow noopener\" data-trk=\"{&quot;cta&quot;:{&quot;action&quot;:&quot;https:\\\/\\\/moncompte.actu.fr&quot;,&quot;category&quot;:&quot;mon compte&quot;,&quot;from&quot;:&quot;article footer&quot;,&quot;name&quot;:&quot;Mon actu&quot;,&quot;type&quot;:&quot;cta&quot;}}\" target=\"_blank\">Mon Actu<\/a>.<\/p>\n","protected":false},"excerpt":{"rendered":"Par Ludivine Caporal Publi\u00e9 le 8 janv. 2026 \u00e0 15h21 Nouvelles Skoda, Peugeot ou encore Renault : la&hellip;\n","protected":false},"author":2,"featured_media":649670,"comment_status":"","ping_status":"","sticky":false,"template":"","format":"standard","meta":{"footnotes":""},"categories":[1889],"tags":[1111,11,2430,1777,674,1011,27,5226,2428,12,1072,25,104],"class_list":{"0":"post-649669","1":"post","2":"type-post","3":"status-publish","4":"format-standard","5":"has-post-thumbnail","7":"category-lyon","8":"tag-actu","9":"tag-actualites","10":"tag-auvergne-rhone-alpes","11":"tag-eu","12":"tag-europe","13":"tag-fr","14":"tag-france","15":"tag-gregory-doucet","16":"tag-lyon","17":"tag-news","18":"tag-police","19":"tag-republique-francaise","20":"tag-societe"},"share_on_mastodon":{"url":"https:\/\/pubeurope.com\/@fr\/115860217804405468","error":""},"_links":{"self":[{"href":"https:\/\/www.europesays.com\/fr\/wp-json\/wp\/v2\/posts\/649669","targetHints":{"allow":["GET"]}}],"collection":[{"href":"https:\/\/www.europesays.com\/fr\/wp-json\/wp\/v2\/posts"}],"about":[{"href":"https:\/\/www.europesays.com\/fr\/wp-json\/wp\/v2\/types\/post"}],"author":[{"embeddable":true,"href":"https:\/\/www.europesays.com\/fr\/wp-json\/wp\/v2\/users\/2"}],"replies":[{"embeddable":true,"href":"https:\/\/www.europesays.com\/fr\/wp-json\/wp\/v2\/comments?post=649669"}],"version-history":[{"count":0,"href":"https:\/\/www.europesays.com\/fr\/wp-json\/wp\/v2\/posts\/649669\/revisions"}],"wp:featuredmedia":[{"embeddable":true,"href":"https:\/\/www.europesays.com\/fr\/wp-json\/wp\/v2\/media\/649670"}],"wp:attachment":[{"href":"https:\/\/www.europesays.com\/fr\/wp-json\/wp\/v2\/media?parent=649669"}],"wp:term":[{"taxonomy":"category","embeddable":true,"href":"https:\/\/www.europesays.com\/fr\/wp-json\/wp\/v2\/categories?post=649669"},{"taxonomy":"post_tag","embeddable":true,"href":"https:\/\/www.europesays.com\/fr\/wp-json\/wp\/v2\/tags?post=649669"}],"curies":[{"name":"wp","href":"https:\/\/api.w.org\/{rel}","templated":true}]}}