{"id":649675,"date":"2026-01-08T15:39:13","date_gmt":"2026-01-08T15:39:13","guid":{"rendered":"https:\/\/www.europesays.com\/fr\/649675\/"},"modified":"2026-01-08T15:39:13","modified_gmt":"2026-01-08T15:39:13","slug":"le-chercheur-francais-laurent-vinatier-echange-avec-un-basketteur-russe-et-libere-de-prison","status":"publish","type":"post","link":"https:\/\/www.europesays.com\/fr\/649675\/","title":{"rendered":"le chercheur fran\u00e7ais Laurent Vinatier \u00e9chang\u00e9 avec un basketteur russe et lib\u00e9r\u00e9 de prison"},"content":{"rendered":"<p class=\"intro\">Incarc\u00e9r\u00e9 depuis le mois de juin 2024, le chercheur fran\u00e7ais a \u00e9t\u00e9 lib\u00e9r\u00e9 ce jeudi. Il a \u00e9t\u00e9 \u00e9chang\u00e9 avec le Russe Daniil Kasatkin, joueur de basket-ball d\u00e9tenu en France. <\/p>\n<p>La nouvelle \u00e9tait attendue. Le chercheur fran\u00e7ais Laurent Vinatier, emprisonn\u00e9 <a href=\"https:\/\/www.parismatch.com\/dossiers\/russie\" target=\"_blank\" rel=\"noopener\">en Russie<\/a> depuis juin\u00a02024, a \u00e9t\u00e9 lib\u00e9r\u00e9 ce jeudi 8\u00a0janvier. C\u2019est l\u2019agence de presse russe Tass qui l\u2019a annonc\u00e9 et qui \u00e9voque un \u00e9change avec le basketteur russe Daniil Kasatkin, d\u00e9tenu en France \u00e0 la demande des \u00c9tats-Unis.<\/p>\n<p>\u00ab\u00a0Le 8\u00a0janvier 2026, le Russe Daniil Kasatkin, joueur de basket-ball d\u00e9tenu en France et faisant l\u2019objet d\u2019une demande d\u2019extradition vers les \u00c9tats-Unis \u00e0 la demande des autorit\u00e9s am\u00e9ricaines, a \u00e9t\u00e9 renvoy\u00e9 en Russie. Kasatkin a \u00e9t\u00e9 \u00e9chang\u00e9 contre Vinatier Laurent Claude Jean-Louis, citoyen fran\u00e7ais n\u00e9 en 1976, qui, en tant qu\u2019employ\u00e9 de l\u2019organisation non gouvernementale suisse Centre pour le dialogue humanitaire, collectait des informations militaires et technico-militaires\u00a0\u00bb, indique le FSB.<\/p>\n<p>    La suite apr\u00e8s cette publicit\u00e9<\/p>\n<p><strong>Plus d\u2019informations \u00e0 suivre\u2026<\/strong><\/p>\n","protected":false},"excerpt":{"rendered":"Incarc\u00e9r\u00e9 depuis le mois de juin 2024, le chercheur fran\u00e7ais a \u00e9t\u00e9 lib\u00e9r\u00e9 ce jeudi. Il a \u00e9t\u00e9&hellip;\n","protected":false},"author":2,"featured_media":649676,"comment_status":"","ping_status":"","sticky":false,"template":"","format":"standard","meta":{"footnotes":""},"categories":[1888],"tags":[1111,1928,11,1927,1777,674,1011,27,12,1926,626,1925,25],"class_list":{"0":"post-649675","1":"post","2":"type-post","3":"status-publish","4":"format-standard","5":"has-post-thumbnail","7":"category-paris","8":"tag-actu","9":"tag-actu-paris","10":"tag-actualites","11":"tag-actualites-paris","12":"tag-eu","13":"tag-europe","14":"tag-fr","15":"tag-france","16":"tag-news","17":"tag-news-paris","18":"tag-paris","19":"tag-paris-news","20":"tag-republique-francaise"},"share_on_mastodon":{"url":"https:\/\/pubeurope.com\/@fr\/115860233494666502","error":""},"_links":{"self":[{"href":"https:\/\/www.europesays.com\/fr\/wp-json\/wp\/v2\/posts\/649675","targetHints":{"allow":["GET"]}}],"collection":[{"href":"https:\/\/www.europesays.com\/fr\/wp-json\/wp\/v2\/posts"}],"about":[{"href":"https:\/\/www.europesays.com\/fr\/wp-json\/wp\/v2\/types\/post"}],"author":[{"embeddable":true,"href":"https:\/\/www.europesays.com\/fr\/wp-json\/wp\/v2\/users\/2"}],"replies":[{"embeddable":true,"href":"https:\/\/www.europesays.com\/fr\/wp-json\/wp\/v2\/comments?post=649675"}],"version-history":[{"count":0,"href":"https:\/\/www.europesays.com\/fr\/wp-json\/wp\/v2\/posts\/649675\/revisions"}],"wp:featuredmedia":[{"embeddable":true,"href":"https:\/\/www.europesays.com\/fr\/wp-json\/wp\/v2\/media\/649676"}],"wp:attachment":[{"href":"https:\/\/www.europesays.com\/fr\/wp-json\/wp\/v2\/media?parent=649675"}],"wp:term":[{"taxonomy":"category","embeddable":true,"href":"https:\/\/www.europesays.com\/fr\/wp-json\/wp\/v2\/categories?post=649675"},{"taxonomy":"post_tag","embeddable":true,"href":"https:\/\/www.europesays.com\/fr\/wp-json\/wp\/v2\/tags?post=649675"}],"curies":[{"name":"wp","href":"https:\/\/api.w.org\/{rel}","templated":true}]}}