{"id":649689,"date":"2026-01-08T15:46:12","date_gmt":"2026-01-08T15:46:12","guid":{"rendered":"https:\/\/www.europesays.com\/fr\/649689\/"},"modified":"2026-01-08T15:46:12","modified_gmt":"2026-01-08T15:46:12","slug":"la-tempete-goretti-va-percuter-les-cotes-britanniques","status":"publish","type":"post","link":"https:\/\/www.europesays.com\/fr\/649689\/","title":{"rendered":"La temp\u00eate Goretti va percuter les c\u00f4tes britanniques"},"content":{"rendered":"<p>En arrivant par l\u2019Atlantique, la redout\u00e9e temp\u00eate Goretti va d\u2019abord toucher les r\u00e9gions c\u00f4ti\u00e8res du sud-ouest de l\u2019Angleterre. Le Met Office met en alerte, la journ\u00e9e du 8 janvier 2026, le Cornwall et les Isles of Scilly, o\u00f9 les rafales pourraient devenir particuli\u00e8rement violentes, atteignant des \u201cvitesses capables d\u2019arracher des branches et d\u2019endommager des habitations et de rendre les zones littorales dangereuses.\u201d Les autorit\u00e9s appellent les habitants \u00e0 \u00e9viter les promenades en bord de mer, o\u00f9 la houle et les vents pourraient repr\u00e9senter un risque s\u00e9rieux.<\/p>\n<p class=\"p-empty\">\u00a0<\/p>\n<p>D\u2019ailleurs, l\u2019est de l&rsquo;Angleterre ne sera pas non plus \u00e9pargn\u00e9, des villes comme Plymouth, Exeter ou Bristol devraient conna\u00eetre un passage temp\u00e9tueux marqu\u00e9 par des pluies intenses.\u00a0<\/p>\n<p class=\"p-empty\">\u00a0<\/p>\n<p>Le reste du Royaume-Uni en alerte orange<\/p>\n<p class=\"p-empty\">\u00a0<\/p>\n<p>\u00c0 mesure que la temp\u00eate quitte les c\u00f4tes pour s\u2019enfoncer dans les terres, le paysage britannique se transforme et Goretti devrait devenir moins dangereuse, rapporte le Met Office. Dans les Midlands, des villes comme Birmingham, Nottingham ou Leicester pourraient se r\u00e9veiller sous un manteau blanc inhabituel, tandis que la circulation sera perturb\u00e9e les 8 et 9 janvier en raison de la neige et du verglas.\u00a0<\/p>\n<p class=\"p-empty\">\u00a0<\/p>\n<p>Le ph\u00e9nom\u00e8ne ne s\u2019arr\u00eate pas l\u00e0. Au pays de Galles, notamment autour de Cardiff et Swansea, la temp\u00eate pourrait provoquer un m\u00e9lange de neige et de pluie vergla\u00e7ante, compliquant l\u2019acc\u00e8s \u00e0 certains axes routiers et perturbant la vie quotidienne. Plus au nord, dans le Yorkshire, des villes comme Sheffield pourraient \u00eatre confront\u00e9es \u00e0 des chutes de neige persistantes.<\/p>\n<p>\u00a0<\/p>\n","protected":false},"excerpt":{"rendered":"En arrivant par l\u2019Atlantique, la redout\u00e9e temp\u00eate Goretti va d\u2019abord toucher les r\u00e9gions c\u00f4ti\u00e8res du sud-ouest de l\u2019Angleterre.&hellip;\n","protected":false},"author":2,"featured_media":649690,"comment_status":"","ping_status":"","sticky":false,"template":"","format":"standard","meta":{"footnotes":""},"categories":[1588],"tags":[11,1777,674,12,473,1853,1851,1850,1852],"class_list":{"0":"post-649689","1":"post","2":"type-post","3":"status-publish","4":"format-standard","5":"has-post-thumbnail","7":"category-royaume-uni","8":"tag-actualites","9":"tag-eu","10":"tag-europe","11":"tag-news","12":"tag-royaume-uni","13":"tag-royaume-uni-de-grande-bretagne-et-dirlande-du-nord","14":"tag-uk","15":"tag-united-kingdom","16":"tag-united-kingdom-of-great-britain-and-northern-ireland"},"share_on_mastodon":{"url":"https:\/\/pubeurope.com\/@fr\/115860261127718950","error":""},"_links":{"self":[{"href":"https:\/\/www.europesays.com\/fr\/wp-json\/wp\/v2\/posts\/649689","targetHints":{"allow":["GET"]}}],"collection":[{"href":"https:\/\/www.europesays.com\/fr\/wp-json\/wp\/v2\/posts"}],"about":[{"href":"https:\/\/www.europesays.com\/fr\/wp-json\/wp\/v2\/types\/post"}],"author":[{"embeddable":true,"href":"https:\/\/www.europesays.com\/fr\/wp-json\/wp\/v2\/users\/2"}],"replies":[{"embeddable":true,"href":"https:\/\/www.europesays.com\/fr\/wp-json\/wp\/v2\/comments?post=649689"}],"version-history":[{"count":0,"href":"https:\/\/www.europesays.com\/fr\/wp-json\/wp\/v2\/posts\/649689\/revisions"}],"wp:featuredmedia":[{"embeddable":true,"href":"https:\/\/www.europesays.com\/fr\/wp-json\/wp\/v2\/media\/649690"}],"wp:attachment":[{"href":"https:\/\/www.europesays.com\/fr\/wp-json\/wp\/v2\/media?parent=649689"}],"wp:term":[{"taxonomy":"category","embeddable":true,"href":"https:\/\/www.europesays.com\/fr\/wp-json\/wp\/v2\/categories?post=649689"},{"taxonomy":"post_tag","embeddable":true,"href":"https:\/\/www.europesays.com\/fr\/wp-json\/wp\/v2\/tags?post=649689"}],"curies":[{"name":"wp","href":"https:\/\/api.w.org\/{rel}","templated":true}]}}