{"id":649691,"date":"2026-01-08T15:47:17","date_gmt":"2026-01-08T15:47:17","guid":{"rendered":"https:\/\/www.europesays.com\/fr\/649691\/"},"modified":"2026-01-08T15:47:17","modified_gmt":"2026-01-08T15:47:17","slug":"zalando-annonce-la-fermeture-dun-site-en-allemagne-2-700-emplois-supprimes","status":"publish","type":"post","link":"https:\/\/www.europesays.com\/fr\/649691\/","title":{"rendered":"Zalando annonce la fermeture d\u2019un site en Allemagne, 2.700 emplois supprim\u00e9s"},"content":{"rendered":"<p>Le g\u00e9ant allemand de la mode en ligne Zalando a annonc\u00e9 ce jeudi fermer un centre de distribution dans l\u2019Est de l\u2019<a href=\"https:\/\/www.20minutes.fr\/dossier\/allemagne\" class=\"c-link c-link--is-underlined\" target=\"_blank\" rel=\"noopener\">Allemagne<\/a>, qui emploie 2.700 personnes, afin de moderniser son r\u00e9seau logistique europ\u00e9en menac\u00e9 par la rude concurrence des plateformes chinoises. Le site d\u2019Erfurt, qui repr\u00e9sente un sixi\u00e8me des effectifs de Zalando et constituait un \u00ab\u00a0pilier logistique crucial\u00a0\u00bb selon un communiqu\u00e9, fermera \u00e0 la fin septembre.<\/p>\n<p>\u00ab\u00a0Nous allons imm\u00e9diatement entamer des n\u00e9gociations avec le comit\u00e9 d\u2019entreprise d\u2019Erfurt pour \u00e9laborer un accord d\u2019int\u00e9r\u00eat et un plan social\u00a0\u00bb, d\u00e9taille l\u2019entreprise bas\u00e9e \u00e0 <a href=\"https:\/\/www.20minutes.fr\/dossier\/berlin\" class=\"c-link c-link--is-underlined\" target=\"_blank\" rel=\"noopener\">Berlin<\/a>. Trois autres entrep\u00f4ts en Europe, exploit\u00e9s par des prestataires externes, cesseront aussi toute activit\u00e9. Contact\u00e9 par l\u2019AFP, le syndicat des services Ver. di n\u2019a pas r\u00e9pondu dans l\u2019imm\u00e9diat.<\/p>\n<p>Malgr\u00e9 cette fermeture, le groupe veut s\u2019\u00e9tendre<\/p>\n<p>Fond\u00e9 en\u00a02008, ce groupe phare en Europe de la <a href=\"https:\/\/www.20minutes.fr\/dossier\/vente_en_ligne\" class=\"c-link c-link--is-underlined\" target=\"_blank\" rel=\"noopener\">vente en ligne<\/a> de v\u00eatements emploie 16.000 personnes, dont pr\u00e8s de la moiti\u00e9 dans la capitale allemande. Selon Zalando, ce plan lui permettra de poursuivre sa strat\u00e9gie de croissance, avec une hausse annuelle de 5 \u00e0 10\u00a0% des ventes r\u00e9alis\u00e9es sur son site et de son chiffre d\u2019affaires. A terme, le groupe comptera 14 centres de distribution, contre 12 aujourd\u2019hui, r\u00e9partis dans 7 pays.<\/p>\n<\/p>\n<p>Vers 11 heures, les investisseurs r\u00e9agissaient froidement \u00e0 cette annonce et l\u2019action perdait 2,35\u00a0% dans un indice Dax en recul de 0,09\u00a0%. Zalando doit aujourd\u2019hui composer avec la rude concurrence des plateformes chinoises Shein et Temu, qui renouvellent sans cesse leurs produits \u00e0 des prix cass\u00e9s et p\u00e9n\u00e8trent sans mal le march\u00e9 europ\u00e9en. Pour mieux rivaliser, Zalando avait rachet\u00e9 l\u2019an dernier son rival hambourgeois About you pour 1,1\u00a0milliards d\u2019euros. En\u00a02023, le groupe avait aussi supprim\u00e9 plusieurs centaines d\u2019emplois dans des branches ayant connu une croissance trop rapide, \u00e0 l\u2019image d\u2019autres mastodontes du secteur.<\/p>\n","protected":false},"excerpt":{"rendered":"Le g\u00e9ant allemand de la mode en ligne Zalando a annonc\u00e9 ce jeudi fermer un centre de distribution&hellip;\n","protected":false},"author":2,"featured_media":649692,"comment_status":"","ping_status":"","sticky":false,"template":"","format":"standard","meta":{"footnotes":""},"categories":[1587],"tags":[47,11,672,1898,1804,1805,1803,7027,33,1777,674,1801,12,1802,1969,22909],"class_list":{"0":"post-649691","1":"post","2":"type-post","3":"status-publish","4":"format-standard","5":"has-post-thumbnail","7":"category-allemagne","8":"tag-actualite","9":"tag-actualites","10":"tag-allemagne","11":"tag-berlin","12":"tag-bundesrepublik-deutschland","13":"tag-de","14":"tag-deutschland","15":"tag-e-commerce","16":"tag-economie","17":"tag-eu","18":"tag-europe","19":"tag-germany","20":"tag-news","21":"tag-republique-federale-dallemagne","22":"tag-style","23":"tag-vente-en-ligne"},"share_on_mastodon":{"url":"https:\/\/pubeurope.com\/@fr\/115860265145629153","error":""},"_links":{"self":[{"href":"https:\/\/www.europesays.com\/fr\/wp-json\/wp\/v2\/posts\/649691","targetHints":{"allow":["GET"]}}],"collection":[{"href":"https:\/\/www.europesays.com\/fr\/wp-json\/wp\/v2\/posts"}],"about":[{"href":"https:\/\/www.europesays.com\/fr\/wp-json\/wp\/v2\/types\/post"}],"author":[{"embeddable":true,"href":"https:\/\/www.europesays.com\/fr\/wp-json\/wp\/v2\/users\/2"}],"replies":[{"embeddable":true,"href":"https:\/\/www.europesays.com\/fr\/wp-json\/wp\/v2\/comments?post=649691"}],"version-history":[{"count":0,"href":"https:\/\/www.europesays.com\/fr\/wp-json\/wp\/v2\/posts\/649691\/revisions"}],"wp:featuredmedia":[{"embeddable":true,"href":"https:\/\/www.europesays.com\/fr\/wp-json\/wp\/v2\/media\/649692"}],"wp:attachment":[{"href":"https:\/\/www.europesays.com\/fr\/wp-json\/wp\/v2\/media?parent=649691"}],"wp:term":[{"taxonomy":"category","embeddable":true,"href":"https:\/\/www.europesays.com\/fr\/wp-json\/wp\/v2\/categories?post=649691"},{"taxonomy":"post_tag","embeddable":true,"href":"https:\/\/www.europesays.com\/fr\/wp-json\/wp\/v2\/tags?post=649691"}],"curies":[{"name":"wp","href":"https:\/\/api.w.org\/{rel}","templated":true}]}}