{"id":649715,"date":"2026-01-08T16:05:10","date_gmt":"2026-01-08T16:05:10","guid":{"rendered":"https:\/\/www.europesays.com\/fr\/649715\/"},"modified":"2026-01-08T16:05:10","modified_gmt":"2026-01-08T16:05:10","slug":"ces-deux-questions-qui-ont-fait-trebucher","status":"publish","type":"post","link":"https:\/\/www.europesays.com\/fr\/649715\/","title":{"rendered":"ces deux questions qui ont fait tr\u00e9bucher &#8230;"},"content":{"rendered":"<p>EN BREF<\/p>\n<ul class=\"bloc_resume_post_list\">\n<li>Diffus\u00e9 sur TF1 depuis 2010, Les 12 coups de midi est un<br \/>\njeu embl\u00e9matique avec des participants marquants comme Paul<br \/>\nEl-Kharrat et Emilien.<\/li>\n<li>Emilien, \u00e9tudiant de 22 ans, a r\u00e9alis\u00e9 646 victoires<br \/>\ncons\u00e9cutives et d\u00e9couvert 23 \u00e9toiles myst\u00e9rieuses avant son<br \/>\n\u00e9limination en juillet 2025.<\/li>\n<li>Cyprien, nouveau Ma\u00eetre de midi depuis septembre 2025,<br \/>\ncontinue de surprendre malgr\u00e9 des erreurs lors de sa 111e victoire<br \/>\nen janvier 2026.<\/li>\n<\/ul>\n<p>Diffus\u00e9 pour la premi\u00e8re fois sur TF1 en 2010. Le jeu intitul\u00e9<br \/>\nLes 12 coups de midi est devenu l\u00a0\u00bb<strong>un des programmes<br \/>\nembl\u00e9matiques de la premi\u00e8re cha\u00eene<\/strong>. Au fil des ann\u00e9es,<br \/>\ncertains participants ont marqu\u00e9 l&rsquo;histoire de l&rsquo;\u00e9mission gr\u00e2ce \u00e0<br \/>\nleurs incroyables parcours. Ce fut notamment le cas de <a href=\"https:\/\/www.closermag.fr\/people\/exclu-je-morfle-terriblement-paul-el-kharrat-donne-de-ses-nouvelles-et-elles-sont-pour-le-moins-bouleversantes-3360412#item=1\" data-mrf-link=\"https:\/\/www.closermag.fr\/people\/exclu-je-morfle-terriblement-paul-el-kharrat-donne-de-ses-nouvelles-et-elles-sont-pour-le-moins-bouleversantes-3360412#item=1\" target=\"_blank\" rel=\"noopener\"><br \/>\nPaul El-Kharrat<\/a>, qui fait d\u00e9sormais partie des Grosses T\u00eates de<br \/>\nLaurent Ruquier sur RTL.<\/p>\n<p>Malheureusement pour lui. Les exploits de l&rsquo;ancien Ma\u00eetre de<br \/>\nmidi ont \u00e9t\u00e9 \u00e9clips\u00e9s par\u00a0<a href=\"https:\/\/www.telestar.fr\/actu_tv\/billet-les-12-coups-de-midi-pourquoi-le-regne-demilien-na-que-trop-dure-1695855\" data-mrf-link=\"https:\/\/www.telestar.fr\/actu_tv\/billet-les-12-coups-de-midi-pourquoi-le-regne-demilien-na-que-trop-dure-1695855\" target=\"_blank\" rel=\"noopener\">le<br \/>\nplus grand champion de l&rsquo;histoire<\/a> des 12 coups de midi,<br \/>\nEmilien. Pour rappel, le jeune \u00e9tudiant de 22 ans avait d\u00e9croch\u00e9<br \/>\nson premier succ\u00e8s sur TF1 le lundi 25 septembre 2023. Par la<br \/>\nsuite, <strong>il a enchain\u00e9 646 victoires cons\u00e9cutives<\/strong>.<br \/>\nTout en <a href=\"https:\/\/www.telestar.fr\/actu_tv\/les-12-coups-de-midi-emilien-ne-sarrete-plus-il-decouvre-sa-23e-etoile-mysterieuse-malgre-22-cases-encore-cachees-1728004\" target=\"_blank\" rel=\"noopener\"><br \/>\nd\u00e9couvrant\u00a023 \u00e9toiles myst\u00e9rieuses<\/a>. Finalement, le plus<br \/>\ngrand champion de l&rsquo;histoire des jeux t\u00e9l\u00e9vis\u00e9s fran\u00e7ais a \u00e9t\u00e9<br \/>\n\u00e9limin\u00e9 le dimanche 6 juillet 2025.<\/p>\n<p>Les 12 coups de midi : Cyprien est le nouveau Ma\u00eetre de midi<br \/>\ndepuis le vendredi 19 septembre 2025<\/p>\n<p>Depuis, <strong>les Ma\u00eetres de midi se sont succ\u00e9d\u00e9s<\/strong><br \/>\nsur le plateau du jeu pr\u00e9sent\u00e9 par Jean-Luc Reichmann. Finalement,<br \/>\nc&rsquo;est un jeune \u00e9tudiant en musique pr\u00e9nomm\u00e9 Cyprien qui est devenu<br \/>\nle nouveau champion des 12 coups de midi le vendredi 19 septembre<br \/>\n2025. Depuis, celui qui se destine \u00e0 devenir un jour chef<br \/>\nd&rsquo;orchestre a battu tous les concurrents qui se sont dress\u00e9s contre<br \/>\nlui.<\/p>\n<p>Jeudi 8 janvier 2026, Cyprien \u00e9tait oppos\u00e9 \u00e0 trois nouveaux<br \/>\nadversaires sur le plateau des 12 coups de midi. Comme depuis le<br \/>\nd\u00e9but de son parcours au sein du jeu quotidien de TF1. Le nouveau<br \/>\nMa\u00eetre de midi est parvenu surpasser tous ses concurrents ce<br \/>\njour-l\u00e0. <strong>Lui permettant ainsi d&rsquo;arrondir un peu plus sa<br \/>\ncagnotte<\/strong>.<\/p>\n<p>Cyprien a remport\u00e9 sa 111e victoire sur<br \/>\nTF1 le jeudi 8 janvier 2026<\/p>\n<p>Cependant, <strong>Cyprien a butt\u00e9 sur deux questions en<br \/>\nparticulier<\/strong> ce jour-l\u00e0. En fait, le Ma\u00eetre de midi a<br \/>\ncommis une erreur au cours de la troisi\u00e8me et derni\u00e8re manche du<br \/>\njeu. Il s&rsquo;est tromp\u00e9 au moment de r\u00e9pondre \u00e0 la question suivante :<br \/>\n\u00ab\u00a0Quelle chanson de Jacques Brel porte le nom de la commune des<br \/>\nV\u00e9suliens ?\u00a0\u00bb. Il a r\u00e9pondu \u00ab\u00a0Vierzon\u00a0\u00bb. Alors que la<br \/>\nbonne r\u00e9ponse \u00e9tait Vesoul.<\/p>\n<p>Par la suite, la seconde erreur de Cyprien s&rsquo;est produit sur la<br \/>\nquestion suivante : \u00ab\u00a0Quelle Espagnole est devenue la premi\u00e8re<br \/>\nfootballeuse \u00e0 remporter le ballon d&rsquo;or trois fois cons\u00e9cutive<br \/>\n?\u00a0\u00bb. Le Ma\u00eetre de midi s&rsquo;est tromp\u00e9 en r\u00e9pondant :<br \/>\n\u00ab\u00a0Alexia Putellas\u00a0\u00bb. En<br \/>\nfait, cette derni\u00e8re n&rsquo;a remport\u00e9 que deux ballons d&rsquo;or<br \/>\ncons\u00e9cutifs. En 2021 et en 2022. <strong>La bonne r\u00e9ponse<br \/>\n\u00e9tait<\/strong> <strong>Aitana Bonmat\u00ed, qui a remport\u00e9 le<br \/>\nBallon d&rsquo;or en 2023, 2024 et 2025.<\/strong><\/p>\n","protected":false},"excerpt":{"rendered":"EN BREF Diffus\u00e9 sur TF1 depuis 2010, Les 12 coups de midi est un jeu embl\u00e9matique avec des&hellip;\n","protected":false},"author":2,"featured_media":649716,"comment_status":"","ping_status":"","sticky":false,"template":"","format":"standard","meta":{"footnotes":""},"categories":[1356],"tags":[548,58,59,1011,27,252,199,1364],"class_list":{"0":"post-649715","1":"post","2":"type-post","3":"status-publish","4":"format-standard","5":"has-post-thumbnail","7":"category-television","8":"tag-article-simple","9":"tag-divertissement","10":"tag-entertainment","11":"tag-fr","12":"tag-france","13":"tag-television","14":"tag-tf1","15":"tag-tv"},"share_on_mastodon":{"url":"https:\/\/pubeurope.com\/@fr\/115860335801912602","error":""},"_links":{"self":[{"href":"https:\/\/www.europesays.com\/fr\/wp-json\/wp\/v2\/posts\/649715","targetHints":{"allow":["GET"]}}],"collection":[{"href":"https:\/\/www.europesays.com\/fr\/wp-json\/wp\/v2\/posts"}],"about":[{"href":"https:\/\/www.europesays.com\/fr\/wp-json\/wp\/v2\/types\/post"}],"author":[{"embeddable":true,"href":"https:\/\/www.europesays.com\/fr\/wp-json\/wp\/v2\/users\/2"}],"replies":[{"embeddable":true,"href":"https:\/\/www.europesays.com\/fr\/wp-json\/wp\/v2\/comments?post=649715"}],"version-history":[{"count":0,"href":"https:\/\/www.europesays.com\/fr\/wp-json\/wp\/v2\/posts\/649715\/revisions"}],"wp:featuredmedia":[{"embeddable":true,"href":"https:\/\/www.europesays.com\/fr\/wp-json\/wp\/v2\/media\/649716"}],"wp:attachment":[{"href":"https:\/\/www.europesays.com\/fr\/wp-json\/wp\/v2\/media?parent=649715"}],"wp:term":[{"taxonomy":"category","embeddable":true,"href":"https:\/\/www.europesays.com\/fr\/wp-json\/wp\/v2\/categories?post=649715"},{"taxonomy":"post_tag","embeddable":true,"href":"https:\/\/www.europesays.com\/fr\/wp-json\/wp\/v2\/tags?post=649715"}],"curies":[{"name":"wp","href":"https:\/\/api.w.org\/{rel}","templated":true}]}}