{"id":649719,"date":"2026-01-08T16:07:22","date_gmt":"2026-01-08T16:07:22","guid":{"rendered":"https:\/\/www.europesays.com\/fr\/649719\/"},"modified":"2026-01-08T16:07:22","modified_gmt":"2026-01-08T16:07:22","slug":"marvel-encore-trahi-apres-scarlett-johansson-un-autre-avenger-convoite-pour-the-batman-2","status":"publish","type":"post","link":"https:\/\/www.europesays.com\/fr\/649719\/","title":{"rendered":"Marvel encore trahi ? Apr\u00e8s Scarlett Johansson, un autre Avenger convoit\u00e9 pour The Batman 2"},"content":{"rendered":"<p>                <img loading=\"lazy\" decoding=\"async\" src=\"https:\/\/www.europesays.com\/fr\/wp-content\/uploads\/2025\/10\/ad79ae5eff4afb41-35x35-1.png\" class=\"author-article-picture\" width=\"35\" height=\"35\"\/><\/p>\n<p>                    Par<\/p>\n<p>                                            L\u00e9o Marvain<\/p>\n<p>                    |<\/p>\n<p>                                            Journaliste s\u00e9ries, cin\u00e9ma et streaming<\/p>\n<p>\n                Journaliste s\u00e9ries, cin\u00e9ma et streaming sur Purebreak. Passionn\u00e9 de culture pop, L\u00e9o Marvain partage ses d\u00e9couvertes, ses analyses et ses coups de c\u0153ur avec humour et curiosit\u00e9. Si vous le cherchez, il est soit sur Netflix, soit au cin\u00e9.\n            <\/p>\n<p>\n    Les fronti\u00e8res entre Marvel et DC continuent de s&rsquo;effacer. Alors que Scarlett Johansson est d\u00e9j\u00e0 annonc\u00e9e dans The Batman 2, une rumeur persistante \u00e9voque l&rsquo;arriv\u00e9e d&rsquo;un autre Avenger tr\u00e8s populaire au casting du film de Matt Reeves. Et le choix intrigue autant qu&rsquo;il excite les fans.\n<\/p>\n<p>                                                        <img decoding=\"async\" class=\"player-thumbnail\" src=\"https:\/\/www.europesays.com\/fr\/wp-content\/uploads\/2026\/01\/064fc1f38cef5c78-580x326-1.jpg\" width=\"580\" height=\"326\" loading=\"lazy\"\/><\/p>\n<p>                            La bande-annonce vid\u00e9o de The Batman avec Robert Pattinson \u00a9 Warner Bros. France<\/p>\n<p>La suite apr\u00e8s la publicit\u00e9<\/p>\n<p>Les univers super-h\u00e9ro\u00efques ont longtemps fonctionn\u00e9 comme des chapelles \u00e9tanches. Aujourd&rsquo;hui, la donne a chang\u00e9. Avec <strong>The Batman: Part II<\/strong>, DC semble bien d\u00e9cid\u00e9 \u00e0 piocher dans le vivier Marvel pour muscler encore son casting d\u00e9j\u00e0 tr\u00e8s attendu.<\/p>\n<p>Selon plusieurs sources concordantes, <a href=\"https:\/\/www.purebreak.com\/personnalite\/sebastian-stan_e273947\" target=\"_blank\" rel=\"noopener\">Sebastian Stan<\/a> serait en discussions pour rejoindre la suite des aventures du Chevalier Noir incarn\u00e9 par Robert Pattinson. Une information qui, si elle se confirmait, marquerait un nouveau coup symbolique dans la guerre feutr\u00e9e entre studios.<\/p>\n<p>DC attire les stars Marvel (et assume)<\/p>\n<p><a href=\"https:\/\/www.purebreak.com\/news\/scarlett-johansson-fait-son-retour-dans-les-films-de-super-heros-apres-10-ans-chez-marvel-direction-la-concurrence\/255349\" target=\"_blank\" rel=\"noopener\">Apr\u00e8s Scarlett Johansson<\/a>, connue pour avoir incarn\u00e9 Natasha Romanoff \/ Black Widow pendant plus de dix ans chez Marvel, c&rsquo;est donc un autre Avenger qui pourrait traverser le miroir. Sebastian Stan, r\u00e9v\u00e9l\u00e9 au grand public dans Captain America: First Avenger, y interpr\u00e8te toujours Bucky Barnes, alias le Soldat de l&rsquo;Hiver.<\/p>\n<p>L&rsquo;acteur reste tr\u00e8s occup\u00e9 c\u00f4t\u00e9 Marvel : apr\u00e8s <a href=\"https:\/\/www.purebreak.com\/news\/thunderbolts-que-vaut-le-nouveau-marvel-les-premieres-critiques-sont-unanimes\/253572\" target=\"_blank\" rel=\"noopener\">Thunderbolts<\/a> (2025), il est attendu dans <a href=\"https:\/\/www.purebreak.com\/news\/sa-doublure-faisait-le-gros-du-travail-pourquoi-vous-ne-verrez-presque-pas-channing-tatum-dans-avengers-doomsday-meme-lacteur-est-depite\/254528\" target=\"_blank\" rel=\"noopener\">Avengers: Doomsday<\/a>, pr\u00e9vu en salles le 16 d\u00e9cembre 2026. Comme pour Johansson, aucune information n&rsquo;a filtr\u00e9 concernant le r\u00f4le qu&rsquo;il pourrait tenir dans The Batman 2. D&rsquo;apr\u00e8s Deadline, les discussions seraient encore \u00e0 un stade pr\u00e9liminaire.<\/p>\n<p>Ce jour o\u00f9 Robert Downey Jr. s&rsquo;en est pris \u00e0 DC frontalement : Batman et Christopher Nolan pas \u00e9pargn\u00e9s<\/p>\n<p>Une suite tr\u00e8s attendue, entre retours et absences<\/p>\n<p>R\u00e9alis\u00e9 et sc\u00e9naris\u00e9 une nouvelle fois par Matt Reeves, The Batman 2 est d\u00e9j\u00e0 l&rsquo;un des films les plus scrut\u00e9s des prochaines ann\u00e9es. Sorti en 2022, The Batman avait surpris par son ton sombre et r\u00e9aliste, engrangeant pr\u00e8s de 800 millions de dollars au box-office mondial, malgr\u00e9 un contexte encore fragile pour les salles.<\/p>\n<p>Cette suite devra n\u00e9anmoins composer avec une absence de taille : Zo\u00eb Kravitz, inoubliable Selina Kyle \/ Catwoman, ne devrait pas reprendre son r\u00f4le. En revanche, Barry Keoghan, aper\u00e7u bri\u00e8vement en Joker, serait bien de retour selon Variety.<\/p>\n<p>Le tournage est attendu pour ce printemps, avec une sortie fran\u00e7aise fix\u00e9e au 29 septembre 2027. D&rsquo;ici l\u00e0, ces rumeurs de casting suffisent d\u00e9j\u00e0 \u00e0 entretenir l&rsquo;excitation et \u00e0 rappeler que, d\u00e9sormais, Marvel et DC jouent clairement sur le m\u00eame terrain.<\/p>\n<p>        <img decoding=\"async\" class=\"thumb-img-100 thumb-img\" src=\"https:\/\/www.europesays.com\/fr\/wp-content\/uploads\/2026\/01\/61d89ac3e01d417e-320x180-1.jpg\" alt=\"&quot;\u00c7a va tout changer&quot; : Chris Hemsworth, star de Marvel, r\u00e9v\u00e8le les deux r\u00f4les les plus importants de sa vie \u2013 et Thor n'en fait m\u00eame pas partie !\" width=\"320\" height=\"180\" loading=\"lazy\" role=\"presentation\"\/><\/p>\n<p>                                            \u00ab\u00a0\u00c7a va tout changer\u00a0\u00bb : Chris Hemsworth, star de Marvel, r\u00e9v\u00e8le les deux r\u00f4les les plus importants de sa vie \u2013 et Thor n&rsquo;en fait m\u00eame pas partie !<\/p>\n<p>        <img decoding=\"async\" class=\"thumb-img-100 thumb-img\" src=\"https:\/\/www.europesays.com\/fr\/wp-content\/uploads\/2026\/01\/4aade7fa090a8700-320x180-1.png\" alt=\"Alors que Marvel \u00e9tait au bord de la faillite, Michael Jackson est arriv\u00e9 avec deux cadeaux : l'un \u00e9tait des millions de dollars, l'autre \u00e9tait la pire id\u00e9e jamais imagin\u00e9e\" width=\"320\" height=\"180\" loading=\"lazy\" role=\"presentation\"\/><\/p>\n<p>                                            Alors que Marvel \u00e9tait au bord de la faillite, Michael Jackson est arriv\u00e9 avec deux cadeaux : l&rsquo;un \u00e9tait des millions de dollars, l&rsquo;autre \u00e9tait la pire id\u00e9e jamais imagin\u00e9e<\/p>\n<p>        <img decoding=\"async\" class=\"thumb-img-100 thumb-img\" src=\"https:\/\/www.europesays.com\/fr\/wp-content\/uploads\/2026\/01\/4201d01f55fc0b54-320x180-1.png\" alt=\"Alan Ritchson, la star de Reacher, s'appr\u00eate \u00e0 endosser son troisi\u00e8me r\u00f4le chez DC \u2013 mais ce ne sera pas celui de Batman\" width=\"320\" height=\"180\" loading=\"lazy\" role=\"presentation\"\/><\/p>\n<p>                                            Alan Ritchson, la star de Reacher, s&rsquo;appr\u00eate \u00e0 endosser son troisi\u00e8me r\u00f4le chez DC \u2013 mais ce ne sera pas celui de Batman<\/p>\n","protected":false},"excerpt":{"rendered":"Par L\u00e9o Marvain | Journaliste s\u00e9ries, cin\u00e9ma et streaming Journaliste s\u00e9ries, cin\u00e9ma et streaming sur Purebreak. Passionn\u00e9 de&hellip;\n","protected":false},"author":2,"featured_media":649720,"comment_status":"","ping_status":"","sticky":false,"template":"","format":"standard","meta":{"footnotes":""},"categories":[1354],"tags":[58,59,1346,1011,27,1360],"class_list":{"0":"post-649719","1":"post","2":"type-post","3":"status-publish","4":"format-standard","5":"has-post-thumbnail","7":"category-films","8":"tag-divertissement","9":"tag-entertainment","10":"tag-films","11":"tag-fr","12":"tag-france","13":"tag-movies"},"share_on_mastodon":{"url":"https:\/\/pubeurope.com\/@fr\/115860343820718542","error":""},"_links":{"self":[{"href":"https:\/\/www.europesays.com\/fr\/wp-json\/wp\/v2\/posts\/649719","targetHints":{"allow":["GET"]}}],"collection":[{"href":"https:\/\/www.europesays.com\/fr\/wp-json\/wp\/v2\/posts"}],"about":[{"href":"https:\/\/www.europesays.com\/fr\/wp-json\/wp\/v2\/types\/post"}],"author":[{"embeddable":true,"href":"https:\/\/www.europesays.com\/fr\/wp-json\/wp\/v2\/users\/2"}],"replies":[{"embeddable":true,"href":"https:\/\/www.europesays.com\/fr\/wp-json\/wp\/v2\/comments?post=649719"}],"version-history":[{"count":0,"href":"https:\/\/www.europesays.com\/fr\/wp-json\/wp\/v2\/posts\/649719\/revisions"}],"wp:featuredmedia":[{"embeddable":true,"href":"https:\/\/www.europesays.com\/fr\/wp-json\/wp\/v2\/media\/649720"}],"wp:attachment":[{"href":"https:\/\/www.europesays.com\/fr\/wp-json\/wp\/v2\/media?parent=649719"}],"wp:term":[{"taxonomy":"category","embeddable":true,"href":"https:\/\/www.europesays.com\/fr\/wp-json\/wp\/v2\/categories?post=649719"},{"taxonomy":"post_tag","embeddable":true,"href":"https:\/\/www.europesays.com\/fr\/wp-json\/wp\/v2\/tags?post=649719"}],"curies":[{"name":"wp","href":"https:\/\/api.w.org\/{rel}","templated":true}]}}