{"id":649721,"date":"2026-01-08T16:08:09","date_gmt":"2026-01-08T16:08:09","guid":{"rendered":"https:\/\/www.europesays.com\/fr\/649721\/"},"modified":"2026-01-08T16:08:09","modified_gmt":"2026-01-08T16:08:09","slug":"des-allies-cles-contre-le-risque-de-cancer-du-sein","status":"publish","type":"post","link":"https:\/\/www.europesays.com\/fr\/649721\/","title":{"rendered":"des alli\u00e9s cl\u00e9s contre le risque de cancer du sein"},"content":{"rendered":"<p class=\"chapo\">Dormir suffisamment et r\u00e9duire la graisse abdominale sont deux leviers importants pour limiter le risque de cancer du sein, selon plusieurs \u00e9tudes r\u00e9centes qui soulignent l\u2019impact du mode de vie sur la pr\u00e9vention de cette maladie.<\/p>\n<p>Tl;dr<\/p>\n<ul>\n<li>Le cancer du sein augmente de 6 % par an en Inde.<\/li>\n<li>Sommeil perturb\u00e9, stress et ob\u00e9sit\u00e9 centrale sont des facteurs cl\u00e9s.<\/li>\n<li>L\u2019\u00e9ducation pr\u00e9ventive et le d\u00e9pistage cibl\u00e9 sont recommand\u00e9s.<\/li>\n<\/ul>\n<p>Un changement inqui\u00e9tant : les jeunes femmes de plus en plus touch\u00e9es<\/p>\n<p>En <strong>Inde<\/strong>, une \u00e9volution silencieuse, mais alarmante se dessine : l\u2019incidence du <a href=\"https:\/\/www.24matins.fr\/les-premiers-endroits-ou-apparaissent-les-grosseurs-du-cancer-du-sein-1393402\" target=\"_blank\" rel=\"noopener\"><strong>cancer du sein<\/strong><\/a> chez les femmes grimpe d\u00e9sormais de 6 % chaque ann\u00e9e. Ce constat, mis en avant par une \u00e9tude r\u00e9cente de l\u2019ICMR, r\u00e9v\u00e8le surtout que la maladie touche un nombre croissant de femmes \u00e2g\u00e9es de 35 \u00e0 50 ans. Alors, pourquoi cette recrudescence pr\u00e9coce\u202f? Les sp\u00e9cialistes avancent plusieurs hypoth\u00e8ses, dont la s\u00e9dentarit\u00e9, la mont\u00e9e du stress chronique, l\u2019augmentation de l\u2019<strong>ob\u00e9sit\u00e9 centrale<\/strong>, le sommeil fragment\u00e9 ou encore la tendance au report des maternit\u00e9s.<\/p>\n<p>Ces derni\u00e8res ann\u00e9es, la recherche indienne \u2013 notamment celle du National Centre for Disease Informatics and Research \u2013 corrobore une inqui\u00e9tude mondiale : un lien solide entre les troubles du sommeil et le risque tumoral. En clair, le manque de sommeil perturbe la s\u00e9cr\u00e9tion de m\u00e9latonine, d\u00e9r\u00e8gle les taux d\u2019\u0153strog\u00e8nes et freine la r\u00e9paration cellulaire. Ajoutez \u00e0 cela une alimentation d\u00e9s\u00e9quilibr\u00e9e ou un rythme de vie effr\u00e9n\u00e9 en milieu urbain\u2026 Le cocktail devient explosif.<\/p>\n<p>Face \u00e0 cette nouvelle donne, il appara\u00eet que certains risques \u00ab modifiables \u00bb deviennent presque aussi centraux que l\u2019\u00e2ge ou les ant\u00e9c\u00e9dents familiaux. Beaucoup trop de patientes consultent sans histoire g\u00e9n\u00e9tique particuli\u00e8re, mais pr\u00e9sentent pourtant un cumul pr\u00e9occupant : nuits \u00e9court\u00e9es, travail post\u00e9, surcharge pond\u00e9rale abdominale et tension nerveuse permanente.<\/p>\n<p>Ob\u00e9sit\u00e9 centrale : le r\u00f4le cl\u00e9 du tour de taille apr\u00e8s la m\u00e9nopause<\/p>\n<p>Un \u00e9l\u00e9ment revient fr\u00e9quemment dans les entretiens avec des experts comme le Dr Shubham Garg (Dharamshila Narayana Hospital, Delhi)\u202f: c\u2019est le poids du \u00ab\u202fgras visc\u00e9ral\u202f\u00bb. Apr\u00e8s la m\u00e9nopause, ce tissu adipeux devient la source principale d\u2019\u0153strog\u00e8nes et intensifie le risque hormonal. Le tour de taille refl\u00e8te donc plus fid\u00e8lement qu\u2019un simple indice de masse corporelle l\u2019exposition \u00e0 une inflammation chronique.<\/p>\n<p>Pour r\u00e9duire ce risque grandissant, certains gestes semblent aujourd\u2019hui incontournables\u202f:<\/p>\n<ul>\n<li><strong>Sommeil r\u00e9parateur<\/strong> pour r\u00e9tablir le rythme circadien et l\u2019immunit\u00e9<\/li>\n<li><strong>Gestion du stress<\/strong>, afin d\u2019att\u00e9nuer inflammation et d\u00e9sordre hormonal<\/li>\n<li><strong>R\u00e9duction du tour de taille<\/strong>, synonyme d\u2019am\u00e9lioration m\u00e9tabolique globale<\/li>\n<\/ul>\n<p>D\u00e9pistage pr\u00e9coce et pr\u00e9vention\u202f: aller au-del\u00e0 des solutions classiques<\/p>\n<p>Si retarder une <a href=\"https:\/\/www.24matins.fr\/grossesse-en-hiver-les-conseils-indispensables-pour-vivre-sereinement-cette-periode-1399931\" target=\"_blank\" rel=\"noopener\">grossesse<\/a> reste un choix personnel, il importe avant tout d\u2019adopter des habitudes saines\u202f: activit\u00e9 physique r\u00e9guli\u00e8re, surveillance pond\u00e9rale, qualit\u00e9 du sommeil et allaitement si possible. Selon les professionnels interrog\u00e9s par Anuja Jaiswal, toute strat\u00e9gie efficace doit miser sur l\u2019<strong>\u00e9ducation pr\u00e9ventive<\/strong>, le d\u00e9pistage individualis\u00e9 (d\u00e8s la trentaine pour les profils \u00e0 risque), mais aussi sur l\u2019accompagnement communautaire pour briser le tabou du diagnostic tardif. Car comme le souligne un m\u00e9decin\u202f: \u00ab\u202fCancer n\u2019est jamais in\u00e9luctable lorsqu\u2019on agit sur ce que l\u2019on peut changer.\u202f\u00bb<\/p>\n","protected":false},"excerpt":{"rendered":"Dormir suffisamment et r\u00e9duire la graisse abdominale sont deux leviers importants pour limiter le risque de cancer du&hellip;\n","protected":false},"author":2,"featured_media":649722,"comment_status":"","ping_status":"","sticky":false,"template":"","format":"standard","meta":{"footnotes":""},"categories":[10],"tags":[1011,27,72,71],"class_list":{"0":"post-649721","1":"post","2":"type-post","3":"status-publish","4":"format-standard","5":"has-post-thumbnail","7":"category-sante","8":"tag-fr","9":"tag-france","10":"tag-health","11":"tag-sante"},"share_on_mastodon":{"url":"https:\/\/pubeurope.com\/@fr\/115860347543032631","error":""},"_links":{"self":[{"href":"https:\/\/www.europesays.com\/fr\/wp-json\/wp\/v2\/posts\/649721","targetHints":{"allow":["GET"]}}],"collection":[{"href":"https:\/\/www.europesays.com\/fr\/wp-json\/wp\/v2\/posts"}],"about":[{"href":"https:\/\/www.europesays.com\/fr\/wp-json\/wp\/v2\/types\/post"}],"author":[{"embeddable":true,"href":"https:\/\/www.europesays.com\/fr\/wp-json\/wp\/v2\/users\/2"}],"replies":[{"embeddable":true,"href":"https:\/\/www.europesays.com\/fr\/wp-json\/wp\/v2\/comments?post=649721"}],"version-history":[{"count":0,"href":"https:\/\/www.europesays.com\/fr\/wp-json\/wp\/v2\/posts\/649721\/revisions"}],"wp:featuredmedia":[{"embeddable":true,"href":"https:\/\/www.europesays.com\/fr\/wp-json\/wp\/v2\/media\/649722"}],"wp:attachment":[{"href":"https:\/\/www.europesays.com\/fr\/wp-json\/wp\/v2\/media?parent=649721"}],"wp:term":[{"taxonomy":"category","embeddable":true,"href":"https:\/\/www.europesays.com\/fr\/wp-json\/wp\/v2\/categories?post=649721"},{"taxonomy":"post_tag","embeddable":true,"href":"https:\/\/www.europesays.com\/fr\/wp-json\/wp\/v2\/tags?post=649721"}],"curies":[{"name":"wp","href":"https:\/\/api.w.org\/{rel}","templated":true}]}}