{"id":649731,"date":"2026-01-08T16:13:19","date_gmt":"2026-01-08T16:13:19","guid":{"rendered":"https:\/\/www.europesays.com\/fr\/649731\/"},"modified":"2026-01-08T16:13:19","modified_gmt":"2026-01-08T16:13:19","slug":"de-nouveaux-affrontements-entre-forces-gouvernementales-et-kurdes-temoignent-de-lechec-des-negociations","status":"publish","type":"post","link":"https:\/\/www.europesays.com\/fr\/649731\/","title":{"rendered":"de nouveaux affrontements entre forces gouvernementales et kurdes t\u00e9moignent de l\u2019\u00e9chec des n\u00e9gociations"},"content":{"rendered":"<p>                     <img loading=\"lazy\" decoding=\"async\" src=\"https:\/\/www.europesays.com\/fr\/wp-content\/uploads\/2026\/01\/68a1f14_ftp-1-lltvmiafd96b-2026-01-07t135110z-82372536-rc2bwia68x0s-rtrmadp-3-syria-security-aleppo..jpeg\" alt=\"Un groupe de civils fuit les nouveaux affrontements entre l\u2019arm\u00e9e syrienne et les Forces d\u00e9mocratiques syriennes, \u00e0 Alep (Syrie), le 7\u00a0janvier 2026. \"   width=\"664\" height=\"443\"\/>    Un groupe de civils fuit les nouveaux affrontements entre l\u2019arm\u00e9e syrienne et les Forces d\u00e9mocratiques syriennes, \u00e0 Alep (Syrie), le 7\u00a0janvier 2026.  KARAM ALMASRI\/REUTERS                 <\/p>\n<p class=\"article__paragraph  \">Alep, la grande m\u00e9tropole du nord de la Syrie, a \u00e9t\u00e9 rattrap\u00e9e par les souvenirs de la guerre civile. Encercl\u00e9s par les forces de s\u00e9curit\u00e9 syriennes, les quartiers \u00e0 majorit\u00e9 kurde d\u2019Achrafieh et de Cheikh-Maqsoud, dans le nord de la ville, sont soumis, depuis mercredi 7\u00a0janvier, \u00e0 d\u2019intenses bombardements. Apr\u00e8s des affrontements meurtriers depuis la veille, durant lesquels les combattants kurdes retranch\u00e9s ont d\u00e9ploy\u00e9 des tireurs embusqu\u00e9s et des drones pi\u00e9g\u00e9s, et vis\u00e9 les quartiers mitoyens avec des obus de mortier, les forces gouvernementales ont lanc\u00e9, mercredi apr\u00e8s-midi, une \u00ab\u00a0op\u00e9ration limit\u00e9e\u00a0\u00bb pour reprendre le contr\u00f4le des deux quartiers, d\u00e9clar\u00e9s \u00ab\u00a0zone militaire\u00a0\u00bb.<\/p>\n<p class=\"article__paragraph  \">\u00ab\u00a0Les bombardements se poursuivent, racontait par t\u00e9l\u00e9phone, jeudi matin, Mohammed Abdo, responsable du bureau des m\u00e9dias du conseil local d\u2019Achrafieh et de Cheikh-Maqsoud. Les habitants se r\u00e9fugient dans les sous-sols en raison de l\u2019intensit\u00e9 des bombardements aveugles. Ma famille est parmi eux. Les forces du gouvernement de transition utilisent diff\u00e9rents types d\u2019armes, notamment des chars, des roquettes et des drones.\u00a0Les bombardements ont d\u00e9truit les r\u00e9seaux d\u2019\u00e9lectricit\u00e9 et d\u2019eau, et coup\u00e9 l\u2019acc\u00e8s \u00e0 Internet.\u00a0\u00bb<\/p>\n<p class=\"reading-mode-only \"><strong>Il vous reste 85.13% de cet article \u00e0 lire. La suite est r\u00e9serv\u00e9e aux abonn\u00e9s.<\/strong><\/p>\n","protected":false},"excerpt":{"rendered":"Un groupe de civils fuit les nouveaux affrontements entre l\u2019arm\u00e9e syrienne et les Forces d\u00e9mocratiques syriennes, \u00e0 Alep&hellip;\n","protected":false},"author":2,"featured_media":649732,"comment_status":"","ping_status":"","sticky":false,"template":"","format":"standard","meta":{"footnotes":""},"categories":[5],"tags":[11,1011,27,14,12,28],"class_list":{"0":"post-649731","1":"post","2":"type-post","3":"status-publish","4":"format-standard","5":"has-post-thumbnail","7":"category-international","8":"tag-actualites","9":"tag-fr","10":"tag-france","11":"tag-international","12":"tag-news","13":"tag-world"},"share_on_mastodon":{"url":"https:\/\/pubeurope.com\/@fr\/115860367330889373","error":""},"_links":{"self":[{"href":"https:\/\/www.europesays.com\/fr\/wp-json\/wp\/v2\/posts\/649731","targetHints":{"allow":["GET"]}}],"collection":[{"href":"https:\/\/www.europesays.com\/fr\/wp-json\/wp\/v2\/posts"}],"about":[{"href":"https:\/\/www.europesays.com\/fr\/wp-json\/wp\/v2\/types\/post"}],"author":[{"embeddable":true,"href":"https:\/\/www.europesays.com\/fr\/wp-json\/wp\/v2\/users\/2"}],"replies":[{"embeddable":true,"href":"https:\/\/www.europesays.com\/fr\/wp-json\/wp\/v2\/comments?post=649731"}],"version-history":[{"count":0,"href":"https:\/\/www.europesays.com\/fr\/wp-json\/wp\/v2\/posts\/649731\/revisions"}],"wp:featuredmedia":[{"embeddable":true,"href":"https:\/\/www.europesays.com\/fr\/wp-json\/wp\/v2\/media\/649732"}],"wp:attachment":[{"href":"https:\/\/www.europesays.com\/fr\/wp-json\/wp\/v2\/media?parent=649731"}],"wp:term":[{"taxonomy":"category","embeddable":true,"href":"https:\/\/www.europesays.com\/fr\/wp-json\/wp\/v2\/categories?post=649731"},{"taxonomy":"post_tag","embeddable":true,"href":"https:\/\/www.europesays.com\/fr\/wp-json\/wp\/v2\/tags?post=649731"}],"curies":[{"name":"wp","href":"https:\/\/api.w.org\/{rel}","templated":true}]}}