{"id":649733,"date":"2026-01-08T16:14:12","date_gmt":"2026-01-08T16:14:12","guid":{"rendered":"https:\/\/www.europesays.com\/fr\/649733\/"},"modified":"2026-01-08T16:14:12","modified_gmt":"2026-01-08T16:14:12","slug":"les-dernieres-informations-et-reactions-apres-les-actions-a-paris","status":"publish","type":"post","link":"https:\/\/www.europesays.com\/fr\/649733\/","title":{"rendered":"les derni\u00e8res informations et\u00a0r\u00e9actions apr\u00e8s les actions \u00e0\u00a0Paris"},"content":{"rendered":"<p>   \ud83d\udcf7 Au d\u00e9p\u00f4t p\u00e9trolier de Bassens (Gironde), bloqu\u00e9 par les agriculteurs\u00a0:\u00a0\u00ab\u00a0L\u2019id\u00e9e, c\u2019est de rester\u00a0\u00bb             <\/p>\n<p class=\"post__live-container--answer-text post__space-node\">Dans la nuit de mercredi 7 au jeudi 8 janvier, des convois de la Coordination rurale (CR) des d\u00e9partements des Landes, Pyr\u00e9n\u00e9es Atlantique, Lot-et-Garonne et Gironde ont converg\u00e9 vers Bassens, pr\u00e8s de Bordeaux, pour bloquer le site de stockage p\u00e9trolier, malgr\u00e9 l\u2019interdiction des convois de tracteurs mis en place par le pr\u00e9fet de Nouvelle-Aquitaine, Etienne Guyot. Plusieurs ronds-points du site sont ferm\u00e9s \u00e0 la circulation, et des d\u00e9viations on \u00e9t\u00e9 mises en place.<\/p>\n<p>                 <img decoding=\"async\" class=\"post__live-container--img post__space-node\"  src=\"https:\/\/www.europesays.com\/fr\/wp-content\/uploads\/2026\/01\/60f56cc_ftp-1-5ptfmx4c48zc-5830573-01-06.jpg\" data- alt=\"Des agriculteurs bloquent l\u2019acc\u00e8s au d\u00e9p\u00f4t p\u00e9trolier \u00ab\u00a0Docks des p\u00e9troles d\u2019Amb\u00e8s\u00a0\u00bb sur un rond-point de Bassens (Gironde), lors d\u2019une manifestation organis\u00e9e par la Coordination Rurale (CR), le 8\u00a0janvier 2026.\"\/>   Des agriculteurs bloquent l\u2019acc\u00e8s au d\u00e9p\u00f4t p\u00e9trolier \u00ab\u00a0Docks des p\u00e9troles d\u2019Amb\u00e8s\u00a0\u00bb sur un rond-point de Bassens (Gironde), lors d\u2019une manifestation organis\u00e9e par la Coordination Rurale (CR), le 8\u00a0janvier 2026. CHRISTOPHE ARCHAMBAULT\/AFP               <\/p>\n<p class=\"post__live-container--answer-text post__space-node\">Depuis t\u00f4t ce jeudi matin, plus aucun camion citerne ne sort du d\u00e9p\u00f4t de Bassens, lequel assure une mission de prestataire de services logistiques pour le compte des diff\u00e9rents distributeurs de produits p\u00e9troliers. Il g\u00e8re la r\u00e9ception, le stockage et le chargement de carburants, biocarburants, additifs pour les stations services, les revendeurs et pour l\u2019aviation, pour un volume qui correspond \u00e0 5 % du volume consomm\u00e9 en France.<\/p>\n<p>                 <img decoding=\"async\" class=\"post__live-container--img post__space-node\"  src=\"https:\/\/www.europesays.com\/fr\/wp-content\/uploads\/2026\/01\/399a440_ftp-1-j0p7iwdeycxi-5830656-01-06.jpg\" data- alt=\"Farmers stand by boards depicting European Commission President Ursula von der Leyen as they block the access to the \" dock=\"\" des=\"\" petroles=\"\" d=\"\" oil=\"\" depot=\"\" after=\"\" farmers=\"\" blocked=\"\" its=\"\" access=\"\" during=\"\" a=\"\" demonstration=\"\" organised=\"\" by=\"\" the=\"\" french=\"\" agricultural=\"\" union=\"\" coordination=\"\" rurale=\"\" as=\"\" part=\"\" of=\"\" nationwide=\"\" day=\"\" protests=\"\" and=\"\" actions=\"\" called=\"\" several=\"\" unions=\"\" to=\"\" push=\"\" government=\"\" block=\"\" mercosur=\"\" trade=\"\" deal=\"\" protest=\"\" against=\"\" handling=\"\" nodular=\"\" dermatitis=\"\" epidemic=\"\" in=\"\" bassens=\"\" outside=\"\" bordeaux=\"\" south-western=\"\" france=\"\" on=\"\" january=\"\" christophe=\"\" archambault=\"\" afp=\"\"\/>   Farmers stand by boards depicting European Commission President Ursula von der Leyen as they block the access to the \u00ab\u00a0Dock des Petroles d&rsquo;Ambes\u00a0\u00bb oil depot after farmers blocked its access during a demonstration organised by the French agricultural union Coordination Rurale (CR) as part of a nationwide day of protests and actions called by several farmers unions to push the French government to block the Mercosur trade deal and protest against its handling of the nodular dermatitis (CND) epidemic, in Bassens outside Bordeaux, south-western France on January 8, 2026.  (Photo by Christophe ARCHAMBAULT \/ AFP) CHRISTOPHE ARCHAMBAULT\/AFP               <\/p>\n<p class=\"post__live-container--answer-text post__space-node\">Sur deux ronds-points strat\u00e9giques, des membres de la CR ont donc install\u00e9, ce jeudi matin, leur campement, pr\u00e9vu pour durer.\u00a0\u00ab\u00a0On est ici pour paralyser le trafic de carburant, ce qui, on l\u2019esp\u00e8re, va impacter l\u2019Etat au niveau financer et le faire r\u00e9agir\u00a0\u00bb\u00a0annonce d\u2019embl\u00e9e Fabrice Lagueyt, co-pr\u00e9sident de la CR33, et \u00e9leveur de bovins \u00e0 Saint-Laurent du M\u00e9doc (Gironde). Comme sur les autres points de blocage, les revendications portent sur le refus du protocole d\u2019abattage mis en place pour endiguer la dermatose nodulaire, et le trait\u00e9 de libre \u00e9change entre l\u2019Union europ\u00e9enne et le Mercosur, dont le vote par les Etats membres de l\u2019UE est imminent.<\/p>\n<p class=\"post__live-container--answer-text post__space-node\">\u00ab\u00a0L\u2019id\u00e9e, c\u2019est de rester\u00a0\u00bb\u00a0insiste M. Lagueyt. Des repr\u00e9sentants de la Coordination rurale de la r\u00e9gion doivent \u00eatre re\u00e7us dans l\u2019apr\u00e8s-midi par le pr\u00e9fet Guyot.\u00a0\u00ab\u00a0On va discuter une \u00e9ni\u00e8me fois autour d\u2019une table\u00a0\u00bb\u00a0soupire Fabrice Lagueyt, arguant que ce mouvement agricole est\u00a0\u00ab\u00a0pacifique\u00a0\u00bb, mais qu\u2019il est grand temps d\u2019\u00eatre entendu. D\u2019autres blocages sont en cours d\u2019organisation.<\/p>\n<p>                 <img decoding=\"async\" class=\"post__live-container--img post__space-node\"  src=\"https:\/\/www.europesays.com\/fr\/wp-content\/uploads\/2026\/01\/bda9584_ftp-1-lcseh4epwj9b-5830567-01-06.jpg\" data- alt=\"Devant le d\u00e9p\u00f4t p\u00e9trolier \u00ab\u00a0Docks des p\u00e9troles d\u2019Amb\u00e8s\u00a0\u00bb, \u00e0 Bassens (Gironde), le 8\u00a0janvier 2026.\"\/>   Devant le d\u00e9p\u00f4t p\u00e9trolier \u00ab\u00a0Docks des p\u00e9troles d\u2019Amb\u00e8s\u00a0\u00bb, \u00e0 Bassens (Gironde), le 8\u00a0janvier 2026. CHRISTOPHE ARCHAMBAULT\/AFP                 <img decoding=\"async\" class=\"post__live-container--img post__space-node\"  src=\"https:\/\/www.europesays.com\/fr\/wp-content\/uploads\/2026\/01\/0905cf8_ftp-1-718zc6h36pg0-5830497-01-06.jpg\" data- alt=\"Sur la route du d\u00e9p\u00f4t p\u00e9trolier \u00ab\u00a0Docks des p\u00e9troles d\u2019Amb\u00e8s\u00a0\u00bb, \u00e0 Bassens (Gironde), le 8\u00a0janvier 2026.\"\/>   Sur la route du d\u00e9p\u00f4t p\u00e9trolier \u00ab\u00a0Docks des p\u00e9troles d\u2019Amb\u00e8s\u00a0\u00bb, \u00e0 Bassens (Gironde), le 8\u00a0janvier 2026. CHRISTOPHE ARCHAMBAULT\/AFP         <\/p>\n","protected":false},"excerpt":{"rendered":"\ud83d\udcf7 Au d\u00e9p\u00f4t p\u00e9trolier de Bassens (Gironde), bloqu\u00e9 par les agriculteurs\u00a0:\u00a0\u00ab\u00a0L\u2019id\u00e9e, c\u2019est de rester\u00a0\u00bb Dans la nuit de&hellip;\n","protected":false},"author":2,"featured_media":649377,"comment_status":"","ping_status":"","sticky":false,"template":"","format":"standard","meta":{"footnotes":""},"categories":[4],"tags":[11,1011,27,12,25],"class_list":{"0":"post-649733","1":"post","2":"type-post","3":"status-publish","4":"format-standard","5":"has-post-thumbnail","7":"category-france","8":"tag-actualites","9":"tag-fr","10":"tag-france","11":"tag-news","12":"tag-republique-francaise"},"share_on_mastodon":{"url":"https:\/\/pubeurope.com\/@fr\/115860371334899560","error":""},"_links":{"self":[{"href":"https:\/\/www.europesays.com\/fr\/wp-json\/wp\/v2\/posts\/649733","targetHints":{"allow":["GET"]}}],"collection":[{"href":"https:\/\/www.europesays.com\/fr\/wp-json\/wp\/v2\/posts"}],"about":[{"href":"https:\/\/www.europesays.com\/fr\/wp-json\/wp\/v2\/types\/post"}],"author":[{"embeddable":true,"href":"https:\/\/www.europesays.com\/fr\/wp-json\/wp\/v2\/users\/2"}],"replies":[{"embeddable":true,"href":"https:\/\/www.europesays.com\/fr\/wp-json\/wp\/v2\/comments?post=649733"}],"version-history":[{"count":0,"href":"https:\/\/www.europesays.com\/fr\/wp-json\/wp\/v2\/posts\/649733\/revisions"}],"wp:featuredmedia":[{"embeddable":true,"href":"https:\/\/www.europesays.com\/fr\/wp-json\/wp\/v2\/media\/649377"}],"wp:attachment":[{"href":"https:\/\/www.europesays.com\/fr\/wp-json\/wp\/v2\/media?parent=649733"}],"wp:term":[{"taxonomy":"category","embeddable":true,"href":"https:\/\/www.europesays.com\/fr\/wp-json\/wp\/v2\/categories?post=649733"},{"taxonomy":"post_tag","embeddable":true,"href":"https:\/\/www.europesays.com\/fr\/wp-json\/wp\/v2\/tags?post=649733"}],"curies":[{"name":"wp","href":"https:\/\/api.w.org\/{rel}","templated":true}]}}