{"id":649734,"date":"2026-01-08T16:15:17","date_gmt":"2026-01-08T16:15:17","guid":{"rendered":"https:\/\/www.europesays.com\/fr\/649734\/"},"modified":"2026-01-08T16:15:17","modified_gmt":"2026-01-08T16:15:17","slug":"waze-engins-caches-comment-les-tracteurs-ont-dejoue-les-controles-de-police-pour-entrer-dans-paris","status":"publish","type":"post","link":"https:\/\/www.europesays.com\/fr\/649734\/","title":{"rendered":"Waze, engins \u00ab\u00a0cach\u00e9s\u00a0\u00bb&#8230; Comment les tracteurs ont d\u00e9jou\u00e9 les contr\u00f4les de police pour entrer dans Paris"},"content":{"rendered":"<p>\n  Malgr\u00e9 l&rsquo;interdiction et le d\u00e9ploiement des forces de l&rsquo;ordre autour de la capitale, les agriculteurs en col\u00e8re ont pu bloquer des axes routiers importants et des lieux symboliques.\n<\/p>\n<p>Objectif atteint. Et parfois \u00e0 leur plus grande surprise. <a href=\"https:\/\/www.franceinfo.fr\/economie\/crise\/blocus-des-agriculteurs\/dermatose-nodulaire\/crise-agricole-le-point-sur-la-mobilisation-region-par-region-des-agriculteurs-ce-jeudi_7727905.html\" target=\"_blank\" rel=\"noopener\">Les premiers convois d&rsquo;agriculteurs sont entr\u00e9s dans Paris<\/a> jeudi 8 janvier, peu avant 6h. Champs-\u00c9lys\u00e9es, tour Eiffel, une partie du p\u00e9riph\u00e9rique&#8230; Une centaine de tracteurs ont pu entrer dans Paris, malgr\u00e9 le d\u00e9ploiement des forces de l&rsquo;ordre autour de la capitale. Un arr\u00eat\u00e9 de la pr\u00e9fecture de police avait interdit l&rsquo;acc\u00e8s des tracteurs \u00e0 certaines zones sensibles de la capitale, notamment l&rsquo;Elys\u00e9e, Matignon, le Parlement, les minist\u00e8res de l&rsquo;Agriculture et de la Transition \u00e9cologique, ou le march\u00e9 de Rungis, entre autres.<\/p>\n<p>Les agriculteurs protestent contre la politique du gouvernement en mati\u00e8re de lutte contre la dermatose nodulaire contagieuse (DNC) et contre le projet d&rsquo;accord avec les pays du Mercosur. \u00ab\u00a0Actuellement, une centaine de tracteurs sont dans Paris, mais la plupart sont bloqu\u00e9s aux portes de la capitale\u00a0\u00bb, communique le minist\u00e8re de l&rsquo;Int\u00e9rieur, qui comptabilise \u00ab\u00a0une vingtaine de tracteurs dans Paris intra-muros\u00a0\u00bb. La Coordination rurale, elle, compte \u00ab\u00a0500 tracteurs sur l&rsquo;ensemble de Paris\u00a0\u00bb.<\/p>\n<p>\u00ab\u00a0Je regrette cette situation car nous sortons de trois journ\u00e9es particuli\u00e8rement compliqu\u00e9es en mati\u00e8re de mobilit\u00e9 et de d\u00e9placements dans la France enti\u00e8re, mais particuli\u00e8rement en Ile-de-France\u00a0\u00bb, explique ainsi le ministre des Transports Philippe Tabarot sur France 2.<\/p>\n<p>Pourtant, ils l&rsquo;avaient annonc\u00e9, malgr\u00e9 les avertissements des autorit\u00e9s, comme Annie Genevard, ministre de l&rsquo;Agriculture : \u00ab\u00a0Oui\u00a0\u00bb, l&rsquo;objectif \u00e9tait bien de bloquer Paris, confiait ainsi sur franceinfo Fran\u00e7ois Walraet, secr\u00e9taire g\u00e9n\u00e9ral de la Coordination Rurale.<\/p>\n<p>Ces convois d&rsquo;agriculteurs, \u00e0 l&rsquo;appel du syndicat Coordination rurale, ont contourn\u00e9 et forc\u00e9 \u00ab\u00a0parfois en prenant des risques totalement inconsid\u00e9r\u00e9s\u00a0\u00bb les barrages mis en place dans la grande couronne et la petite couronne de Paris, r\u00e9torque de son c\u00f4t\u00e9 le minist\u00e8re de l&rsquo;Int\u00e9rieur. Mais les agriculteurs de la Coordination rurale de Gironde et de l&rsquo;Essonne l&rsquo;assurent : ils sont arriv\u00e9s au c\u0153ur de Paris sans forcer aucun barrage. Et pour cause, les manifestants ont jou\u00e9 au chat et \u00e0 la souris avec les forces de l&rsquo;ordre&#8230; et utilis\u00e9 un outil bien connu des automobilistes : l&rsquo;application GPS de navigation Waze.<\/p>\n<p>\u00ab\u00a0C&rsquo;est un super copilote, Waze !, raconte Ludovic Ducloux, copr\u00e9sident de la CR33, contact\u00e9 par franceinfo. On avait tous les barrages de gendarmes indiqu\u00e9s, donc on les a tous contourn\u00e9s, on est parti en petits groupes. L&rsquo;application nous a indiqu\u00e9 de passer par la Porte de Gentilly sur le p\u00e9riph\u00e9rique, et de l\u00e0, il n&rsquo;y avait pas de gendarme. Et alors, on s&rsquo;est dit : on va \u00e0 la Tour Eiffel. Et c&rsquo;est pass\u00e9 !\u00a0\u00bb.<\/p>\n<p>Le petit groupe avait toutefois pr\u00e9vu son coup : le convoi \u00e9tait parti \u00e0 deux heures du matin depuis une ferme de la r\u00e9gion parisienne, en Essonne, o\u00f9 ils avaient \u00ab\u00a0cach\u00e9 les tracteurs dans un b\u00e2timent ferm\u00e9 \u00e0 cl\u00e9\u00a0\u00bb, confient-ils. \u00ab\u00a0M\u00eame un h\u00e9licopt\u00e8re ne pouvait pas voir les tracteurs\u00a0\u00bb, glisse l&rsquo;un des manifestants.<\/p>\n<p>T\u00f4t ce matin, ils attendaient encore l&rsquo;arriv\u00e9e de renforts, mais \u00ab\u00a0dans une ambiance calme\u00a0\u00bb face aux gendarmes et CRS pr\u00e9sents, promet Ludovic Ducloux. \u00ab\u00a0On est calmes, d\u00e9tendus&#8230; On n&rsquo;est pas l\u00e0 pour casser, on le r\u00e9p\u00e8te encore une fois de plus, notre pr\u00e9sident national l&rsquo;a dit : c&rsquo;est un rassemblement pacifique, mais qui n&rsquo;a pas \u00e9t\u00e9 autoris\u00e9. Et nous y arrivons quand m\u00eame\u00a0\u00bb.<\/p>\n<p>Ces renforts sont en r\u00e9alit\u00e9 arriv\u00e9s de toute part pour rejoindre diff\u00e9rents lieux de la capitale.\u00a0\u00ab\u00a0Ca s&rsquo;est tr\u00e8s bien pass\u00e9. On a pris les bons chemins\u00a0\u00bb, confirme un autre agriculteur, membre lui de la CR 27, positionn\u00e9 sur l&rsquo;Arc de Triomphe, encore un peu surpris d&rsquo;avoir ralli\u00e9 aussi facilement le haut-lieu touristique vers 3h30.<\/p>\n<p>Idem, sous la tour Eiffel pour ce viticulteur du Bordelais qui assure n&rsquo;avoir \u00ab\u00a0pas forc\u00e9 de barrage\u00a0\u00bb policier. \u00ab\u00a0C&rsquo;est pass\u00e9 sans avoir d&rsquo;encombre\u00a0\u00bb, se f\u00e9licite-t-il, expliquant n&rsquo;avoir \u00ab\u00a0pas trouv\u00e9 de gendarme sur (sa) route\u00a0\u00bb. Et de glisser : \u00ab\u00a0On avait dit qu&rsquo;on monterait \u00e0 Paris. On n&rsquo;avait jamais r\u00e9ussi ! Maintenant on va voir s&rsquo;il y en a qui sont pr\u00eats \u00e0 nous recevoir\u00a0\u00bb.\u00a0<\/p>\n<p>Au total, d&rsquo;apr\u00e8s Bertrand Venteau, pr\u00e9sident du deuxi\u00e8me syndicat agricole fran\u00e7ais, une centaine de tracteurs sont entr\u00e9s dans Paris, \u00ab\u00a0un exploit\u00a0\u00bb.\u00a0<\/p>\n<p>\u00ab\u00a0Le gouvernement a toujours \u00e9t\u00e9 dans le dialogue avec les agriculteurs\u00a0\u00bb, mais \u00ab\u00a0la situation depuis cette nuit, depuis ce matin, n&rsquo;est pas acceptable\u00a0\u00bb, a estim\u00e9 sur franceinfo Maud Bregeon, porte-parole du gouvernement. \u00ab\u00a0<a href=\"https:\/\/www.franceinfo.fr\/economie\/crise\/blocus-des-agriculteurs\/agriculteurs-dans-paris-tout-ca-est-illegal-nous-ne-laissons-pas-faire-et-nous-ne-laisserons-pas-faire-previent-la-porte-parole-du-gouvernement_7728019.html\" target=\"_blank\" rel=\"noopener\">Je n&rsquo;ai qu&rsquo;une chose \u00e0 dire : tout \u00e7a est ill\u00e9gal.<\/a> Nous ne laissons pas faire et nous ne laisserons pas faire\u00a0\u00bb, pr\u00e9vient-elle.<\/p>\n","protected":false},"excerpt":{"rendered":"Malgr\u00e9 l&rsquo;interdiction et le d\u00e9ploiement des forces de l&rsquo;ordre autour de la capitale, les agriculteurs en col\u00e8re ont&hellip;\n","protected":false},"author":2,"featured_media":649735,"comment_status":"","ping_status":"","sticky":false,"template":"","format":"standard","meta":{"footnotes":""},"categories":[2],"tags":[11,1011,27,12],"class_list":{"0":"post-649734","1":"post","2":"type-post","3":"status-publish","4":"format-standard","5":"has-post-thumbnail","7":"category-actualites","8":"tag-actualites","9":"tag-fr","10":"tag-france","11":"tag-news"},"share_on_mastodon":{"url":"https:\/\/pubeurope.com\/@fr\/115860375070212296","error":""},"_links":{"self":[{"href":"https:\/\/www.europesays.com\/fr\/wp-json\/wp\/v2\/posts\/649734","targetHints":{"allow":["GET"]}}],"collection":[{"href":"https:\/\/www.europesays.com\/fr\/wp-json\/wp\/v2\/posts"}],"about":[{"href":"https:\/\/www.europesays.com\/fr\/wp-json\/wp\/v2\/types\/post"}],"author":[{"embeddable":true,"href":"https:\/\/www.europesays.com\/fr\/wp-json\/wp\/v2\/users\/2"}],"replies":[{"embeddable":true,"href":"https:\/\/www.europesays.com\/fr\/wp-json\/wp\/v2\/comments?post=649734"}],"version-history":[{"count":0,"href":"https:\/\/www.europesays.com\/fr\/wp-json\/wp\/v2\/posts\/649734\/revisions"}],"wp:featuredmedia":[{"embeddable":true,"href":"https:\/\/www.europesays.com\/fr\/wp-json\/wp\/v2\/media\/649735"}],"wp:attachment":[{"href":"https:\/\/www.europesays.com\/fr\/wp-json\/wp\/v2\/media?parent=649734"}],"wp:term":[{"taxonomy":"category","embeddable":true,"href":"https:\/\/www.europesays.com\/fr\/wp-json\/wp\/v2\/categories?post=649734"},{"taxonomy":"post_tag","embeddable":true,"href":"https:\/\/www.europesays.com\/fr\/wp-json\/wp\/v2\/tags?post=649734"}],"curies":[{"name":"wp","href":"https:\/\/api.w.org\/{rel}","templated":true}]}}