{"id":649742,"date":"2026-01-08T16:20:38","date_gmt":"2026-01-08T16:20:38","guid":{"rendered":"https:\/\/www.europesays.com\/fr\/649742\/"},"modified":"2026-01-08T16:20:38","modified_gmt":"2026-01-08T16:20:38","slug":"16-clubs-7-pays-et-215-jeunes-talents-bientot-reunis-a-nancy","status":"publish","type":"post","link":"https:\/\/www.europesays.com\/fr\/649742\/","title":{"rendered":"16 clubs, 7 pays et 215 jeunes talents bient\u00f4t r\u00e9unis \u00e0 Nancy"},"content":{"rendered":"<p>        <strong>La Stany Cup U12, tournoi international de futsal, s\u2019installe \u00e0 Nancy les 24 et 25 janvier 2026 au Palais des Sports Jean-Weille, avec 16 clubs professionnels issus de 7 pays et jusqu&rsquo;\u00e0 215 jeunes joueurs attendus.\u00a0Parmi les \u00e9quipes engag\u00e9es, des r\u00e9f\u00e9rences de la formation europ\u00e9enne comme AFC Ajax, Inter Milan, FC Porto, Bayer Leverkusen, Newcastle United ou encore Feyenoord Rotterdam promettent un plateau d\u2019exception.<\/strong><\/p>\n<p>\u00a0<\/p>\n<p>Un tournoi de futsal in\u00e9dit pour les moins de 12 ans, r\u00e9unissant l\u2019\u00e9lite europ\u00e9enne du football, se tiendra \u00e0 Nancy les 24 et 25 janvier 2026. La Stany Cup U12, organis\u00e9e au Palais des Sports Jean-Weille \u00e0 Gentilly, accueillera 16 clubs professionnels issus de 7 pays, ainsi que quatre clubs amateurs partenaires, pour un plateau de 215 jeunes joueurs et jusqu\u2019\u00e0 1 500 spectateurs attendus par jour.<\/p>\n<p>\u00ab On peut dire que c\u2019est in\u00e9dit. Il existait des tournois avec quelques clubs pros, mais jamais \u00e0 cette dimension internationale en salle avec 16 clubs venus de toute l\u2019Europe \u00bb, souligne Maxime M\u00e9line, co-initiateur du projet, \u00e9ducateur \u00e0 l&rsquo;ASNL.<\/p>\n<p>L\u2019\u00e9v\u00e9nement trouve son origine dans un tournoi arriv\u00e9 \u00ab \u00e0 ses limites logistiques, organisationnelles et financi\u00e8res \u00bb \u00e0 Folschviller (Moselle). \u00ab On s\u2019est dit : pourquoi ne pas cr\u00e9er notre propre \u00e9v\u00e9nement \u00e0 Nancy ? Au d\u00e9part, il devait \u00eatre d\u00e9localis\u00e9, puis au vu de l\u2019ampleur, on a d\u00e9cid\u00e9 de cr\u00e9er la Stany Cup en nous rapprochant du club amateur AM.S Haut-du-Li\u00e8vre\u00a0\u00bb, retrace Maxime M\u00e9line.<\/p>\n<p><strong>Logistique lourde, ambition europ\u00e9enne<\/strong><\/p>\n<p>Les clubs professionnels invit\u00e9s sont enti\u00e8rement pris en charge par l\u2019organisation : transport a\u00e9rien ou ferroviaire, transferts vers les h\u00f4tels ou les familles d\u2019accueil, restauration et h\u00e9bergement. \u00ab C\u2019est une grosse logistique pour 16 clubs professionnels \u00bb, admet Maxime.<\/p>\n<p>Parmi les t\u00eates d\u2019affiche annonc\u00e9es figurent l\u2019Inter, AFC Ajax, Newcastle United, RSC Anderlecht, Newcastle, FC Porto, VfB Stuttgart, Feyenoord Rotterdam et Bayer Leverkusen. C\u00f4t\u00e9 fran\u00e7ais, plusieurs centres de formation seront repr\u00e9sent\u00e9s, notamment Lyon, , PSG, Marseille, Strasbourg, Nantes, Toulouse et Anderlecht (Belgique).<br \/>Le Haut-du-Li\u00e8vre, club co-organisateur, alignera \u00e9galement une \u00e9quipe, aux c\u00f4t\u00e9s de clubs luxembourgeois et parisiens partenaires : Racing Union L\u00ebtzebuerg, FC Lorentzweiler et Saint-Brice F.C, invit\u00e9s via les qualifications.<\/p>\n<p>\u00ab Le niveau sera \u00e9litiste, avec les meilleurs joueurs fran\u00e7ais et europ\u00e9ens de leur g\u00e9n\u00e9ration \u00bb, promet le co-organisateur. \u00ab Mais au-del\u00e0 de la comp\u00e9tition, nous voulons transmettre des valeurs de fair-play, de plaisir, de pluralisme culturel et montrer qu\u2019en travaillant, on peut atteindre de belles choses\u00a0\u00bb.\u00a0<\/p>\n<p>Le tournoi s\u2019organisera en 4 poules de 5 \u00e9quipes, compos\u00e9es chacune de 2 clubs internationaux, 2 clubs professionnels fran\u00e7ais et 1 club amateur partenaire. Trois \u00e9quipes par poule seront qualifi\u00e9es d\u00e8s le samedi. Un syst\u00e8me de play-offs permettra \u00e0 une \u00e9quipe \u00e9limin\u00e9e de r\u00e9int\u00e9grer la phase finale le dimanche. \u00ab On veut montrer qu\u2019on a toujours sa chance, m\u00eame apr\u00e8s une journ\u00e9e manqu\u00e9e \u00bb, explique Maxime M\u00e9line.<\/p>\n<p>L\u2019acc\u00e8s aux matchs sera payant \u00e0 5 euros pour les adultes\/enfants, billet valable pour les deux jours, avec entr\u00e9es illimit\u00e9es. L\u2019acc\u00e8s sera gratuit pour les licenci\u00e9s jeunes et adultes de l\u2019AS Nancy-Lorraine et de l\u2019AM.S Haut-du-Li\u00e8vre. La billetterie est disponible en ligne sur le site<a href=\"https:\/\/www.helloasso.com\/associations\/amicale-sportive-haut-du-lievre-football\/evenements\/stany-cup-u12\" target=\"_blank\" rel=\"noopener\"> HelloAsso<\/a> et sur place, via un partenaire officiel.<\/p>\n<p><strong>Une \u00e9quipe resserr\u00e9e derri\u00e8re le projet et un footballeur international comme parrain\u00a0<\/strong><\/p>\n<p>La Stany Cup pilot\u00e9e par \u00ab trois comp\u00e8res \u00bb : Maxime M\u00e9line, Fouad El Abbassi, pr\u00e9sident de l\u2019AM. S Haut-du-Li\u00e8vre, et Nabil Tighzoui, responsable du p\u00f4le jeunes de l\u2019AS Nancy-Lorraine, s\u2019est aussi offert un parrain de prestige, Neil El Aynaoui. Cet enfant de l\u2019AS Nancy-Lorraine et originaire de la ville de Nancy devenu international marocain et joueur de l\u2019AS Roma, incarne un symbole fort pour le tournoi. Si sa pr\u00e9sence \u00e0 Nancy les 24 ou 25 janvier reste incertaine, entre finale de la CAN (18 janvier) et match de championnat avec son club, il demeure pleinement engag\u00e9 comme parrain, avec \u00ab un soutien op\u00e9rationnel et m\u00e9diatique\u00a0\u00bb pr\u00e9vu autour de l\u2019\u00e9v\u00e9nement se r\u00e9jouissent les organisateurs.\u00a0<\/p>\n<p>Le projet b\u00e9n\u00e9ficie du soutien financier d\u00e9terminant de la M\u00e9tropole du Grand Nancy et de la Ville de Nancy, tandis que des partenaires priv\u00e9s ont rejoint l\u2019aventure. \u00ab Ce qu\u2019on a r\u00e9ussi \u00e0 faire en termes de clubs, c\u2019est exceptionnel. L\u2019an prochain, l\u2019objectif sera de construire encore plus grand, pour que le tournoi devienne une marque de r\u00e9f\u00e9rence U12 en Europe en salle, sur le long terme \u00bb, conclut Maxime M\u00e9line.<\/p>\n<p>La Stany Cup les 24 et 25 janvier 2026 au Palais des Sports Jean-Weille, 3 Rue Capitaine Guynemer, 54100 Nancy<\/p>\n<p>\t\t\t\t\t\t<a href=\"https:\/\/www.pinterest.com\/pin\/create\/button\/\" data-pin-do=\"buttonBookmark\" data-pin-color=\"red\" target=\"_blank\" rel=\"noopener\"><img decoding=\"async\" src=\"https:\/\/www.europesays.com\/fr\/wp-content\/uploads\/2025\/04\/pinit_fg_en_rect_red_20.png\" alt=\"Pin It\"\/><\/a><\/p>\n","protected":false},"excerpt":{"rendered":"La Stany Cup U12, tournoi international de futsal, s\u2019installe \u00e0 Nancy les 24 et 25 janvier 2026 au&hellip;\n","protected":false},"author":2,"featured_media":649743,"comment_status":"","ping_status":"","sticky":false,"template":"","format":"standard","meta":{"footnotes":""},"categories":[9635],"tags":[1111,11,1777,674,1011,27,775,1702,12,25],"class_list":{"0":"post-649742","1":"post","2":"type-post","3":"status-publish","4":"format-standard","5":"has-post-thumbnail","7":"category-nancy","8":"tag-actu","9":"tag-actualites","10":"tag-eu","11":"tag-europe","12":"tag-fr","13":"tag-france","14":"tag-grand-est","15":"tag-nancy","16":"tag-news","17":"tag-republique-francaise"},"share_on_mastodon":{"url":"https:\/\/pubeurope.com\/@fr\/115860394829465691","error":""},"_links":{"self":[{"href":"https:\/\/www.europesays.com\/fr\/wp-json\/wp\/v2\/posts\/649742","targetHints":{"allow":["GET"]}}],"collection":[{"href":"https:\/\/www.europesays.com\/fr\/wp-json\/wp\/v2\/posts"}],"about":[{"href":"https:\/\/www.europesays.com\/fr\/wp-json\/wp\/v2\/types\/post"}],"author":[{"embeddable":true,"href":"https:\/\/www.europesays.com\/fr\/wp-json\/wp\/v2\/users\/2"}],"replies":[{"embeddable":true,"href":"https:\/\/www.europesays.com\/fr\/wp-json\/wp\/v2\/comments?post=649742"}],"version-history":[{"count":0,"href":"https:\/\/www.europesays.com\/fr\/wp-json\/wp\/v2\/posts\/649742\/revisions"}],"wp:featuredmedia":[{"embeddable":true,"href":"https:\/\/www.europesays.com\/fr\/wp-json\/wp\/v2\/media\/649743"}],"wp:attachment":[{"href":"https:\/\/www.europesays.com\/fr\/wp-json\/wp\/v2\/media?parent=649742"}],"wp:term":[{"taxonomy":"category","embeddable":true,"href":"https:\/\/www.europesays.com\/fr\/wp-json\/wp\/v2\/categories?post=649742"},{"taxonomy":"post_tag","embeddable":true,"href":"https:\/\/www.europesays.com\/fr\/wp-json\/wp\/v2\/tags?post=649742"}],"curies":[{"name":"wp","href":"https:\/\/api.w.org\/{rel}","templated":true}]}}