{"id":649744,"date":"2026-01-08T16:21:21","date_gmt":"2026-01-08T16:21:21","guid":{"rendered":"https:\/\/www.europesays.com\/fr\/649744\/"},"modified":"2026-01-08T16:21:21","modified_gmt":"2026-01-08T16:21:21","slug":"le-terrier-nouveau-repaire-de-creation-artistique-a-la-seyne","status":"publish","type":"post","link":"https:\/\/www.europesays.com\/fr\/649744\/","title":{"rendered":"Le Terrier, nouveau repaire de cr\u00e9ation artistique \u00e0 La Seyne"},"content":{"rendered":"<p class=\"fs-5 \">La transformation est remarquable. Dot\u00e9 d\u2019un nouvel espace d\u2019accueil, d\u2019une devanture repens\u00e9e et d\u2019une nouvelle entr\u00e9e (rue Kl\u00e9ber), le caf\u00e9-th\u00e9\u00e2tre du centre-ville a fait peau neuve sous l\u2019impulsion d\u2019une \u00e9quipe men\u00e9e par Benjamin Lull, com\u00e9dien, prof de th\u00e9\u00e2tre, metteur en sc\u00e8ne et directeur artistique du lieu. \u00ab En quelques mois, explique-t-il, le collectif du Terrier s\u2019est appropri\u00e9 ce lieu b\u00e2ti sur les fondations de la 7e Vague. On met d\u00e9sormais tout en \u0153uvre pour habiter et faire vivre l\u2019espace mis \u00e0 disposition par la mairie qui a fait un bel investissement en faveur du c\u00f4t\u00e9 social et culturel du centre-ville \u00bb.<\/p>\n<p class=\"fs-5 \">Le collectif du Terrier, ce sont douze personnes (huit artistes sc\u00e9niques, un graphiste et trois membres du bureau) qui assurent la programmation, l\u2019entretien de la salle et l\u2019accueil du public, ainsi que la cr\u00e9ation de spectacles (th\u00e9\u00e2tre, musique, chant, clown, marionnettes\u2026).<\/p>\n<p>                                                                                La r\u00e9novation : un travail d\u2019\u00e9quipe<\/p>\n<p class=\"fs-5 \">Pour en arriver l\u00e0, il aura donc fallu passer par une phase importante de travaux. La r\u00e9novation du lieu, r\u00e9alis\u00e9e de fin juillet \u00e0 fin novembre, a \u00e9t\u00e9 \u00ab un travail d\u2019\u00e9quipe \u00bb entre la mairie et le collectif. \u00ab La Ville a financ\u00e9 (pour environ 140 000 euros) la r\u00e9habilitation du local adjacent qui a permis l\u2019extension, et nous, d\u00e9taille Benjamin Lull, on s\u2019est charg\u00e9 de la cr\u00e9ation du bar et de l\u2019espace d\u2019accueil, de la peinture des murs et du plafond de la salle de spectacle, ainsi que de la fabrication d\u2019un meuble \u00bb.<\/p>\n<p class=\"fs-5 \">Durant plus de quatre mois, les b\u00e9n\u00e9voles n\u2019ont pas m\u00e9nag\u00e9 leurs efforts. \u00ab Chacun est all\u00e9 au-del\u00e0 de ses comp\u00e9tences. Entre autres, Nemo Brundu, com\u00e9dien, s\u2019est lanc\u00e9 dans la comptabilit\u00e9 ; le r\u00e9gisseur, Anthony Dino, s\u2019est beaucoup impliqu\u00e9 dans les travaux, tout comme Marie Caron qui a fait toute la charte graphique de la salle et a cr\u00e9\u00e9 le site Internet \u00bb.<\/p>\n<p class=\"fs-5 \">Le collectif a aussi pu compter sur des renforts : \u00ab Mon p\u00e8re, mon grand-p\u00e8re (qui a fait toute la partie menuiserie) et des voisins ont mis la main \u00e0 la p\u00e2te \u00bb, poursuit Benjamin qui n\u2019a pas pris de cong\u00e9s durant l\u2019\u00e9t\u00e9 pour \u00eatre pr\u00e9sent au quotidien, diriger l\u2019\u00e9quipe et l\u2019avancement du chantier.<\/p>\n<p>                                                                                Un r\u00e9sultat appr\u00e9ci\u00e9<\/p>\n<p class=\"fs-5 \">Le r\u00e9sultat est donc bluffant. Et il ne passe pas inaper\u00e7u. \u00ab Plus qu\u2019une curiosit\u00e9, le lieu suscite un v\u00e9ritable int\u00e9r\u00eat : les gens s\u2019arr\u00eatent, tapent \u00e0 la vitre, viennent discuter avec nous \u00bb. Les spectateurs venus assister aux cinq spectacles donn\u00e9s depuis d\u00e9cembre, ont aussi salu\u00e9 l\u2019\u00e9volution. \u00ab Les gens sont tr\u00e8s contents de d\u00e9couvrir l\u2019espace ; ils disent que c\u2019est une bonne chose d\u2019avoir dissoci\u00e9 l\u2019accueil et la salle de spectacle, ils trouvent que c\u2019est plus grand, plus a\u00e9r\u00e9, plus chaleureux. Ils appr\u00e9cient la devanture et le nouvel acc\u00e8s, plus facile, plus agr\u00e9able et plus s\u00e9curis\u00e9 \u00bb.<\/p>\n<p class=\"fs-5 \">Le collectif s\u2019engage d\u2019ailleurs \u00e0 s\u2019impliquer dans la vie du quartier : \u00ab On encourage les spectateurs \u00e0 d\u00eener dans les restaurants de la place Perrin ou \u00e0 y acheter \u00e0 emporter pour manger dans la salle \u00bb, ajoute Benjamin<\/p>\n<p class=\"fs-5 \">Surtout, conclut-il, les b\u00e9n\u00e9voles ont \u00e0 c\u0153ur de relever le d\u00e9fi qu\u2019ils se sont lanc\u00e9 : \u00ab L\u2019\u00e9quipe s\u2019investit pour partager du plaisir et de la culture. On veut montrer aux fondateurs du lieu que la rel\u00e8ve est assur\u00e9e. Et on esp\u00e8re tenir aussi longtemps qu\u2019eux ; on assume leur h\u00e9ritage, on s\u2019inscrit dans l\u2019ADN artistique du lieu voulu comme un th\u00e9\u00e2tre-laboratoire, m\u00eame si on est une bande de jeunes (le plus vieux a 32 ans) et qu\u2019on a encore bien des choses \u00e0 prouver ! \u00bb<\/p>\n<p>                                                                                Les rendez-vous<\/p>\n<p class=\"fs-5 \">Vendredi et samedi (\u00e0 20 h 30), sera pr\u00e9sent\u00e9e la premi\u00e8re cr\u00e9ation du Terrier. \u00c0 savoir la pi\u00e8ce Sacco et Vanzetti, qui relate l\u2019histoire de ces deux immigr\u00e9s italiens aux \u00c9tats-Unis qui, dans les ann\u00e9es 1920, ont \u00e9t\u00e9 accus\u00e9s d\u2019\u00eatre des terroristes anarchistes, condamn\u00e9s \u00e0 mort pour des crimes qu\u2019ils n\u2019ont pas commis.<\/p>\n<p class=\"fs-5 \">\u00ab La pi\u00e8ce, \u00e9crite par Alain Guyard, est jou\u00e9e par deux com\u00e9diens amateurs toulonnais, Patrick Renavot et Franck Suchet, membres du bureau du Terrier, pr\u00e9cise Benjamin Lull, qui assure la mise en sc\u00e8ne. Le spectacle repr\u00e9sente un an de travail, incluant la fabrication des marionnettes qui animent certaines sc\u00e8nes. Ces marionnettes (cr\u00e9\u00e9es par St\u00e9phane Bault, Pascale Andr\u00e9 et moi) apportent de l\u2019inattendu, du mouvement et une distance dans une pi\u00e8ce rude o\u00f9 il est question de condamnation \u00e0 mort, de racisme et d\u2019in\u00e9galit\u00e9s sociales \u00bb.<\/p>\n<p>                                                                                Des spectacles tous les week-ends<\/p>\n<p class=\"fs-5 \">\u00ab J\u2019ai apport\u00e9 un peu d\u2019humour et de cynisme au texte pour sortir de la cellule des deux prisonniers et plonger dans l\u2019imaginaire. Le th\u00e8me, ajoute Benjamin, est malheureusement proche de ce qu\u2019on peut voir depuis quelques ann\u00e9es en France et ailleurs. Cette histoire v\u00e9hicule plein de messages, notamment l\u2019utilisation du racisme \u00e0 des fins politiques \u00bb.<\/p>\n<p class=\"fs-5 \">Chaque fin de semaine, d\u2019autres spectacles vont \u00eatre propos\u00e9s : des sc\u00e8nes ouvertes pour des musiciens et des clowns, des cabarets d\u2019impro, des courts-m\u00e9trages, des shows Drag-Queen\/King (\u00ab pour faire d\u00e9couvrir ce genre artistique qui casse les codes \u00bb), des lectures de pi\u00e8ces ainsi que du th\u00e9\u00e2tre bien s\u00fbr. Certaines soir\u00e9es sont gratuites, les autres sont \u00e0 10 euros (gratuit pour les moins de 15 ans). Les r\u00e9servations sont fortement recommand\u00e9es pour des questions d\u2019organisation (sur le site Internet ou par t\u00e9l\u00e9phone : 09.87.43.91.02.<\/p>\n<p class=\"fs-5 \">Le programme est \u00e0 retrouver sur le site https:\/\/leterrier.assoconnect.com\/<\/p>\n","protected":false},"excerpt":{"rendered":"La transformation est remarquable. Dot\u00e9 d\u2019un nouvel espace d\u2019accueil, d\u2019une devanture repens\u00e9e et d\u2019une nouvelle entr\u00e9e (rue Kl\u00e9ber),&hellip;\n","protected":false},"author":2,"featured_media":649745,"comment_status":"","ping_status":"","sticky":false,"template":"","format":"standard","meta":{"footnotes":""},"categories":[9619],"tags":[1111,11,1777,674,1011,27,12,882,25,2310],"class_list":{"0":"post-649744","1":"post","2":"type-post","3":"status-publish","4":"format-standard","5":"has-post-thumbnail","7":"category-toulon","8":"tag-actu","9":"tag-actualites","10":"tag-eu","11":"tag-europe","12":"tag-fr","13":"tag-france","14":"tag-news","15":"tag-provence-alpes-cote-dazur","16":"tag-republique-francaise","17":"tag-toulon"},"share_on_mastodon":{"url":"https:\/\/pubeurope.com\/@fr\/115860398629944526","error":""},"_links":{"self":[{"href":"https:\/\/www.europesays.com\/fr\/wp-json\/wp\/v2\/posts\/649744","targetHints":{"allow":["GET"]}}],"collection":[{"href":"https:\/\/www.europesays.com\/fr\/wp-json\/wp\/v2\/posts"}],"about":[{"href":"https:\/\/www.europesays.com\/fr\/wp-json\/wp\/v2\/types\/post"}],"author":[{"embeddable":true,"href":"https:\/\/www.europesays.com\/fr\/wp-json\/wp\/v2\/users\/2"}],"replies":[{"embeddable":true,"href":"https:\/\/www.europesays.com\/fr\/wp-json\/wp\/v2\/comments?post=649744"}],"version-history":[{"count":0,"href":"https:\/\/www.europesays.com\/fr\/wp-json\/wp\/v2\/posts\/649744\/revisions"}],"wp:featuredmedia":[{"embeddable":true,"href":"https:\/\/www.europesays.com\/fr\/wp-json\/wp\/v2\/media\/649745"}],"wp:attachment":[{"href":"https:\/\/www.europesays.com\/fr\/wp-json\/wp\/v2\/media?parent=649744"}],"wp:term":[{"taxonomy":"category","embeddable":true,"href":"https:\/\/www.europesays.com\/fr\/wp-json\/wp\/v2\/categories?post=649744"},{"taxonomy":"post_tag","embeddable":true,"href":"https:\/\/www.europesays.com\/fr\/wp-json\/wp\/v2\/tags?post=649744"}],"curies":[{"name":"wp","href":"https:\/\/api.w.org\/{rel}","templated":true}]}}